{"id":5921,"date":"2020-11-04T18:26:21","date_gmt":"2020-11-04T15:26:21","guid":{"rendered":"http:\/\/mersinekonomipolitikagazetesi.com\/?p=5921"},"modified":"2020-11-04T18:26:21","modified_gmt":"2020-11-04T15:26:21","slug":"hirsizlik-suphelisi-kadin-pes-dedirtti-geri-gelip-buranin-anasini-aglatacagim","status":"publish","type":"post","link":"https:\/\/mersinekonomipolitikagazetesi.com\/?p=5921","title":{"rendered":"H\u0131rs\u0131zl\u0131k \u015f\u00fcphelisi kad\u0131n pes dedirtti: &#8220;Geri gelip buran\u0131n anas\u0131n\u0131 a\u011flataca\u011f\u0131m&#8221;"},"content":{"rendered":"<div><span style=\"font-size: 12px;\">Mersin\u2019de evlerden h\u0131rs\u0131zl\u0131k yapt\u0131klar\u0131 iddias\u0131yla g\u00f6zalt\u0131na al\u0131nan 1\u2019i \u00e7ocuk, 3\u2019\u00fc kad\u0131n 6 ki\u015fi, \u00e7\u0131kar\u0131ld\u0131klar\u0131 mahkemece tutukland\u0131. Kad\u0131nlar\u0131n binalara giri\u015f ve olaylardan sonra gidip yemek yemeleri g\u00fcvenlik kameralar\u0131 taraf\u0131ndan g\u00f6r\u00fcnt\u00fclendi. Emniyet \u00e7\u0131k\u0131\u015f\u0131 gazetecilerin sorular\u0131na bir kad\u0131n k\u00fcf\u00fcr ederek cevap verirken, di\u011fer kad\u0131n ise &#8220;Yine gelece\u011fiz buraya, merak etmeyin. Buran\u0131n anas\u0131n\u0131 a\u011flataca\u011f\u0131m&#8221; dedi.\u00a0<\/span><\/div>\n<div><span style=\"font-size: 12px;\">\u00a0 Edinilen bilgiye g\u00f6re, Mersin\u2019de son d\u00f6nemde artan evden h\u0131rs\u0131zl\u0131k olaylar\u0131 \u00fczerine harekete ge\u00e7en \u0130l Emniyet M\u00fcd\u00fcrl\u00fc\u011f\u00fc Asayi\u015f \u015eube M\u00fcd\u00fcrl\u00fc\u011f\u00fc\u2019ne ba\u011fl\u0131 H\u0131rs\u0131zl\u0131k B\u00fcro Amirli\u011fi ekipleri, olaylar\u0131 3 veya 4 ki\u015filik kad\u0131n gruplar\u0131n yapt\u0131\u011f\u0131n\u0131 tespit etti. Bunun \u00fczerine olaylar\u0131n oldu\u011fu b\u00f6lgelerdeki t\u00fcm g\u00fcvenlik kameralar\u0131n\u0131 inceleyen ekipler, g\u00f6r\u00fcnt\u00fclerde kad\u0131nlar\u0131n fiziki yap\u0131lar\u0131n\u0131 ve y\u00fczlerini gizlediklerini, \u015fehir merkezi yak\u0131nlar\u0131na erkek aile fertleri taraf\u0131ndan ara\u00e7 ile getirildiklerini, h\u0131rs\u0131zl\u0131ktan sonra da yine ayn\u0131 \u015fekilde b\u0131rak\u0131ld\u0131klar\u0131 yer civar\u0131ndan al\u0131nd\u0131klar\u0131n\u0131 belirledi. Yap\u0131lan fiziki takipler sonucunda \u015fah\u0131slar\u0131n M.U., E.G., K.B. isimli kad\u0131nlar ile 18 ya\u015f\u0131ndan k\u00fc\u00e7\u00fck B.L. ve kad\u0131nlar\u0131 Mersin\u2019e getiren Y.G. ile M.K. oldu\u011fu tespit edildi. Fiziki takibi de s\u00fcrd\u00fcren ekipler, \u015fah\u0131slar\u0131 kulland\u0131klar\u0131 ara\u00e7ta yakalayarak, g\u00f6zalt\u0131na ald\u0131.\u00a0\u00a0<\/span><\/div>\n<div><span style=\"font-size: 12px;\">\u00a0 \u015e\u00fcphelilerin \u00fczerinde yap\u0131lan aramada ise 3 alt\u0131n y\u00fcz\u00fck, k\u00fcpe, kap\u0131lar\u0131 a\u00e7makta ve kendilerini gizlemekte kulland\u0131klar\u0131 2 tornavida, 1 plastik aparat, eldivenler ve \u00e7oraplar ele ge\u00e7irildi.\u00a0<\/span><\/div>\n<div><span style=\"font-size: 12px;\">\u00a0 Emniyetteki ifadelerinin ard\u0131ndan adliyeye sevk edilen 3\u2019\u00fc kad\u0131n 1\u2019i \u00e7ocuk 6 ki\u015fi, \u00e7\u0131kar\u0131ld\u0131klar\u0131 mahkemece tutukland\u0131. Emniyet \u00e7\u0131k\u0131\u015f\u0131 gazetecilerin sorular\u0131na bir kad\u0131n k\u00fcf\u00fcr ederek yan\u0131t verirken, di\u011fer bir kad\u0131n ise &#8220;Yine gelece\u011fiz buraya yine merak etmeyin. Buran\u0131n anas\u0131n\u0131 a\u011flataca\u011f\u0131m&#8221; dedi.\u00a0<\/span><\/div>\n","protected":false},"excerpt":{"rendered":"<p>Mersin\u2019de evlerden h\u0131rs\u0131zl\u0131k yapt\u0131klar\u0131 iddias\u0131yla g\u00f6zalt\u0131na al\u0131nan 1\u2019i \u00e7ocuk, 3\u2019\u00fc kad\u0131n 6 ki\u015fi, \u00e7\u0131kar\u0131ld\u0131klar\u0131 mahkemece tutukland\u0131. Kad\u0131nlar\u0131n binalara giri\u015f ve olaylardan sonra gidip yemek yemeleri g\u00fcvenlik kameralar\u0131 taraf\u0131ndan g\u00f6r\u00fcnt\u00fclendi. Emniyet &hellip; <a href=\"https:\/\/mersinekonomipolitikagazetesi.com\/?p=5921\" class=\"more-link\">Devam\u0131n\u0131 Oku&#8230;<\/a><\/p>\n","protected":false},"author":1,"featured_media":0,"comment_status":"open","ping_status":"open","sticky":false,"template":"","format":"standard","meta":[],"categories":[],"tags":[],"_links":{"self":[{"href":"https:\/\/mersinekonomipolitikagazetesi.com\/index.php?rest_route=\/wp\/v2\/posts\/5921"}],"collection":[{"href":"https:\/\/mersinekonomipolitikagazetesi.com\/index.php?rest_route=\/wp\/v2\/posts"}],"about":[{"href":"https:\/\/mersinekonomipolitikagazetesi.com\/index.php?rest_route=\/wp\/v2\/types\/post"}],"author":[{"embeddable":true,"href":"https:\/\/mersinekonomipolitikagazetesi.com\/index.php?rest_route=\/wp\/v2\/users\/1"}],"replies":[{"embeddable":true,"href":"https:\/\/mersinekonomipolitikagazetesi.com\/index.php?rest_route=%2Fwp%2Fv2%2Fcomments&post=5921"}],"version-history":[{"count":0,"href":"https:\/\/mersinekonomipolitikagazetesi.com\/index.php?rest_route=\/wp\/v2\/posts\/5921\/revisions"}],"wp:attachment":[{"href":"https:\/\/mersinekonomipolitikagazetesi.com\/index.php?rest_route=%2Fwp%2Fv2%2Fmedia&parent=5921"}],"wp:term":[{"taxonomy":"category","embeddable":true,"href":"https:\/\/mersinekonomipolitikagazetesi.com\/index.php?rest_route=%2Fwp%2Fv2%2Fcategories&post=5921"},{"taxonomy":"post_tag","embeddable":true,"href":"https:\/\/mersinekonomipolitikagazetesi.com\/index.php?rest_route=%2Fwp%2Fv2%2Ftags&post=5921"}],"curies":[{"name":"wp","href":"https:\/\/api.w.org\/{rel}","templated":true}]}}