{"id":5923,"date":"2020-11-04T18:26:21","date_gmt":"2020-11-04T15:26:21","guid":{"rendered":"http:\/\/mersinekonomipolitikagazetesi.com\/?p=5923"},"modified":"2020-11-04T18:26:21","modified_gmt":"2020-11-04T15:26:21","slug":"akdeniz-belediyesi-evde-bakim-ve-temizlik-hizmetiyle-yuzlerce-kisiye-ulasti","status":"publish","type":"post","link":"https:\/\/mersinekonomipolitikagazetesi.com\/?p=5923","title":{"rendered":"Akdeniz Belediyesi, evde bak\u0131m ve temizlik hizmetiyle y\u00fczlerce ki\u015fiye ula\u015ft\u0131"},"content":{"rendered":"<div><span style=\"font-size: 12px;\">Akdeniz Belediyesi, ya\u015fl\u0131, kimsesiz ve engelli vatanda\u015flar i\u00e7in ba\u015flatt\u0131\u011f\u0131 &#8216;Evde Bak\u0131m ve Temizlik Hizmeti&#8217; ile y\u00fczlerce ki\u015fiye ula\u015farak destek veriyor. Ekipler, s\u00f6z konusu vatanda\u015flar\u0131n evlerine giderek, ki\u015fisel bak\u0131m ve ev temizli\u011fi yap\u0131yor.\u00a0<\/span><\/div>\n<div><span style=\"font-size: 12px;\">\u00a0 Akdeniz Belediyesinin, il\u00e7e genelinde 65 ya\u015f \u00fcst\u00fc, hastal\u0131k veya engelleri nedeniyle g\u00fcndelik ihtiya\u00e7lar\u0131n\u0131 yerine getiremeyen kimsesiz vatanda\u015flar i\u00e7in ba\u015flatt\u0131\u011f\u0131 \u201cEvde Bak\u0131m ve Temizlik Hizmeti\u201d yeni y\u0131lda da kesintisiz devam ediyor. Belediyeden yap\u0131lan a\u00e7\u0131klamaya g\u00f6re, ge\u00e7en y\u0131l y\u00fczlerce ki\u015fiye hizmet veren ekipler, yeni y\u0131lda da 1 Ocak\u2019tan itibaren 103 ev temizli\u011fi, 88 ki\u015fiye ise ki\u015fisel bak\u0131m hizmeti verdi. Periyodik \u015fekilde evde bak\u0131m ve temizlik hizmeti verilen ki\u015fi say\u0131s\u0131 ise 191\u2019e ula\u015ft\u0131.\u00a0\u00a0<\/span><\/div>\n<div><span style=\"font-size: 12px;\">\u00a0<\/span><\/div>\n<div><span style=\"font-size: 12px;\">\u00a0 \u201cYa\u015fl\u0131 vatanda\u015flar\u0131m\u0131za sahip \u00e7\u0131k\u0131yoruz\u201d\u00a0<\/span><\/div>\n<div><span style=\"font-size: 12px;\">\u00a0 Akdeniz Belediye Ba\u015fkan\u0131 Muhammet Mustafa Ba\u015fkan G\u00fcltak, konuya ili\u015fkin yapt\u0131\u011f\u0131 a\u00e7\u0131klamada, \u201cYa\u015fl\u0131lar\u0131m\u0131z\u0131 sevip, korumak, sayg\u0131 ve h\u00fcrmet g\u00f6stermek en b\u00fcy\u00fck erdemlerden biridir. \u00d6zellikle kimsesiz ya\u015fl\u0131 vatanda\u015flar\u0131m\u0131za sahip \u00e7\u0131kmaya \u00e7al\u0131\u015f\u0131yoruz. Evde bak\u0131m ve temizlik hizmetini ya\u015fl\u0131 ve engelli vatanda\u015f\u0131m\u0131z\u0131n aya\u011f\u0131na g\u00f6t\u00fcr\u00fcyor, onlara aileleri kadar yak\u0131n olmaya \u00e7al\u0131\u015f\u0131yoruz. Amac\u0131m\u0131z, ya\u015fl\u0131 ve engelli insanlar\u0131m\u0131z\u0131n g\u00fcnl\u00fck ya\u015famlar\u0131n\u0131 kolayla\u015ft\u0131rmak ve yaln\u0131z, kimsesiz olmad\u0131klar\u0131n\u0131 onlara hissettirmektir. Onlardan alaca\u011f\u0131m\u0131z hay\u0131r dualar\u0131 en b\u00fcy\u00fck m\u00fckafatt\u0131r. Ya\u015fl\u0131lar\u0131m\u0131z\u0131n daima yan\u0131nday\u0131z, olmaya da devam edece\u011fiz. Muhtarlar\u0131m\u0131z ve vatanda\u015flar\u0131m\u0131zdan iste\u011fimiz, yaln\u0131z ya\u015fayan, bak\u0131ma muhta\u00e7 vatanda\u015flar\u0131m\u0131z\u0131 Kad\u0131n ve Aile Hizmetleri M\u00fcd\u00fcrl\u00fc\u011f\u00fcm\u00fcze bildirmeleridir\u201d dedi.\u00a0<\/span><\/div>\n<div><span style=\"font-size: 12px;\">\u00a0 \u00d6te yandan, Kad\u0131n ve Aile Hizmetleri M\u00fcd\u00fcrl\u00fc\u011f\u00fcnce ya\u015fl\u0131 ve engelli vatanda\u015flar\u0131n ihtiya\u00e7 duyduklar\u0131 hizmetlerin, en k\u0131sa s\u00fcrede ger\u00e7ekle\u015ftirildi\u011fi belirtildi. Ekiplerin, bu durumdaki vatanda\u015flar\u0131n ki\u015fisel bak\u0131m\u0131 ve evlerinin temizli\u011finin yan\u0131 s\u0131ra, ya\u015fl\u0131l\u0131k, dulluk veya engellilik maa\u015f\u0131 ba\u011flanmas\u0131 i\u00e7in gereken takip i\u015flemlerini de yapt\u0131klar\u0131 kaydedildi. Sosyal Yard\u0131mla\u015fma ve Dayan\u0131\u015fma Vakf\u0131 ile ileti\u015fime ge\u00e7en ekiplerin, g\u0131da temini i\u00e7in ihtiya\u00e7 sahibi vatanda\u015flar\u0131n kay\u0131tlar\u0131n\u0131n yap\u0131lmas\u0131na arac\u0131 olduklar\u0131 ifade edildi.\u00a0<\/span><\/div>\n<div><span style=\"font-size: 12px;\">\u00a0 Akdeniz Belediyesinin \u201cEvde Bak\u0131m ve Temizlik\u201d hizmetinden yararlanmak isteyen vatanda\u015flar veya yak\u0131nlar\u0131n\u0131n, 0530-290-9797 ile 0324-2320441\/42 numaral\u0131 telefonlar arac\u0131l\u0131\u011f\u0131yla belediye yetkililerine ula\u015fabilecekleri bildirildi.\u00a0<\/span><\/div>\n","protected":false},"excerpt":{"rendered":"<p>Akdeniz Belediyesi, ya\u015fl\u0131, kimsesiz ve engelli vatanda\u015flar i\u00e7in ba\u015flatt\u0131\u011f\u0131 &#8216;Evde Bak\u0131m ve Temizlik Hizmeti&#8217; ile y\u00fczlerce ki\u015fiye ula\u015farak destek veriyor. Ekipler, s\u00f6z konusu vatanda\u015flar\u0131n evlerine giderek, ki\u015fisel bak\u0131m ve ev &hellip; <a href=\"https:\/\/mersinekonomipolitikagazetesi.com\/?p=5923\" class=\"more-link\">Devam\u0131n\u0131 Oku&#8230;<\/a><\/p>\n","protected":false},"author":1,"featured_media":0,"comment_status":"open","ping_status":"open","sticky":false,"template":"","format":"standard","meta":[],"categories":[],"tags":[],"_links":{"self":[{"href":"https:\/\/mersinekonomipolitikagazetesi.com\/index.php?rest_route=\/wp\/v2\/posts\/5923"}],"collection":[{"href":"https:\/\/mersinekonomipolitikagazetesi.com\/index.php?rest_route=\/wp\/v2\/posts"}],"about":[{"href":"https:\/\/mersinekonomipolitikagazetesi.com\/index.php?rest_route=\/wp\/v2\/types\/post"}],"author":[{"embeddable":true,"href":"https:\/\/mersinekonomipolitikagazetesi.com\/index.php?rest_route=\/wp\/v2\/users\/1"}],"replies":[{"embeddable":true,"href":"https:\/\/mersinekonomipolitikagazetesi.com\/index.php?rest_route=%2Fwp%2Fv2%2Fcomments&post=5923"}],"version-history":[{"count":0,"href":"https:\/\/mersinekonomipolitikagazetesi.com\/index.php?rest_route=\/wp\/v2\/posts\/5923\/revisions"}],"wp:attachment":[{"href":"https:\/\/mersinekonomipolitikagazetesi.com\/index.php?rest_route=%2Fwp%2Fv2%2Fmedia&parent=5923"}],"wp:term":[{"taxonomy":"category","embeddable":true,"href":"https:\/\/mersinekonomipolitikagazetesi.com\/index.php?rest_route=%2Fwp%2Fv2%2Fcategories&post=5923"},{"taxonomy":"post_tag","embeddable":true,"href":"https:\/\/mersinekonomipolitikagazetesi.com\/index.php?rest_route=%2Fwp%2Fv2%2Ftags&post=5923"}],"curies":[{"name":"wp","href":"https:\/\/api.w.org\/{rel}","templated":true}]}}