{"id":5934,"date":"2020-11-04T18:26:23","date_gmt":"2020-11-04T15:26:23","guid":{"rendered":"http:\/\/mersinekonomipolitikagazetesi.com\/?p=5934"},"modified":"2020-11-04T18:26:23","modified_gmt":"2020-11-04T15:26:23","slug":"pkknin-genclik-yapilanmasi-mensubu-13-supheli-adliyeye-sevk-edildi","status":"publish","type":"post","link":"https:\/\/mersinekonomipolitikagazetesi.com\/?p=5934","title":{"rendered":"PKK&#8217;n\u0131n gen\u00e7lik yap\u0131lanmas\u0131 mensubu 13 \u015f\u00fcpheli adliyeye sevk edildi"},"content":{"rendered":"<p>Mersin&#8217;de PKK\/KCK ter\u00f6r \u00f6rg\u00fct\u00fcn\u00fcn gen\u00e7lik yap\u0131lanmas\u0131 olan Devrimci Gen\u00e7lik Hareketi (DGH) \u00fcyelerine y\u00f6nelik ger\u00e7ekle\u015ftirilen operasyonda g\u00f6zalt\u0131na al\u0131nan biri kad\u0131n 13 \u015f\u00fcpheli, adliyeye sevk edildi. \u015e\u00fcphelilerin ter\u00f6r \u00f6rg\u00fct\u00fc eleba\u015f\u0131n\u0131n yakalanma g\u00fcn\u00fc olan 15 \u015eubat \u00f6ncesi eylem ve sald\u0131r\u0131 haz\u0131rl\u0131\u011f\u0131nda olduklar\u0131 tespit edildi.\u00a0\u00a0<br \/>\n\u00a0 Edinilen bilgiye g\u00f6re, Mersin Cumhuriyet Ba\u015fsavc\u0131l\u0131\u011f\u0131 koordinesinde \u0130l Emniyet M\u00fcd\u00fcrl\u00fc\u011f\u00fc Ter\u00f6rle M\u00fccadele \u015eube M\u00fcd\u00fcrl\u00fc\u011f\u00fc ekipleri, PKK\/KCK ter\u00f6r \u00f6rg\u00fct\u00fcn\u00fcn eylem ve faaliyetlerinin de\u015fifre edilmesine y\u00f6nelik operasyonlar\u0131n\u0131 s\u00fcrd\u00fcr\u00fcyor. Bu kapsamda ter\u00f6r \u00f6rg\u00fct\u00fcn\u00fcn s\u00f6zde gen\u00e7lik yap\u0131lanmas\u0131 olan DGH i\u00e7inde faaliyet y\u00fcr\u00fcten \u015fah\u0131slara y\u00f6nelik \u00e7al\u0131\u015fma yapan ekipler, 13 \u015f\u00fcpheliyi belirledi.\u00a0\u00a0<br \/>\n\u00a0 \u015eah\u0131slar\u0131n muhtelif tarihlerde \u00f6rg\u00fctsel toplant\u0131 yapt\u0131klar\u0131, cezaevlerinde tutuklu ve h\u00fck\u00fcml\u00fc olarak bulunan \u00f6rg\u00fct mensuplar\u0131na sahip \u00e7\u0131kmak amac\u0131yla mektup g\u00f6nderdikleri, \u00f6rg\u00fct mensuplar\u0131n\u0131n ailelerine \u00f6rg\u00fct talimatlar\u0131 do\u011frultusunda sahip \u00e7\u0131kt\u0131klar\u0131, DGH&#8217;n\u0131n faaliyetlerinin legal oldu\u011fu izlenimi vermek amac\u0131yla HDP Gen\u00e7lik Meclisleri ilan\u0131n\u0131 yapt\u0131klar\u0131 ve \u00f6rg\u00fct eleba\u015f\u0131 i\u00e7in yap\u0131lan a\u00e7l\u0131k grevi eylemine destek vermek amac\u0131yla \u00f6rg\u00fctsel faaliyetler y\u00fcr\u00fctt\u00fckleri belirlendi. Ayr\u0131ca \u015f\u00fcphelilerin ter\u00f6r \u00f6rg\u00fct\u00fc eleba\u015f\u0131s\u0131n\u0131n yakalanma g\u00fcn\u00fc olan 15 \u015eubat \u00f6ncesi eylem ve sald\u0131r\u0131 haz\u0131rl\u0131\u011f\u0131nda olduklar\u0131 tespit edildi. Belirlenen adreslere e\u015f zamanl\u0131 operasyonlar d\u00fczenleyen ekipler, R.D., F.S., M.Y.K., R.T., M.B., S.\u015e., M.K., A.E., B.T. ile ya\u015f\u0131 18&#8217;den k\u00fc\u00e7\u00fck \u00d6.\u015e., S.A., H.T. ve V.\u00c7.&#8217;yi g\u00f6zalt\u0131na al\u0131nd\u0131. \u015eah\u0131slar\u0131n adreslerinde yap\u0131lan aramalarda ise bir\u00e7ok \u00f6rg\u00fctsel i\u00e7erikli ve toplatma karar\u0131 bulunan kitap ve dijital malzemeler ele ge\u00e7irildi.\u00a0<br \/>\n\u00a0 Emniyetteki ifadelerinin ard\u0131ndan biri kad\u0131n 13 ki\u015fi, yo\u011fun g\u00fcvenlik \u00f6nlemleri alt\u0131nda adliyeye sevk edildi.\u00a0<\/p>\n","protected":false},"excerpt":{"rendered":"<p>Mersin&#8217;de PKK\/KCK ter\u00f6r \u00f6rg\u00fct\u00fcn\u00fcn gen\u00e7lik yap\u0131lanmas\u0131 olan Devrimci Gen\u00e7lik Hareketi (DGH) \u00fcyelerine y\u00f6nelik ger\u00e7ekle\u015ftirilen operasyonda g\u00f6zalt\u0131na al\u0131nan biri kad\u0131n 13 \u015f\u00fcpheli, adliyeye sevk edildi. \u015e\u00fcphelilerin ter\u00f6r \u00f6rg\u00fct\u00fc eleba\u015f\u0131n\u0131n yakalanma g\u00fcn\u00fc &hellip; <a href=\"https:\/\/mersinekonomipolitikagazetesi.com\/?p=5934\" class=\"more-link\">Devam\u0131n\u0131 Oku&#8230;<\/a><\/p>\n","protected":false},"author":1,"featured_media":0,"comment_status":"open","ping_status":"open","sticky":false,"template":"","format":"standard","meta":[],"categories":[],"tags":[],"_links":{"self":[{"href":"https:\/\/mersinekonomipolitikagazetesi.com\/index.php?rest_route=\/wp\/v2\/posts\/5934"}],"collection":[{"href":"https:\/\/mersinekonomipolitikagazetesi.com\/index.php?rest_route=\/wp\/v2\/posts"}],"about":[{"href":"https:\/\/mersinekonomipolitikagazetesi.com\/index.php?rest_route=\/wp\/v2\/types\/post"}],"author":[{"embeddable":true,"href":"https:\/\/mersinekonomipolitikagazetesi.com\/index.php?rest_route=\/wp\/v2\/users\/1"}],"replies":[{"embeddable":true,"href":"https:\/\/mersinekonomipolitikagazetesi.com\/index.php?rest_route=%2Fwp%2Fv2%2Fcomments&post=5934"}],"version-history":[{"count":0,"href":"https:\/\/mersinekonomipolitikagazetesi.com\/index.php?rest_route=\/wp\/v2\/posts\/5934\/revisions"}],"wp:attachment":[{"href":"https:\/\/mersinekonomipolitikagazetesi.com\/index.php?rest_route=%2Fwp%2Fv2%2Fmedia&parent=5934"}],"wp:term":[{"taxonomy":"category","embeddable":true,"href":"https:\/\/mersinekonomipolitikagazetesi.com\/index.php?rest_route=%2Fwp%2Fv2%2Fcategories&post=5934"},{"taxonomy":"post_tag","embeddable":true,"href":"https:\/\/mersinekonomipolitikagazetesi.com\/index.php?rest_route=%2Fwp%2Fv2%2Ftags&post=5934"}],"curies":[{"name":"wp","href":"https:\/\/api.w.org\/{rel}","templated":true}]}}