{"id":5936,"date":"2020-11-04T18:26:23","date_gmt":"2020-11-04T15:26:23","guid":{"rendered":"http:\/\/mersinekonomipolitikagazetesi.com\/?p=5936"},"modified":"2020-11-04T18:26:23","modified_gmt":"2020-11-04T15:26:23","slug":"kibris-sahilinde-bulunan-ceset-kayip-bekcinin-cikti","status":"publish","type":"post","link":"https:\/\/mersinekonomipolitikagazetesi.com\/?p=5936","title":{"rendered":"K\u0131br\u0131s sahilinde bulunan ceset kay\u0131p bek\u00e7inin \u00e7\u0131kt\u0131"},"content":{"rendered":"<p>K\u0131br\u0131s Yenierenk\u00f6y sahilinde 11 g\u00fcn \u00f6nce bulunan cesedin, Mersin&#8217;de arkada\u015f\u0131yla birlikte bal\u0131k tutmak isterken kay\u0131ktan denize d\u00fc\u015f\u00fcp kaybolan\u00a0 bek\u00e7i Oktay Avc\u0131&#8217;ya ait oldu\u011fu belirlendi.\u00a0 \u00a0<br \/>\n\u00a0 32 ya\u015f\u0131ndaki Oktay Avc\u0131 Mersin\u2019in Tarsus il\u00e7esinde 11 Ocak\u2019ta bal\u0131k tutmak i\u00e7in kay\u0131kla denize a\u00e7\u0131lm\u0131\u015f ancak daha sonra Avc\u0131\u2019dan haber al\u0131namam\u0131\u015ft\u0131.\u00a0<br \/>\n\u00a0 10 \u015eubat Pazartesi g\u00fcn\u00fc sabah saat 09.30 s\u0131ralar\u0131nda, Kuzey K\u0131br\u0131s T\u00fcrk Cumhuriyeti Yenierenk\u00f6y\u2019de t\u00fct\u00fcn fabrikas\u0131n\u0131n alt k\u0131sm\u0131nda sahile vurmu\u015f vaziyette bir erkek cesedi bulundu.\u00a0<br \/>\n\u00a0 Olaydan 32 g\u00fcn sonra sahile vuran erkek cesedinin, Oktay Avc\u0131\u2019ya ait oldu\u011fu \u015f\u00fcphesi \u00fczerine Avc\u0131\u2019n\u0131n babas\u0131 \u0130brahim Avc\u0131, karde\u015fi, amcas\u0131 ve arkada\u015flar\u0131yla te\u015fhis i\u00e7in b\u00f6lgeye gitti.\u00a0<br \/>\n\u00a0 Yap\u0131lan DNA testinden cesedin bek\u00e7i Oktay Avc\u0131&#8217;ya ait oldu\u011fu belirlendi.\u00a0<br \/>\n\u00a0 Oktay Avc\u0131&#8217;n\u0131n cesedi ailesine teslim edildikten sonra T\u00fcrkiye&#8217;ye getirelerek Tarsus&#8217;ta topra\u011fa verilecek.\u00a0<br \/>\n\u00a0 Tarsus Emniyet M\u00fcd\u00fcrl\u00fc\u011f\u00fc b\u00fcnyesinde mahalle ve \u00e7ar\u015f\u0131 bek\u00e7isi olarak g\u00f6rev yapan Avc\u0131 ve arkada\u015f\u0131 bek\u00e7i \u00d6mer \u00d6zer, 11 Ocak\u2019ta bal\u0131k tutmak i\u00e7in kay\u0131kla denize a\u00e7\u0131lm\u0131\u015f, \u00d6zer\u2019in cans\u0131z bedeni 16 Ocak\u2019ta yakla\u015f\u0131k 60 metre a\u00e7\u0131kta bulunmu\u015ftu.\u00a0<\/p>\n","protected":false},"excerpt":{"rendered":"<p>K\u0131br\u0131s Yenierenk\u00f6y sahilinde 11 g\u00fcn \u00f6nce bulunan cesedin, Mersin&#8217;de arkada\u015f\u0131yla birlikte bal\u0131k tutmak isterken kay\u0131ktan denize d\u00fc\u015f\u00fcp kaybolan\u00a0 bek\u00e7i Oktay Avc\u0131&#8217;ya ait oldu\u011fu belirlendi.\u00a0 \u00a0 \u00a0 32 ya\u015f\u0131ndaki Oktay Avc\u0131 &hellip; <a href=\"https:\/\/mersinekonomipolitikagazetesi.com\/?p=5936\" class=\"more-link\">Devam\u0131n\u0131 Oku&#8230;<\/a><\/p>\n","protected":false},"author":1,"featured_media":0,"comment_status":"open","ping_status":"open","sticky":false,"template":"","format":"standard","meta":[],"categories":[],"tags":[],"_links":{"self":[{"href":"https:\/\/mersinekonomipolitikagazetesi.com\/index.php?rest_route=\/wp\/v2\/posts\/5936"}],"collection":[{"href":"https:\/\/mersinekonomipolitikagazetesi.com\/index.php?rest_route=\/wp\/v2\/posts"}],"about":[{"href":"https:\/\/mersinekonomipolitikagazetesi.com\/index.php?rest_route=\/wp\/v2\/types\/post"}],"author":[{"embeddable":true,"href":"https:\/\/mersinekonomipolitikagazetesi.com\/index.php?rest_route=\/wp\/v2\/users\/1"}],"replies":[{"embeddable":true,"href":"https:\/\/mersinekonomipolitikagazetesi.com\/index.php?rest_route=%2Fwp%2Fv2%2Fcomments&post=5936"}],"version-history":[{"count":0,"href":"https:\/\/mersinekonomipolitikagazetesi.com\/index.php?rest_route=\/wp\/v2\/posts\/5936\/revisions"}],"wp:attachment":[{"href":"https:\/\/mersinekonomipolitikagazetesi.com\/index.php?rest_route=%2Fwp%2Fv2%2Fmedia&parent=5936"}],"wp:term":[{"taxonomy":"category","embeddable":true,"href":"https:\/\/mersinekonomipolitikagazetesi.com\/index.php?rest_route=%2Fwp%2Fv2%2Fcategories&post=5936"},{"taxonomy":"post_tag","embeddable":true,"href":"https:\/\/mersinekonomipolitikagazetesi.com\/index.php?rest_route=%2Fwp%2Fv2%2Ftags&post=5936"}],"curies":[{"name":"wp","href":"https:\/\/api.w.org\/{rel}","templated":true}]}}