{"id":5937,"date":"2020-11-04T18:26:23","date_gmt":"2020-11-04T15:26:23","guid":{"rendered":"http:\/\/mersinekonomipolitikagazetesi.com\/?p=5937"},"modified":"2020-11-04T18:26:23","modified_gmt":"2020-11-04T15:26:23","slug":"tarsus-belediyesi-personeline-ofke-kontrolu-ve-is-hayatinda-iletisim-egitimi-verildi","status":"publish","type":"post","link":"https:\/\/mersinekonomipolitikagazetesi.com\/?p=5937","title":{"rendered":"Tarsus Belediyesi personeline \u2018\u00d6fke Kontrol\u00fc ve \u0130\u015f Hayat\u0131nda \u0130leti\u015fim\u2019 e\u011fitimi verildi"},"content":{"rendered":"<p>Tarsus Belediyesi, Tarsus \u0130l\u00e7e Milli E\u011fitim M\u00fcd\u00fcrl\u00fc\u011f\u00fc i\u015fbirli\u011finde, \u00e7al\u0131\u015fanlara \u2018\u00d6fke Kontrol\u00fc ve \u0130\u015f Hayat\u0131nda \u0130leti\u015fim\u2019 e\u011fitimi verildi.\u00a0<br \/>\n\u00a0 Tarsus Belediyesinde g\u00f6rev yapan personelin vatanda\u015flara g\u00fcler y\u00fczl\u00fc ve daha iyi hizmet vermesine katk\u0131 sa\u011flamak amac\u0131yla d\u00fczenlenen e\u011fitim programlar\u0131 devam ediyor. Tarsus Belediyesi ile Tarsus \u0130l\u00e7e Milli E\u011fitim M\u00fcd\u00fcrl\u00fc\u011f\u00fc i\u015fbirli\u011finde ger\u00e7ekle\u015ftirilen e\u011fitim program\u0131nda, Hayat Boyu \u00d6\u011frenme Merkezi g\u00f6revlilerinden Psikolojik Dan\u0131\u015fman Yasin Y\u0131lmaz taraf\u0131ndan belediye personeline y\u00f6nelik \u2018\u00d6fke Kontrol\u00fc ve \u0130\u015f Hayat\u0131nda \u0130leti\u015fim\u2019 e\u011fitimi verildi.\u00a0<br \/>\n\u00a0 Belediye Tesislerinde bulunan Ye\u015fil Salonda ger\u00e7ekle\u015ftirilen e\u011fitimde, Psikolojik Dan\u0131\u015fman Yasin Y\u0131lmaz, \u00f6fke ile m\u00fccadele y\u00f6ntemleri konusunda belediye personelini bilgilendirdi. E\u011fitimde; \u00f6fkenin tan\u0131m\u0131, \u00f6fkeye yol a\u00e7an nedenlerin neler oldu\u011fu, \u00f6fke kavram\u0131n\u0131n insan davran\u0131\u015f\u0131 \u00fczerindeki etkileri konular\u0131nda bilgi veren Y\u0131lmaz, \u00f6fke ile ba\u015f etmede yap\u0131lmas\u0131 ve yap\u0131lmamas\u0131 gereken davran\u0131\u015flar ve \u00f6fke kontrol\u00fc tekniklerini anlatt\u0131. \u201c\u00d6fke duygusal bir tepkidir\u201d diyen Y\u0131lmaz, \u00f6fke ile m\u00fccadelede \u00f6zellikle empati ve etkili ileti\u015fimin \u00f6nemine dikkat \u00e7ekti.\u00a0<\/p>\n","protected":false},"excerpt":{"rendered":"<p>Tarsus Belediyesi, Tarsus \u0130l\u00e7e Milli E\u011fitim M\u00fcd\u00fcrl\u00fc\u011f\u00fc i\u015fbirli\u011finde, \u00e7al\u0131\u015fanlara \u2018\u00d6fke Kontrol\u00fc ve \u0130\u015f Hayat\u0131nda \u0130leti\u015fim\u2019 e\u011fitimi verildi.\u00a0 \u00a0 Tarsus Belediyesinde g\u00f6rev yapan personelin vatanda\u015flara g\u00fcler y\u00fczl\u00fc ve daha iyi hizmet &hellip; <a href=\"https:\/\/mersinekonomipolitikagazetesi.com\/?p=5937\" class=\"more-link\">Devam\u0131n\u0131 Oku&#8230;<\/a><\/p>\n","protected":false},"author":1,"featured_media":0,"comment_status":"open","ping_status":"open","sticky":false,"template":"","format":"standard","meta":[],"categories":[],"tags":[],"_links":{"self":[{"href":"https:\/\/mersinekonomipolitikagazetesi.com\/index.php?rest_route=\/wp\/v2\/posts\/5937"}],"collection":[{"href":"https:\/\/mersinekonomipolitikagazetesi.com\/index.php?rest_route=\/wp\/v2\/posts"}],"about":[{"href":"https:\/\/mersinekonomipolitikagazetesi.com\/index.php?rest_route=\/wp\/v2\/types\/post"}],"author":[{"embeddable":true,"href":"https:\/\/mersinekonomipolitikagazetesi.com\/index.php?rest_route=\/wp\/v2\/users\/1"}],"replies":[{"embeddable":true,"href":"https:\/\/mersinekonomipolitikagazetesi.com\/index.php?rest_route=%2Fwp%2Fv2%2Fcomments&post=5937"}],"version-history":[{"count":0,"href":"https:\/\/mersinekonomipolitikagazetesi.com\/index.php?rest_route=\/wp\/v2\/posts\/5937\/revisions"}],"wp:attachment":[{"href":"https:\/\/mersinekonomipolitikagazetesi.com\/index.php?rest_route=%2Fwp%2Fv2%2Fmedia&parent=5937"}],"wp:term":[{"taxonomy":"category","embeddable":true,"href":"https:\/\/mersinekonomipolitikagazetesi.com\/index.php?rest_route=%2Fwp%2Fv2%2Fcategories&post=5937"},{"taxonomy":"post_tag","embeddable":true,"href":"https:\/\/mersinekonomipolitikagazetesi.com\/index.php?rest_route=%2Fwp%2Fv2%2Ftags&post=5937"}],"curies":[{"name":"wp","href":"https:\/\/api.w.org\/{rel}","templated":true}]}}