{"id":5938,"date":"2020-11-04T18:26:23","date_gmt":"2020-11-04T15:26:23","guid":{"rendered":"http:\/\/mersinekonomipolitikagazetesi.com\/?p=5938"},"modified":"2020-11-04T18:26:23","modified_gmt":"2020-11-04T15:26:23","slug":"mersinde-sasirtan-goruntu","status":"publish","type":"post","link":"https:\/\/mersinekonomipolitikagazetesi.com\/?p=5938","title":{"rendered":"Mersin&#8217;de \u015fa\u015f\u0131rtan g\u00f6r\u00fcnt\u00fc"},"content":{"rendered":"<p>Mersin&#8217;de 8 katl\u0131 bir in\u015faat\u0131n tepesindeki 3 tonluk i\u015f makinesi, g\u00f6renleri \u015fa\u015fk\u0131na \u00e7eviriyor.\u00a0 \u00a0<br \/>\n\u00a0 Merkez Akdeniz il\u00e7esi G\u00fcndo\u011fdu Mahallesi&#8217;nde yap\u0131m\u0131 devam eden 8 katl\u0131 bir in\u015faat\u0131n tepesinde \u00e7al\u0131\u015fma yapan i\u015f makinesini g\u00f6ren vatanda\u015flar, g\u00f6zlerine inanamayarak d\u00f6n\u00fcp bir daha bak\u0131yor. G\u00f6rd\u00fckleri kar\u015f\u0131s\u0131nda \u015fa\u015fk\u0131na d\u00f6nen vatanda\u015flar, i\u015f makinesinin in\u015faat\u0131n tepesine nas\u0131l \u00e7\u0131kar\u0131ld\u0131\u011f\u0131n\u0131 merak ediyor. Bu ilgin\u00e7 g\u00f6r\u00fcnt\u00fc, g\u00f6renlerin ilgisini \u00e7ekerken, kimi vatanda\u015flar da bu durumu cep telefonu ile g\u00f6r\u00fcnt\u00fcleyerek sosyal medya hesaplar\u0131ndan payla\u015f\u0131yor.\u00a0<br \/>\n\u00a0 Binada \u00e7al\u0131\u015fma yapan i\u015f\u00e7ilerden biri, \u0130HA muhabirine yapt\u0131\u011f\u0131 a\u00e7\u0131klamada, 3 ton a\u011f\u0131rl\u0131\u011f\u0131ndaki i\u015f makinesini in\u015faat\u0131n tepesine vin\u00e7le \u00e7\u0131kard\u0131klar\u0131n\u0131 belirterek, hatal\u0131 olan son 3 kat\u0131n y\u0131k\u0131m i\u015flemini ger\u00e7ekle\u015ftirdiklerini s\u00f6yledi.\u00a0<\/p>\n","protected":false},"excerpt":{"rendered":"<p>Mersin&#8217;de 8 katl\u0131 bir in\u015faat\u0131n tepesindeki 3 tonluk i\u015f makinesi, g\u00f6renleri \u015fa\u015fk\u0131na \u00e7eviriyor.\u00a0 \u00a0 \u00a0 Merkez Akdeniz il\u00e7esi G\u00fcndo\u011fdu Mahallesi&#8217;nde yap\u0131m\u0131 devam eden 8 katl\u0131 bir in\u015faat\u0131n tepesinde \u00e7al\u0131\u015fma yapan &hellip; <a href=\"https:\/\/mersinekonomipolitikagazetesi.com\/?p=5938\" class=\"more-link\">Devam\u0131n\u0131 Oku&#8230;<\/a><\/p>\n","protected":false},"author":1,"featured_media":0,"comment_status":"open","ping_status":"open","sticky":false,"template":"","format":"standard","meta":[],"categories":[],"tags":[],"_links":{"self":[{"href":"https:\/\/mersinekonomipolitikagazetesi.com\/index.php?rest_route=\/wp\/v2\/posts\/5938"}],"collection":[{"href":"https:\/\/mersinekonomipolitikagazetesi.com\/index.php?rest_route=\/wp\/v2\/posts"}],"about":[{"href":"https:\/\/mersinekonomipolitikagazetesi.com\/index.php?rest_route=\/wp\/v2\/types\/post"}],"author":[{"embeddable":true,"href":"https:\/\/mersinekonomipolitikagazetesi.com\/index.php?rest_route=\/wp\/v2\/users\/1"}],"replies":[{"embeddable":true,"href":"https:\/\/mersinekonomipolitikagazetesi.com\/index.php?rest_route=%2Fwp%2Fv2%2Fcomments&post=5938"}],"version-history":[{"count":0,"href":"https:\/\/mersinekonomipolitikagazetesi.com\/index.php?rest_route=\/wp\/v2\/posts\/5938\/revisions"}],"wp:attachment":[{"href":"https:\/\/mersinekonomipolitikagazetesi.com\/index.php?rest_route=%2Fwp%2Fv2%2Fmedia&parent=5938"}],"wp:term":[{"taxonomy":"category","embeddable":true,"href":"https:\/\/mersinekonomipolitikagazetesi.com\/index.php?rest_route=%2Fwp%2Fv2%2Fcategories&post=5938"},{"taxonomy":"post_tag","embeddable":true,"href":"https:\/\/mersinekonomipolitikagazetesi.com\/index.php?rest_route=%2Fwp%2Fv2%2Ftags&post=5938"}],"curies":[{"name":"wp","href":"https:\/\/api.w.org\/{rel}","templated":true}]}}