{"id":5943,"date":"2020-11-04T18:26:23","date_gmt":"2020-11-04T15:26:23","guid":{"rendered":"http:\/\/mersinekonomipolitikagazetesi.com\/?p=5943"},"modified":"2020-11-04T18:26:23","modified_gmt":"2020-11-04T15:26:23","slug":"tarsusda-bahar-temizligi-calismalari-basladi","status":"publish","type":"post","link":"https:\/\/mersinekonomipolitikagazetesi.com\/?p=5943","title":{"rendered":"Tarsus&#8217;da bahar temizli\u011fi \u00e7al\u0131\u015fmalar\u0131 ba\u015flad\u0131"},"content":{"rendered":"<p>Mersin&#8217;in Tarsus Belediyesi Temizlik \u0130\u015fleri M\u00fcd\u00fcrl\u00fc\u011f\u00fc ekipleri, bahar temizli\u011fi \u00e7al\u0131\u015fmalar\u0131na ba\u015flad\u0131.\u00a0<br \/>\n\u00a0 Temizlik \u0130\u015fleri ile Park Bah\u00e7eler M\u00fcd\u00fcrl\u00fc\u011f\u00fc ekipleri, camilerin \u00e7evrelerinin k\u00f6p\u00fckl\u00fc ve kokulu su ile y\u0131kanmas\u0131, camilerin i\u00e7 k\u0131s\u0131mlar\u0131nda detayl\u0131 temizlik ve hal\u0131lar\u0131n y\u0131kanmas\u0131, okullarda \u00e7evre d\u00fczenlemesi, a\u011fa\u00e7lar\u0131n budanmas\u0131 ve temizleme \u00e7al\u0131\u015fmalar\u0131 ile birlikte il\u00e7enin \u00e7e\u015fitli yerlerine geli\u015fi g\u00fczel yerlere b\u0131rak\u0131lan molozlar\u0131n toplanmas\u0131 \u00e7al\u0131\u015fmalar\u0131na devam ediyor. Ekipler rutin \u00e7al\u0131\u015fmalar\u0131n\u0131n yan\u0131 s\u0131ra, il\u00e7enin t\u00fcm mahallelerini kapsayacak bahar temizli\u011fi \u00e7al\u0131\u015fmalar\u0131na \u015eahin Mahallesinden ba\u015flay\u0131p s\u0131ras\u0131yla Ye\u015fil, Girne, Bah\u00e7e, Barbaros ve Yunus Emre mahallelerini temizledi. Yap\u0131lan \u00e7al\u0131\u015fmalara mahallerin muhtarlar\u0131 refakat ederken, vatanda\u015flarda ekiplerin yapt\u0131klar\u0131 \u00e7al\u0131\u015fmalar\u0131 takdir edip, te\u015fekk\u00fcrlerini dile getiriyorlar.\u00a0<br \/>\n\u00a0 Belli program \u00e7er\u00e7evesinde periyodik olarak bu faaliyetleri devam ettirece\u011fini ifade eden Tarsus Belediye Ba\u015fkan\u0131 Haluk Bozdo\u011fan, &#8220;Sorumluluk alan\u0131m\u0131zda vatanda\u015flar\u0131m\u0131z\u0131n istekleri do\u011frultusunda hi\u00e7bir aksakl\u0131\u011fa meydan vermeden, \u00e7evre kirli\u011fini ortadan kald\u0131r\u0131p, kentin g\u00fczelli\u011fine g\u00fczellik katacak ad\u0131mlar\u0131 atmay\u0131 s\u00fcrd\u00fcrece\u011fiz. Vatanda\u015flar\u0131m\u0131z\u0131n temiz ve sa\u011fl\u0131kl\u0131 bir ortamda huzurlu bir \u015fekilde ya\u015famalar\u0131 i\u00e7in gereken her \u015feyi yapaca\u011f\u0131z, bundan kimsenin \u015f\u00fcphesi olmas\u0131n. Bu kapsamda gecelerini g\u00fcnd\u00fczlerine katarak \u00f6zveriyle \u00e7al\u0131\u015fmalar y\u00fcr\u00fcten t\u00fcm ekiplerimize te\u015fekk\u00fcrlerimi sunuyorum\u201d dedi.\u00a0<\/p>\n","protected":false},"excerpt":{"rendered":"<p>Mersin&#8217;in Tarsus Belediyesi Temizlik \u0130\u015fleri M\u00fcd\u00fcrl\u00fc\u011f\u00fc ekipleri, bahar temizli\u011fi \u00e7al\u0131\u015fmalar\u0131na ba\u015flad\u0131.\u00a0 \u00a0 Temizlik \u0130\u015fleri ile Park Bah\u00e7eler M\u00fcd\u00fcrl\u00fc\u011f\u00fc ekipleri, camilerin \u00e7evrelerinin k\u00f6p\u00fckl\u00fc ve kokulu su ile y\u0131kanmas\u0131, camilerin i\u00e7 k\u0131s\u0131mlar\u0131nda &hellip; <a href=\"https:\/\/mersinekonomipolitikagazetesi.com\/?p=5943\" class=\"more-link\">Devam\u0131n\u0131 Oku&#8230;<\/a><\/p>\n","protected":false},"author":1,"featured_media":0,"comment_status":"open","ping_status":"open","sticky":false,"template":"","format":"standard","meta":[],"categories":[],"tags":[],"_links":{"self":[{"href":"https:\/\/mersinekonomipolitikagazetesi.com\/index.php?rest_route=\/wp\/v2\/posts\/5943"}],"collection":[{"href":"https:\/\/mersinekonomipolitikagazetesi.com\/index.php?rest_route=\/wp\/v2\/posts"}],"about":[{"href":"https:\/\/mersinekonomipolitikagazetesi.com\/index.php?rest_route=\/wp\/v2\/types\/post"}],"author":[{"embeddable":true,"href":"https:\/\/mersinekonomipolitikagazetesi.com\/index.php?rest_route=\/wp\/v2\/users\/1"}],"replies":[{"embeddable":true,"href":"https:\/\/mersinekonomipolitikagazetesi.com\/index.php?rest_route=%2Fwp%2Fv2%2Fcomments&post=5943"}],"version-history":[{"count":0,"href":"https:\/\/mersinekonomipolitikagazetesi.com\/index.php?rest_route=\/wp\/v2\/posts\/5943\/revisions"}],"wp:attachment":[{"href":"https:\/\/mersinekonomipolitikagazetesi.com\/index.php?rest_route=%2Fwp%2Fv2%2Fmedia&parent=5943"}],"wp:term":[{"taxonomy":"category","embeddable":true,"href":"https:\/\/mersinekonomipolitikagazetesi.com\/index.php?rest_route=%2Fwp%2Fv2%2Fcategories&post=5943"},{"taxonomy":"post_tag","embeddable":true,"href":"https:\/\/mersinekonomipolitikagazetesi.com\/index.php?rest_route=%2Fwp%2Fv2%2Ftags&post=5943"}],"curies":[{"name":"wp","href":"https:\/\/api.w.org\/{rel}","templated":true}]}}