{"id":5955,"date":"2020-11-04T18:26:24","date_gmt":"2020-11-04T15:26:24","guid":{"rendered":"http:\/\/mersinekonomipolitikagazetesi.com\/?p=5955"},"modified":"2020-11-04T18:26:24","modified_gmt":"2020-11-04T15:26:24","slug":"atiklarin-kontrol-altina-alinmasi-gerekiyor","status":"publish","type":"post","link":"https:\/\/mersinekonomipolitikagazetesi.com\/?p=5955","title":{"rendered":"\u201cAt\u0131klar\u0131n  kontrol alt\u0131na  al\u0131nmas\u0131 gerekiyor\u201d"},"content":{"rendered":"<p>\u00c7evre ve \u015eehircilik Bakanl\u0131\u011f\u0131 organizesinde y\u00fcr\u00fct\u00fclen &#8216;S\u0131f\u0131r at\u0131k mavi&#8217; projesi kapsam\u0131nda, &#8216;\u0130l Deniz \u00c7\u00f6pleri Y\u00f6netim Komisyonu Toplant\u0131s\u0131&#8217;, Mersin Valisi Ali \u0130hsan Su ba\u015fkanl\u0131\u011f\u0131nda ger\u00e7ekle\u015ftirildi.\u00a0<br \/>\nValilik toplant\u0131 salonundaki toplant\u0131ya B\u00fcy\u00fck\u015fehir Belediye Ba\u015fkanl\u0131\u011f\u0131, il\u00e7e belediye ba\u015fkanl\u0131klar\u0131, \u0130l Tar\u0131m ve Orman M\u00fcd\u00fcrl\u00fc\u011f\u00fc, Sahil G\u00fcvenlik Akdeniz B\u00f6lge Komutanl\u0131\u011f\u0131, Mersin Liman Ba\u015fkanl\u0131\u011f\u0131, Ta\u015fucu Liman Ba\u015fkanl\u0131\u011f\u0131, ODT\u00dc Deniz Bilimleri Enstit\u00fcs\u00fc, Mersin \u00dcniversitesi Su \u00dcr\u00fcnleri Fak\u00fcltesi Dekanl\u0131\u011f\u0131, Mersin Deniz Ticaret Odas\u0131, DS\u0130 62 ve 67. \u015eube M\u00fcd\u00fcrl\u00fc\u011f\u00fc, Bozyaz\u0131 Su \u00dcr\u00fcnleri Kooperatifi Ba\u015fkanl\u0131\u011f\u0131 ile Karaduvar Su \u00dcr\u00fcnleri Kooperatifi Ba\u015fkanl\u0131klar\u0131ndan temsilciler kat\u0131ld\u0131.\u00a0<br \/>\nToplant\u0131da yapt\u0131\u011f\u0131 konu\u015fmas\u0131nda, Mersin&#8217;in her sekt\u00f6rde \u00e7ok \u00f6nemli bir potansiyeli bulundu\u011funu kaydeden Vali Su, kentin ayn\u0131 zamanda do\u011fal, tarihi dokusu ve sahip oldu\u011fu 321 kilometre sahil \u015feridiyle turizmde de \u00f6nemli bir potansiyele sahip oldu\u011funu s\u00f6yledi. N\u00fcfus art\u0131\u015f\u0131, h\u0131zl\u0131 kentle\u015fme, sekt\u00f6rel b\u00fcy\u00fcme, deniz ta\u015f\u0131mac\u0131l\u0131\u011f\u0131ndaki geli\u015fmelerin k\u0131y\u0131 alanlar\u0131n\u0131n kullan\u0131m\u0131n\u0131 art\u0131rd\u0131\u011f\u0131n\u0131 belirten Vali Su, bu geli\u015fmelerin denizlerin ve \u00e7evresinin korunmas\u0131 ve temiz tutulmas\u0131 konular\u0131n\u0131 daha da \u00f6nemli hale getirdi\u011fini ifade etti.\u00a0<br \/>\nDenizlerin kirlenmemesi i\u00e7in \u00f6ncelikle kirlilik konusunu hafifletecek kaynaklar\u0131n belirlenmesi, kirlili\u011fin olu\u015fmas\u0131n\u0131n \u00f6nlenmesi, olu\u015fan kirlili\u011fin tespit edilmesi ve temizlenmesi ile ilgili \u00e7al\u0131\u015fmalar\u0131n y\u00fcr\u00fct\u00fclmeye devam etti\u011fini kaydeden Su, \u015f\u00f6yle devam etti; &#8220;At\u0131klar\u0131n kontrol alt\u0131na al\u0131nmas\u0131 ile gelecek nesillerimize temiz ve geli\u015fmi\u015f bir T\u00fcrkiye b\u0131rak\u0131lmas\u0131 amac\u0131yla da \u00c7evre ve \u015eehircilik Bakanl\u0131\u011f\u0131m\u0131z taraf\u0131ndan s\u0131f\u0131r at\u0131k projesi devam\u0131nda &#8216;s\u0131f\u0131r at\u0131k mavi&#8217; projesi hayata ge\u00e7irildi. Bu proje Cumhurba\u015fkan\u0131m\u0131z\u0131n e\u015fi Emine Erdo\u011fan Han\u0131mefendi taraf\u0131ndan ba\u015flat\u0131lm\u0131\u015f durumdad\u0131r. Biz de proje kapsam\u0131nda ilimiz s\u0131n\u0131rlar\u0131 i\u00e7erisindeki deniz \u00e7\u00f6plerinin olu\u015fumunda \u00f6ncelikle kayna\u011f\u0131ndan azalt\u0131lmas\u0131, toplumun bilin\u00e7lendirilmesi, fark\u0131ndal\u0131\u011f\u0131n artt\u0131r\u0131lmas\u0131 ve denizdeki mevcut \u00e7\u00f6plerin temizlenmesi gibi bir\u00e7ok konuyu il eylem plan\u0131 \u00e7er\u00e7evesinde ilimizde y\u00fcr\u00fctmeye gayret ediyoruz ve bu anlamda bu toplant\u0131y\u0131 ger\u00e7ekle\u015ftiriyoruz. Ben inan\u0131yorum ki, bu toplant\u0131 ve uygulayaca\u011f\u0131m\u0131z il eylem plan\u0131 ile ilimizde denizlerin korunmas\u0131, izlenmesi, kirlili\u011fin \u00f6nlenmesi \u00e7al\u0131\u015fmalar\u0131nda ba\u015far\u0131y\u0131 hep birlikte yakalayaca\u011f\u0131z. Bu anlamda payda\u015f olan ve katk\u0131 veren t\u00fcm kurum ve kurulu\u015flar\u0131m\u0131za te\u015fekk\u00fcr ediyorum.\u201d \u00a0<\/p>\n","protected":false},"excerpt":{"rendered":"<p>\u00c7evre ve \u015eehircilik Bakanl\u0131\u011f\u0131 organizesinde y\u00fcr\u00fct\u00fclen &#8216;S\u0131f\u0131r at\u0131k mavi&#8217; projesi kapsam\u0131nda, &#8216;\u0130l Deniz \u00c7\u00f6pleri Y\u00f6netim Komisyonu Toplant\u0131s\u0131&#8217;, Mersin Valisi Ali \u0130hsan Su ba\u015fkanl\u0131\u011f\u0131nda ger\u00e7ekle\u015ftirildi.\u00a0 Valilik toplant\u0131 salonundaki toplant\u0131ya B\u00fcy\u00fck\u015fehir Belediye &hellip; <a href=\"https:\/\/mersinekonomipolitikagazetesi.com\/?p=5955\" class=\"more-link\">Devam\u0131n\u0131 Oku&#8230;<\/a><\/p>\n","protected":false},"author":1,"featured_media":0,"comment_status":"open","ping_status":"open","sticky":false,"template":"","format":"standard","meta":[],"categories":[],"tags":[],"_links":{"self":[{"href":"https:\/\/mersinekonomipolitikagazetesi.com\/index.php?rest_route=\/wp\/v2\/posts\/5955"}],"collection":[{"href":"https:\/\/mersinekonomipolitikagazetesi.com\/index.php?rest_route=\/wp\/v2\/posts"}],"about":[{"href":"https:\/\/mersinekonomipolitikagazetesi.com\/index.php?rest_route=\/wp\/v2\/types\/post"}],"author":[{"embeddable":true,"href":"https:\/\/mersinekonomipolitikagazetesi.com\/index.php?rest_route=\/wp\/v2\/users\/1"}],"replies":[{"embeddable":true,"href":"https:\/\/mersinekonomipolitikagazetesi.com\/index.php?rest_route=%2Fwp%2Fv2%2Fcomments&post=5955"}],"version-history":[{"count":0,"href":"https:\/\/mersinekonomipolitikagazetesi.com\/index.php?rest_route=\/wp\/v2\/posts\/5955\/revisions"}],"wp:attachment":[{"href":"https:\/\/mersinekonomipolitikagazetesi.com\/index.php?rest_route=%2Fwp%2Fv2%2Fmedia&parent=5955"}],"wp:term":[{"taxonomy":"category","embeddable":true,"href":"https:\/\/mersinekonomipolitikagazetesi.com\/index.php?rest_route=%2Fwp%2Fv2%2Fcategories&post=5955"},{"taxonomy":"post_tag","embeddable":true,"href":"https:\/\/mersinekonomipolitikagazetesi.com\/index.php?rest_route=%2Fwp%2Fv2%2Ftags&post=5955"}],"curies":[{"name":"wp","href":"https:\/\/api.w.org\/{rel}","templated":true}]}}