{"id":5961,"date":"2020-11-04T18:26:24","date_gmt":"2020-11-04T15:26:24","guid":{"rendered":"http:\/\/mersinekonomipolitikagazetesi.com\/?p=5961"},"modified":"2020-11-04T18:26:24","modified_gmt":"2020-11-04T15:26:24","slug":"yirmi-aydir-ne-yapiyorsaniz-tersini-yapin","status":"publish","type":"post","link":"https:\/\/mersinekonomipolitikagazetesi.com\/?p=5961","title":{"rendered":"\u201cYirmi Ayd\u0131r Ne Yap\u0131yorsan\u0131z Tersini Yap\u0131n\u201d"},"content":{"rendered":"<p>CHP Adana Milletvekili Burhanettin Bulut, ekonominin temelinin g\u00fcven oldu\u011funu, g\u00fcveni sa\u011flamak i\u00e7in de adalet, \u015feffafl\u0131k, denetleme, ba\u011f\u0131ms\u0131z yarg\u0131, kaliteli yasama, \u00f6zg\u00fcr bas\u0131n gerekti\u011fini s\u00f6yledi. T\u00fcrkiye\u2019de bunlar\u0131n hi\u00e7birinin olmad\u0131\u011f\u0131 i\u00e7in ekonominin dip yapt\u0131\u011f\u0131n\u0131 kaydeden Bulut, \u00a0\u201cY\u00fcr\u00fctmeye ve AKP\u2019ye \u00f6nerim yirmi ayd\u0131r ne yap\u0131yorsan\u0131z onu yapmay\u0131n\u201d dedi.<\/p>\n<p>CHP Adana Milletvekili Burhanettin Bulut, TBMM Genel Kurulu\u2019nda kabul edilen Bankac\u0131l\u0131k Kanunu ile Baz\u0131 Kanunlarda De\u011fi\u015fiklik Yap\u0131lmas\u0131na Dair Kanun Teklifi \u00fczerinde s\u00f6z ald\u0131. \u00a0Bulut, yine Meclis\u2019te halk\u0131n g\u00fcndemi olmayan yeni vergiler, bor\u00e7lanmalar, g\u00fc\u00e7 talepleri i\u00e7eren Saray\u0131n torba yasas\u0131n\u0131n g\u00f6r\u00fc\u015f\u00fcld\u00fc\u011f\u00fcn\u00fc s\u00f6yledi. \u00a0\u201c Halk\u0131n g\u00fcndemi bo\u015f tencere, halk\u0131n g\u00fcndemi bo\u015f c\u00fczdan\u201d diyen Bulut, Hazine ve Maliye Bakan\u0131 Berat Albayrak\u2019\u0131n \u00a0&#8220;Enflasyonda, kurda, faizde ba\u015far\u0131n\u0131n devam\u0131n\u0131 sa\u011fl\u0131yoruz&#8221; s\u00f6zlerini hat\u0131rlatt\u0131. Bulut, Albayrak\u2019\u0131n Bakan oldu\u011funda d\u00f6viz kurunun 4,61, \u015fimdi ise kurun 6,10 oldu\u011funu kaydetti.<\/p>\n<p>\u00dcLKE ALGI \u0130LE Y\u00d6NET\u0130L\u0130YOR<\/p>\n<p>\u00dclkenin alg\u0131 ile y\u00f6netildi\u011fini belirten Bulut, \u00a0son be\u015f y\u0131lda kredi kart\u0131 ve t\u00fcketici kredisi kullanan 3 milyon 687 bin ki\u015finin, 2019 y\u0131l\u0131nda kredi kart\u0131 ve t\u00fcketici kredisi borcundan dolay\u0131 1 milyon 403 bin ki\u015finin icral\u0131k oldu\u011funu bildirdi. \u00a0T\u00fcketici kredisi ve t\u00fcketici bor\u00e7lar\u0131n\u0131n 2002 y\u0131l\u0131nda 6,6 milyarken, 611 milyar liraya \u00e7\u0131kt\u0131\u011f\u0131n\u0131 kaydeden Bulut, \u00a0T\u00fcrkiye&#8217;deki resm\u00ee i\u015fsiz say\u0131s\u0131n\u0131n 4 milyon 308 bin, resm\u00ee olmayan i\u015fsiz say\u0131s\u0131n\u0131n ise 8 milyona yakla\u015ft\u0131\u011f\u0131n\u0131 ve cumhuriyet tarihinin en y\u00fcksek oran\u0131 oldu\u011funu s\u00f6yledi. Neredeyse sava\u015f d\u00f6nemlerindeki i\u015fsizlik oran\u0131n\u0131n ya\u015fand\u0131\u011f\u0131n\u0131 belirten Bulut, gen\u00e7 i\u015fsizli\u011fin y\u00fczde 25 oldu\u011funu her 4 gen\u00e7ten birinin i\u015fsiz oldu\u011funu ifade etti.<\/p>\n<p>VATANDA\u015eIN \u0130HT\u0130YACINA Y\u00d6NEL\u0130K YASA \u00c7IKARALIM<\/p>\n<p>Son \u00fc\u00e7 y\u0131lda 18 milyon vatanda\u015f\u0131n elektri\u011finin kesildi\u011fini, ge\u00e7im s\u0131k\u0131nt\u0131s\u0131 nedeniyle son bir haftada, \u015e\u0131rnak&#8217;ta, Konya&#8217;da, Hatay&#8217;da, \u0130stanbul&#8217;da intiharlar\u0131n ya\u015fand\u0131\u011f\u0131n\u0131 bildirdi. 2002 ile 2018 d\u00f6nemleri aras\u0131nda 50 bin ki\u015finin intihar etti\u011fini kaydetti. Y\u00fcr\u00fctme ve yasaman\u0131n ekonomiye ili\u015fkin tedbir almas\u0131 gerekti\u011fini kaydeden Bulut, ancak Meclis\u2019te saray\u0131n ihtiya\u00e7lar\u0131n\u0131 kar\u015f\u0131layan yasalar\u0131n \u00e7\u0131kart\u0131ld\u0131\u011f\u0131n\u0131 belirtti. Meclis\u2019te denetleme g\u00f6revinin her partiye d\u00fc\u015ft\u00fc\u011f\u00fcn\u00fc kaydeden Bulut, \u201cYasama, h\u00fcviyetini sadece y\u00fcr\u00fctmenin ihtiyac\u0131na g\u00f6re kar\u015f\u0131lamaz; vatanda\u015f\u0131n ihtiyac\u0131na g\u00f6re de kar\u015f\u0131lamas\u0131 gerekir. \u00c7\u00fcnk\u00fc bu sistemin amac\u0131, vatanda\u015f\u0131n ihtiya\u00e7lar\u0131na g\u00f6re yasama hizmetlerinin yap\u0131lmas\u0131, yasama g\u00f6revinin yerine getirilmesi ama bak\u0131yoruz, y\u00fcr\u00fctmede Tayyip Erdo\u011fan; hukukta, yarg\u0131da Tayyip Erdo\u011fan. Bari y\u00fcr\u00fctmede Tayyip Erdo\u011fan&#8217;\u0131 b\u0131rakal\u0131m, vatanda\u015f\u0131n ihtiya\u00e7lar\u0131n\u0131 kar\u015f\u0131layan yasalar \u00e7\u0131kartal\u0131m \u201ddedi.<\/p>\n<p>EKONOM\u0130N\u0130N TEMEL\u0130 G\u00dcVEND\u0130R<\/p>\n<p>Ekonominin temelinin g\u00fcven oldu\u011fun kaydeden Bulut, \u201cE\u011fer g\u00fcven o \u00fclkede yoksa ekonomi dip yapar; yabanc\u0131 yat\u0131r\u0131mc\u0131lar gelmez, insanlar birbirine g\u00fcvenmez, ekonomik olarak da herhangi bir yat\u0131r\u0131ma girmez. G\u00fcven i\u00e7in de adalet, \u015feffafl\u0131k, denetleme, bireysel \u00f6zg\u00fcrl\u00fck, ba\u011f\u0131ms\u0131z yarg\u0131, kaliteli yasama, \u00f6zg\u00fcr bas\u0131n gerekir ama bak\u0131yorsunuz, bunlar\u0131n hi\u00e7biri bu \u00fclkede yok. O nedenle ekonominin dip yapmas\u0131 kadar da do\u011fal bir \u015fey yok. \u00a0Y\u00fcr\u00fctmeye ve AKP\u2019ye \u00f6nerim yirmi ayd\u0131r ne yap\u0131yorsan\u0131z onu yapmay\u0131n\u201d ifadelerini kulland\u0131.<br \/>\n\u00a0<\/p>\n","protected":false},"excerpt":{"rendered":"<p>CHP Adana Milletvekili Burhanettin Bulut, ekonominin temelinin g\u00fcven oldu\u011funu, g\u00fcveni sa\u011flamak i\u00e7in de adalet, \u015feffafl\u0131k, denetleme, ba\u011f\u0131ms\u0131z yarg\u0131, kaliteli yasama, \u00f6zg\u00fcr bas\u0131n gerekti\u011fini s\u00f6yledi. T\u00fcrkiye\u2019de bunlar\u0131n hi\u00e7birinin olmad\u0131\u011f\u0131 i\u00e7in ekonominin &hellip; <a href=\"https:\/\/mersinekonomipolitikagazetesi.com\/?p=5961\" class=\"more-link\">Devam\u0131n\u0131 Oku&#8230;<\/a><\/p>\n","protected":false},"author":1,"featured_media":0,"comment_status":"open","ping_status":"open","sticky":false,"template":"","format":"standard","meta":[],"categories":[],"tags":[],"_links":{"self":[{"href":"https:\/\/mersinekonomipolitikagazetesi.com\/index.php?rest_route=\/wp\/v2\/posts\/5961"}],"collection":[{"href":"https:\/\/mersinekonomipolitikagazetesi.com\/index.php?rest_route=\/wp\/v2\/posts"}],"about":[{"href":"https:\/\/mersinekonomipolitikagazetesi.com\/index.php?rest_route=\/wp\/v2\/types\/post"}],"author":[{"embeddable":true,"href":"https:\/\/mersinekonomipolitikagazetesi.com\/index.php?rest_route=\/wp\/v2\/users\/1"}],"replies":[{"embeddable":true,"href":"https:\/\/mersinekonomipolitikagazetesi.com\/index.php?rest_route=%2Fwp%2Fv2%2Fcomments&post=5961"}],"version-history":[{"count":0,"href":"https:\/\/mersinekonomipolitikagazetesi.com\/index.php?rest_route=\/wp\/v2\/posts\/5961\/revisions"}],"wp:attachment":[{"href":"https:\/\/mersinekonomipolitikagazetesi.com\/index.php?rest_route=%2Fwp%2Fv2%2Fmedia&parent=5961"}],"wp:term":[{"taxonomy":"category","embeddable":true,"href":"https:\/\/mersinekonomipolitikagazetesi.com\/index.php?rest_route=%2Fwp%2Fv2%2Fcategories&post=5961"},{"taxonomy":"post_tag","embeddable":true,"href":"https:\/\/mersinekonomipolitikagazetesi.com\/index.php?rest_route=%2Fwp%2Fv2%2Ftags&post=5961"}],"curies":[{"name":"wp","href":"https:\/\/api.w.org\/{rel}","templated":true}]}}