{"id":5962,"date":"2020-11-04T18:26:24","date_gmt":"2020-11-04T15:26:24","guid":{"rendered":"http:\/\/mersinekonomipolitikagazetesi.com\/?p=5962"},"modified":"2020-11-04T18:26:24","modified_gmt":"2020-11-04T15:26:24","slug":"balik-ciftliklerinin-denetlenmesi-lazim","status":"publish","type":"post","link":"https:\/\/mersinekonomipolitikagazetesi.com\/?p=5962","title":{"rendered":"&#8220;Bal\u0131k \u00e7iftliklerinin denetlenmesi laz\u0131m&#8221;"},"content":{"rendered":"<p>\u00c7iftlikte \u00fcretilen bal\u0131klar\u0131n fiyatlar\u0131na toptan sat\u0131\u015fta \u00e7iftlik sahiplerinin y\u00fczde 25 zam yapmas\u0131na, Mersinli bal\u0131k\u00e7\u0131lar tepki g\u00f6sterdi. Mersin Bal\u0131k\u00e7\u0131lar Derne\u011fi Ba\u015fkan Yard\u0131mc\u0131s\u0131 Adnan Polat, &#8220;\u015eu anda deniz bal\u0131\u011f\u0131n\u0131 \u00e7iftlik bal\u0131\u011f\u0131ndan daha ucuz sat\u0131yoruz. Bal\u0131k \u00e7iftliklerinin denetlenmesi laz\u0131m. Bu zamm\u0131 biz kabul etmiyoruz&#8221; dedi.\u00a0<br \/>\n\u015euandaki bal\u0131k fiyatlar\u0131 ve \u00e7iftlik bal\u0131klar\u0131nda ya\u015fad\u0131klar\u0131 s\u0131k\u0131nt\u0131yla ilgili \u0130HA muhabirine konu\u015fan Ba\u015fkan Polat, k\u0131\u015f ay\u0131 olmas\u0131ndan dolay\u0131 bal\u0131k \u00e7\u0131kma oran\u0131nda biraz d\u00fc\u015f\u00fc\u015f ya\u015fand\u0131\u011f\u0131n\u0131 s\u00f6yledi. Bu arada da bal\u0131k fiyatlar\u0131nda y\u00fczde 10 ile 15 aras\u0131nda bir art\u0131\u015f\u0131n oldu\u011funu kaydeden Polat, &#8220;Ancak Akdeniz&#8217;de havalar d\u00fczelmeye ba\u015flad\u0131. Fiyatlar\u0131m\u0131zda hemen hemen eski \u015fekline d\u00f6nd\u00fc. \u015eu anda fiyatlar sezonun ilk a\u00e7\u0131l\u0131\u015f fiyatlar\u0131na \u00e7ok yak\u0131n. Her \u00e7e\u015fit bal\u0131\u011f\u0131m\u0131z mevcut. Hamsiden, sardalyeden, barbunyadan, \u00e7inekop, levrek, \u00e7upraya kadar Akdeniz&#8217;de her t\u00fcrl\u00fc bal\u0131\u011f\u0131m\u0131z \u00e7\u0131k\u0131yor. Hamsi ile sardalye 10-15 lira, barbunya 25-30 lira aras\u0131nda gidiyor. Fiyatlar gayet uygun. Havalar d\u00fczeldikten sonra daha da d\u00fc\u015fecektir&#8221; \u015feklinde konu\u015ftu.\u00a0<\/p>\n<p>\u00c7upra ve levrek fiyatlar\u0131nda biraz s\u0131k\u0131nt\u0131 ya\u015fad\u0131klar\u0131n\u0131 vurgulayan Polat, &#8220;\u00c7iftlik \u00e7upras\u0131 ve levre\u011finde \u015fu anda fahi\u015f bir fiyat art\u0131\u015f\u0131 var. Bu bizden kaynaklanm\u0131yor. K\u00fclt\u00fcr bal\u0131\u011f\u0131 olmas\u0131na ra\u011fmen son bir ay i\u00e7erisinde toptan al\u0131\u015fa y\u00fczde 25 bir zam yapt\u0131lar. Bunu bizde halka yans\u0131tmak zorunda kal\u0131yoruz. Bu bizim elimizde olan bir \u015fey de\u011fil. Bu konuda bakanl\u0131klar\u0131m\u0131za \u00e7a\u011fr\u0131 yap\u0131yoruz. Bal\u0131k \u00e7iftliklerini denetlemeleri laz\u0131m. Kendi kafalar\u0131ndan b\u00f6yle fahi\u015f fiyat art\u0131ramazlar. Bu zamm\u0131 biz kabul etmiyoruz. Ortada bir deval\u00fcasyon yok, ekonomik sistem \u00e7\u00f6km\u00fc\u015f de\u011fil. Bunlar y\u0131l i\u00e7erisinde zaten peyder pey zam yapt\u0131lar. Biz bunu halka yans\u0131tmad\u0131k. Bu kadar fiyat art\u0131\u015f\u0131ndan dolay\u0131 halk bunu yiyemiyor. \u015eu anda deniz bal\u0131\u011f\u0131n\u0131 \u00e7iftlik bal\u0131\u011f\u0131ndan daha ucuz sat\u0131yoruz. B\u00f6yle bir\u015fey olur mu? Normalde deniz bal\u0131\u011f\u0131 daha palal\u0131 olmas\u0131 laz\u0131m. Bu \u00e7iftlik bal\u0131klar\u0131 neden yap\u0131l\u0131yor. Halk ucuz bal\u0131k yesin, ihracat yap\u0131ls\u0131n diye. Biz sadece bal\u0131k \u00e7iftliklerinin kazanaca\u011f\u0131 b\u00f6yle bir tekelle\u015fmeyi kabul etmiyoruz&#8221; diye konu\u015ftu.\u00a0<\/p>\n<p>Sezon a\u00e7\u0131k oldu\u011fundan dolay\u0131 vatanda\u015flar\u0131n bal\u0131\u011fa ilgi duydu\u011funu kaydeden Polat, &#8220;Ancak \u00e7iftlik bal\u0131klar\u0131na ilgi yok. \u00c7\u00fcnk\u00fc \u015fu anda en ucuz \u00e7iftlik bal\u0131\u011f\u0131n\u0131n kilosu 30 lira. Buda Mersin&#8217;in en ucuz bal\u0131k sat\u0131\u015f yeri olan bal\u0131k pazar\u0131nda bu fiyat. \u00c7\u00fcnk\u00fc 25-26 liraya bize maliyeti var. Daha \u00f6nce biz bunu 15 ile 18 lira aras\u0131nda al\u0131yorduk. Bu fiyatlar bu y\u0131l i\u00e7inde ald\u0131\u011f\u0131m\u0131z fiyatlard\u0131r. Bir anda toptan 25-26 liraya \u00e7\u0131kard\u0131lar. B\u00f6yle bir zam sistemi olamaz. Bakanl\u0131klar\u0131m\u0131z buna m\u00fcdahale etmesi gerekir. Bal\u0131k \u00e7iftliklerinin denetlenmesi gerekir&#8221; ifadelerini kulland\u0131. \u00a0<\/p>\n","protected":false},"excerpt":{"rendered":"<p>\u00c7iftlikte \u00fcretilen bal\u0131klar\u0131n fiyatlar\u0131na toptan sat\u0131\u015fta \u00e7iftlik sahiplerinin y\u00fczde 25 zam yapmas\u0131na, Mersinli bal\u0131k\u00e7\u0131lar tepki g\u00f6sterdi. Mersin Bal\u0131k\u00e7\u0131lar Derne\u011fi Ba\u015fkan Yard\u0131mc\u0131s\u0131 Adnan Polat, &#8220;\u015eu anda deniz bal\u0131\u011f\u0131n\u0131 \u00e7iftlik bal\u0131\u011f\u0131ndan daha &hellip; <a href=\"https:\/\/mersinekonomipolitikagazetesi.com\/?p=5962\" class=\"more-link\">Devam\u0131n\u0131 Oku&#8230;<\/a><\/p>\n","protected":false},"author":1,"featured_media":0,"comment_status":"open","ping_status":"open","sticky":false,"template":"","format":"standard","meta":[],"categories":[],"tags":[],"_links":{"self":[{"href":"https:\/\/mersinekonomipolitikagazetesi.com\/index.php?rest_route=\/wp\/v2\/posts\/5962"}],"collection":[{"href":"https:\/\/mersinekonomipolitikagazetesi.com\/index.php?rest_route=\/wp\/v2\/posts"}],"about":[{"href":"https:\/\/mersinekonomipolitikagazetesi.com\/index.php?rest_route=\/wp\/v2\/types\/post"}],"author":[{"embeddable":true,"href":"https:\/\/mersinekonomipolitikagazetesi.com\/index.php?rest_route=\/wp\/v2\/users\/1"}],"replies":[{"embeddable":true,"href":"https:\/\/mersinekonomipolitikagazetesi.com\/index.php?rest_route=%2Fwp%2Fv2%2Fcomments&post=5962"}],"version-history":[{"count":0,"href":"https:\/\/mersinekonomipolitikagazetesi.com\/index.php?rest_route=\/wp\/v2\/posts\/5962\/revisions"}],"wp:attachment":[{"href":"https:\/\/mersinekonomipolitikagazetesi.com\/index.php?rest_route=%2Fwp%2Fv2%2Fmedia&parent=5962"}],"wp:term":[{"taxonomy":"category","embeddable":true,"href":"https:\/\/mersinekonomipolitikagazetesi.com\/index.php?rest_route=%2Fwp%2Fv2%2Fcategories&post=5962"},{"taxonomy":"post_tag","embeddable":true,"href":"https:\/\/mersinekonomipolitikagazetesi.com\/index.php?rest_route=%2Fwp%2Fv2%2Ftags&post=5962"}],"curies":[{"name":"wp","href":"https:\/\/api.w.org\/{rel}","templated":true}]}}