{"id":5963,"date":"2020-11-04T18:26:24","date_gmt":"2020-11-04T15:26:24","guid":{"rendered":"http:\/\/mersinekonomipolitikagazetesi.com\/?p=5963"},"modified":"2020-11-04T18:26:24","modified_gmt":"2020-11-04T15:26:24","slug":"turkiye-kimsenin-oteli-degil","status":"publish","type":"post","link":"https:\/\/mersinekonomipolitikagazetesi.com\/?p=5963","title":{"rendered":"T\u00dcRK\u0130YE K\u0130MSEN\u0130N OTEL\u0130 DE\u011e\u0130L!"},"content":{"rendered":"<p>G\u00f6\u00e7 \u0130daresi Genel M\u00fcd\u00fcr Yard\u0131mc\u0131s\u0131 Dr. G\u00f6k\u00e7e Ok, T\u00fcrkiye\u2019nin bug\u00fcn art\u0131k g\u00f6\u00e7e hedef \u00fclke haline geldi\u011fini, ancak hem d\u00fczensiz hem de d\u00fczenli g\u00f6\u00e7\u00fc \u00e7ok iyi y\u00f6netti\u011fini s\u00f6yledi. T\u00fcrkiye\u2019nin, son 5 ayd\u0131r \u2018yabanc\u0131 ter\u00f6rist sava\u015f\u00e7\u0131lar\u0131\u2019 \u00fclkelerine g\u00f6nderdi\u011fine i\u015faret eden Ok, \u201cT\u00fcrkiye kimsenin oteli de\u011fil. Hem bu co\u011frafyay\u0131 kar\u0131\u015ft\u0131racaks\u0131n\u0131z, karde\u015fi karde\u015fe k\u0131rd\u0131racaks\u0131n\u0131z hem de bu yabanc\u0131 ter\u00f6rist sava\u015f\u00e7\u0131lar\u0131 almayacaks\u0131n\u0131z. Hi\u00e7 kimsenin b\u00f6yle bir l\u00fcks\u00fc yok\u201d dedi.\u00a0<br \/>\nG\u00f6\u00e7 \u0130daresi Genel M\u00fcd\u00fcrl\u00fc\u011f\u00fc (G\u0130GM) Uyum ve \u0130leti\u015fim Dairesi Ba\u015fkanl\u0131\u011f\u0131 ile Birle\u015fmi\u015f Milletler M\u00fclteciler Y\u00fcksek Komiserli\u011fi (BMMYK) i\u015fbirli\u011finde Mersin\u2019de \u2018Uluslararas\u0131 \u00d6\u011frenci ve Akademisyenler Sosyal Uyum Bulu\u015fmas\u0131\u2019 ger\u00e7ekle\u015ftirildi. Akdeniz B\u00f6lgesini kapsayan ve &#8220;Ak\u0131l, bilim, mant\u0131k ve uyum&#8221; slogan\u0131yla bir otelde d\u00fczenlenen toplant\u0131ya, Mersin Valisi Ali \u0130hsan Su, G\u0130GM Genel M\u00fcd\u00fcr Yard\u0131mc\u0131s\u0131 Dr. G\u00f6k\u00e7e Ok, G\u0130GM Uyum ve \u0130leti\u015fim Dairesi Ba\u015fkan\u0131 Dr. Ayd\u0131n Keskin Kad\u0131o\u011flu&#8217;nun yan\u0131 s\u0131ra Mersin, Isparta, Antalya, Burdur, Kahramanmara\u015f, Hatay, Osmaniye ve Adana illerinde g\u00f6\u00e7 alan\u0131nda \u00e7al\u0131\u015fan akademisyenler ile G\u00f6\u00e7 \u0130daresinde \u00e7al\u0131\u015fan uzmanlar kat\u0131ld\u0131.\u00a0<\/p>\n<p>\u201cT\u00fcrkiye, g\u00f6\u00e7 politikalar\u0131n\u0131 d\u00fcnyan\u0131n hi\u00e7bir \u00fclkesinin ger\u00e7ekle\u015ftiremedi\u011fi kapasiteyle y\u00f6netiyor\u201d<br \/>\n\u00a0<br \/>\nToplant\u0131n\u0131n a\u00e7\u0131l\u0131\u015f\u0131nda konu\u015fan G\u00f6\u00e7 \u0130daresi Genel M\u00fcd\u00fcr Yard\u0131mc\u0131s\u0131 Dr. G\u00f6k\u00e7e Ok, Uyum ve \u0130leti\u015fim Dairesi Ba\u015fkanl\u0131\u011f\u0131 ile yakla\u015f\u0131k iki y\u0131ld\u0131r T\u00fcrkiye\u2019de g\u00f6\u00e7 politikalar\u0131 ve uyum faaliyetleri ad\u0131na \u00f6nemli i\u015fler yap\u0131ld\u0131\u011f\u0131n\u0131 s\u00f6yledi. T\u00fcrkiye\u2019nin g\u00f6\u00e7 politikalar\u0131n\u0131n \u015fekillenmesi noktas\u0131nda fikirlerin a\u00e7\u0131k y\u00fcreklilikle ortaya konulmas\u0131 gerekti\u011finin alt\u0131n\u0131 \u00e7izen Ok, \u201cBizim bu perspektife ihtiyac\u0131m\u0131z var. T\u00fcrkiye Cumhuriyeti Devleti, bug\u00fcn g\u00f6\u00e7 politikalar\u0131n\u0131 d\u00fcnyan\u0131n hi\u00e7bir \u00fclkesinin ger\u00e7ekle\u015ftiremedi\u011fi bir kapasite ile ak\u0131lla, bilimle ve mant\u0131kla kurguluyor, y\u00fcr\u00fct\u00fcyor ve y\u00f6netiyor. Bu, \u00e7ok a\u00e7\u0131k ve net\u201d dedi.\u00a0<\/p>\n<p>\u201cT\u00fcrkiye, bug\u00fcn art\u0131k g\u00f6\u00e7e hedef \u00fclke haline geldi\u201d<br \/>\n\u00a0<br \/>\nGe\u00e7en y\u0131llarda Balkanlardan, Kuzey Afrika\u2019dan Avrupa\u2019ya gitmeye \u00e7al\u0131\u015fan Suriyelilere uygulanan insanl\u0131k d\u0131\u015f\u0131 davran\u0131\u015flar\u0131 ve Amerika s\u0131n\u0131r\u0131nda ya\u015fanan insanl\u0131k dram\u0131n\u0131 \u00f6rnek veren Ok, T\u00fcrkiye\u2019nin onlardan fark\u0131n\u0131 \u015f\u00f6yle anlatt\u0131:\u00a0<br \/>\n\u201cBiz onlardan farkl\u0131 olarak hem d\u00fczensiz g\u00f6\u00e7\u00fc hem de d\u00fczenli g\u00f6\u00e7\u00fc 6458 say\u0131l\u0131 Yabanc\u0131lar ve Uluslararas\u0131 Koruma Kanununun bize verdi\u011fi yetki ve sorumlulukla gayet g\u00fczel bir \u015fekilde y\u00f6netiyoruz. Ama biz bu i\u015fi yaparken zeminimizi bir noktaya bas\u0131yoruz; o da insanl\u0131k ve vicdand\u0131r. T\u00fcrkiye\u2019nin fark\u0131 budur. Bir zamanlar transit ge\u00e7i\u015f \u00fclkesi veya k\u00f6pr\u00fc vazifesi g\u00f6ren Anadolu, bug\u00fcn art\u0131k g\u00f6\u00e7e hedef \u00fclke haline geldi. Bug\u00fcn baz\u0131 konu\u015fmad\u0131\u011f\u0131m\u0131z parametrelerden dolay\u0131 T\u00fcrkiye art\u0131k g\u00f6\u00e7e hedef konumunda. G\u00f6\u00e7\u00fcn transit olarak ge\u00e7ti\u011fi bir \u00fclkeden ziyade g\u00f6\u00e7e hedef durumunday\u0131z.\u201d\u00a0<\/p>\n<p>\u201cG\u00f6\u00e7 yolculu\u011fu hi\u00e7 durmayacak, artarak ve katlanarak devam edecek\u201d<br \/>\n\u00a0<br \/>\nT\u00fcrkiye\u2019nin \u00e7ok yak\u0131n co\u011frafyas\u0131nda insani dramlar ya\u015fand\u0131\u011f\u0131na dikkat \u00e7eken Ok, bu insani dramlar sonucunda bug\u00fcn T\u00fcrkiye\u2019de 3,6 milyon ge\u00e7ici koruma stat\u00fcs\u00fcnde Suriyeli bulundu\u011funu kaydetti. G\u00f6\u00e7 terminolojisinde \u2018karde\u015flerimiz ve misafirlerimiz\u2019 kavram\u0131 bulunmad\u0131\u011f\u0131n\u0131, ancak T\u00fcrkiye\u2019nin bu kavramlar\u0131 insanl\u0131k ve vicdan borcundan ald\u0131\u011f\u0131n\u0131 ifade etti. Ok, \u201cElbette ki, g\u00f6\u00e7 terminolojisinde bu iki kavram yok ama siz bundan uzak durdu\u011funuz m\u00fcddet\u00e7e g\u00f6\u00e7\u00fc bir politika olarak y\u00f6netmeniz de m\u00fcmk\u00fcn de\u011fil. \u00c7\u00fcnk\u00fc g\u00f6\u00e7 yolculu\u011fu hi\u00e7 durmayacak, artarak ve katlanarak devam edecek. Afganistan\u2019da insanlar Hinduku\u015f Da\u011flar\u0131nda a\u011fa\u00e7lardan yaprak yiyorlar ve ayl\u0131k 15 dolar ile ge\u00e7inmeye \u00e7al\u0131\u015f\u0131yorlar; o da i\u015f g\u00fcc\u00fcne ula\u015fabilenler. \u0130nsanlar, \u2018ayl\u0131k 200-300 dolara ula\u015fabilirim\u2019 hayalini kurduklar\u0131 m\u00fcddet\u00e7e, do\u011fudan bat\u0131ya do\u011fru medeni oldu\u011funu iddia eden \u00fclkelere g\u00f6\u00e7meleri konusunda ak\u0131l ve felsefe olarak \u00f6nlerinde hi\u00e7bir engel duramaz. Yoksulluk, yoksunluk, k\u0131tl\u0131k, su kaynaklar\u0131na eri\u015fimin azald\u0131\u011f\u0131 bir durumda ve iklim g\u00f6\u00e7\u00fc bir tehlike kap\u0131m\u0131zda oldu\u011fu m\u00fcddet\u00e7e de bu mobilizasyon durmayacakt\u0131r. Hatta akademik \u00e7evrelerde, bir m\u00fcddet sonra Avrupa ve Amerika k\u0131tas\u0131n\u0131n kuzeyinin de farkl\u0131 co\u011frafyalara hareketlenece\u011fi, g\u00f6\u00e7ece\u011fi konu\u015fuluyor. Sadece 2050 y\u0131l\u0131nda 350 milyon insan\u0131n yerinden ve yurdundan edilece\u011fi konu\u015fuluyor\u201d diye konu\u015ftu.\u00a0<\/p>\n<p>\u201c\u0130kinci Avrupa, elini bu co\u011frafyadan \u00e7eksin, bu co\u011frafyan\u0131n zenginlikleri bu co\u011frafyan\u0131n \u00e7ocuklar\u0131na yeter\u201d\u00a0<br \/>\nT\u00fcrkiye\u2019nin bu g\u00f6\u00e7 hareketleriyle ilgili k\u0131sa, orta ve uzun perspektifte politikalar geli\u015ftirmek durumunda oldu\u011funu vurgulayan Ok, \u201cBu yolda ak\u0131l alabilece\u011fimiz, fikirlerine ba\u015fvurabilece\u011fimiz tek nokta akademi noktas\u0131d\u0131r. Biz, \u2018D\u00fcnya 5\u2019ten b\u00fcy\u00fckt\u00fcr\u2019 derken, medeniyeti elinde tutanlar d\u00fcnyan\u0131n geri kalan k\u0131sm\u0131n\u0131n kaynaklar\u0131n\u0131 bu kadar hoyrat\u00e7a t\u00fcketmemelidir. Yak\u0131n d\u00f6nem politikalar\u0131 ve yak\u0131n co\u011frafyam\u0131z i\u00e7in bu foto\u011fraf\u0131 \u00e7ekmemiz gerekiyor. Biz, bat\u0131n\u0131n bilimi, felsefesi, sanat\u0131, teknolojisine \u2018hay\u0131r\u2019 demiyoruz ama bat\u0131n\u0131n bir de insanl\u0131k ve vicdan sacaya\u011f\u0131na oturmayan bir ba\u015fka y\u00fcz\u00fc var. Kanl\u0131 ve kar\u0131\u015f\u0131k bir eli ve akl\u0131 var. \u0130\u015fte o ikinci Avrupa, elini bu co\u011frafyadan \u00e7eksin, bu co\u011frafyan\u0131n zenginlikleri bu co\u011frafyan\u0131n \u00e7ocuklar\u0131na yeter de artar bile\u201d ifadelerini kulland\u0131.\u00a0<\/p>\n<p>\u201c\u0130ki sene i\u00e7inde T\u00fcrkiye\u2019ye 50 milyon insan dolar\u201d<br \/>\n\u00a0<br \/>\n\u2019S\u0131n\u0131r kap\u0131lar\u0131n\u0131 a\u00e7al\u0131m Avrupa\u2019ya gitsinler\u2019 s\u00f6ylemini ve yap\u0131lan ele\u015ftirileri de de\u011ferlendiren Ok, \u201cS\u0131n\u0131r kap\u0131lar\u0131n\u0131 a\u00e7\u0131p da s\u0131\u011f\u0131nmac\u0131lar\u0131n, m\u00fcltecilerin, g\u00f6\u00e7menlerin Avrupa\u2019ya ge\u00e7mesi noktas\u0131nda bir ak\u0131l y\u00fcr\u00fct\u00fcrseniz, iki sene i\u00e7inde T\u00fcrkiye\u2019ye 50 milyon insan dolar. Bu rakam\u0131 akademik bir mod\u00fclleme ile veriyorum. Teknelerin bat\u0131r\u0131ld\u0131\u011f\u0131 bir Akdeniz\u2019den Afrikal\u0131lar ge\u00e7emedi\u011fine g\u00f6re, Avrupa\u2019ya gidebilmek i\u00e7in Ortado\u011fu \u00fczerinden Anadolu\u2019ya y\u00f6nelecekler. Bu kadar a\u00e7\u0131k ve nettir. Banglade\u015f, Afganistan, Pakistan zaten ak\u0131n ak\u0131n geliyorlar. Bat\u0131 s\u0131n\u0131rlar\u0131n\u0131z\u0131 a\u00e7t\u0131\u011f\u0131n\u0131z zaman Anadolu\u2019ya y\u00f6nelecekler\u201d \u015feklinde konu\u015ftu.\u00a0<\/p>\n<p>\u201cDerdimiz b\u00fcy\u00fck. B\u00fcy\u00fcd\u00fck\u00e7e de derdimiz b\u00fcy\u00fcyecek. Ama bunlarla hep birlikte m\u00fccadele edebiliriz\u201d diyen Ok, \u015f\u00f6yle devam etti:\u00a0<br \/>\n\u201cBiz y\u00f6netemedi\u011fimiz krizlerden korkal\u0131m. G\u00f6\u00e7\u00fcn kriz de\u011fil, f\u0131rsat olan k\u0131sm\u0131na odaklanmal\u0131y\u0131z. Etkin bir s\u0131n\u0131r denetimiyle ve g\u00f6\u00e7\u00fc kayna\u011f\u0131nda durdurarak d\u00fczensiz g\u00f6\u00e7le m\u00fccadele etme azmimizi sonuna kadar ger\u00e7ekle\u015ftirece\u011fiz. Son 5 ayd\u0131r ayr\u0131ca cumhuriyet tarihinde ilk defa \u2018yabanc\u0131 ter\u00f6rist sava\u015f\u00e7\u0131\u2019 olarak kavramsalla\u015ft\u0131rd\u0131\u011f\u0131m\u0131z insanlar\u0131 \u00fclkelerine g\u00f6nderiyoruz. T\u00fcrkiye kimsenin oteli de\u011fil. Hem bu co\u011frafyay\u0131 kar\u0131\u015ft\u0131racaks\u0131n\u0131z, karde\u015fi karde\u015fe k\u0131rd\u0131racaks\u0131n\u0131z hem de bu yabanc\u0131 ter\u00f6rist sava\u015f\u00e7\u0131lar\u0131 almayacaks\u0131n\u0131z. Hi\u00e7 kimsenin b\u00f6yle bir l\u00fcks\u00fc yok. Hem ter\u00f6r\u00fc \u00fcreteceksiniz hem de ter\u00f6r\u00fcn maiyetini, ter\u00f6rize etti\u011finiz \u00fclkelere y\u00fckleyeceksiniz. B\u00f6yle bir \u015fey yok. D\u00fczensiz g\u00f6\u00e7 ile m\u00fccadele edece\u011fiz. Yakalama, geri g\u00f6nderme say\u0131lar\u0131m\u0131z\u0131n artmas\u0131 daha fazla insan geldi\u011fi anlam\u0131na gelmiyor; etkin bir \u015fekilde m\u00fccadele etti\u011fimizi g\u00f6steriyor.\u201d\u00a0<\/p>\n<p>\u201cG\u00f6\u00e7menin ad\u0131n\u0131n sadece Suriyeliler olmas\u0131 b\u00fcy\u00fck bir haks\u0131zl\u0131k\u201d<br \/>\n\u00a0<br \/>\nG\u00f6\u00e7\u00fc sadece Suriyeliler \u00fczerinden dillendirmeye \u00e7al\u0131\u015fman\u0131n do\u011fru olmad\u0131\u011f\u0131n\u0131 da belirten Ok, \u201cAkademik unvan sahibi insanlar\u0131n bir tak\u0131m meseleleri sadece Suriyeliler \u00fczerinden anlatmaya \u00e7al\u0131\u015fmalar\u0131 ve modern zamanlarda g\u00f6\u00e7menin ad\u0131n\u0131n sadece Suriyeliler olmas\u0131 b\u00fcy\u00fck bir haks\u0131zl\u0131k. S\u00f6yleyece\u011fimiz \u015feyler insanl\u0131k su\u00e7una d\u00f6n\u00fc\u015fmemeli. \u0130nsanlar\u0131 ay\u0131rmamam\u0131z ve ayr\u0131\u015ft\u0131rmamam\u0131z gerekiyor. Uyum politikalar\u0131 yap\u0131l\u0131yor diye k\u0131yamet kopuyor. Bizim uyumdan kast\u0131m\u0131z ahenktir. Biz buna entegrasyon, asimilasyon demedik. Kendi anlam d\u00fcnyam\u0131z ile bir ruh verelim istedik. Uyum kal\u0131c\u0131l\u0131k demek de\u011fildir. Uyum bir \u015fekilde gelmi\u015f olanlar ve g\u00fcn\u00fc geldi\u011finde gidecek olanlar\u0131n geriye d\u00f6nd\u00fc\u011f\u00fcnde buran\u0131n el\u00e7isi olabilmesinin ad\u0131d\u0131r. Kal\u0131c\u0131 olan\u0131n da bu \u00fclkeye katma de\u011fer \u00fcretebilmesinin ad\u0131d\u0131r. Suriyeliler bug\u00fcn misafir olarak kal\u0131yorlar, g\u00fcn\u00fc geldi\u011finde geri d\u00f6necekler. Bunlar\u0131n yeti\u015fmi\u015f insan g\u00fcc\u00fcne T\u00fcrkiye neden vatanda\u015fl\u0131k vermesin? Vatanda\u015fl\u0131k dedi\u011finiz bir aidiyet, ruh ve kimliktir. Buras\u0131 i\u00e7in \u00fcretebilecek herkese kap\u0131 a\u00e7\u0131k. T\u00fcm d\u00fcnya zaten bu tip g\u00f6\u00e7lerle, vatanda\u015fl\u0131kla ileriye gidiyor. G\u00f6\u00e7 al\u0131p da geriye gitmi\u015f hi\u00e7bir bir \u00fclke yoktur\u201d dedi.\u00a0<\/p>\n<p>Vali Su: \u201c\u00d6nemli olan, g\u00f6\u00e7\u00fc y\u00f6netebilmektir. Biz g\u00f6\u00e7 konusunu \u00e7ok g\u00fczel y\u00f6netiyoruz\u201d\u00a0<\/p>\n<p>Vali \u0130hsan Su, bulundu\u011fu konum, siyasi istikrar, sosyal ve ekonomik geli\u015fmi\u015flik ile g\u00f6\u00e7menlere yakla\u015f\u0131m\u0131 dolay\u0131s\u0131yla T\u00fcrkiye\u2019nin g\u00f6\u00e7menler a\u00e7\u0131s\u0131ndan bir cazibe merkezi haline geldi\u011fini s\u00f6yledi. Su, \u201c\u00d6nemli olan, g\u00f6\u00e7\u00fc y\u00f6netebilmektir. Biz g\u00f6\u00e7 konusunu \u00e7ok g\u00fczel y\u00f6netiyoruz\u201d dedi.<br \/>\nMersin Valisi Ali \u0130hsan Su ise g\u00f6\u00e7\u00fcn, insanl\u0131\u011f\u0131n ka\u00e7\u0131n\u0131lmaz bir olgusu oldu\u011funun alt\u0131n\u0131 \u00e7izdi. D\u00fcnyan\u0131n en merkezi yerinde bulunmas\u0131, son y\u0131llardaki siyasal istikrar, sosyal ve ekonomik geli\u015fmeler, insan hak ve h\u00fcrriyetlerindeki geli\u015fmeler ile sayg\u0131n\u0131n, T\u00fcrkiye\u2019yi bir cazibe merkezi haline getirdi\u011fine dikkat \u00e7eken Su, \u201cT\u00fcm bunlara ilaveten bizim insanlar\u0131m\u0131z\u0131n inanc\u0131ndan, k\u00fclt\u00fcr\u00fcnden kaynaklana insan sevgisi, insana bak\u0131\u015f a\u00e7\u0131s\u0131, insan\u0131 yaratandan dolay\u0131 sevmesi ve kucaklamas\u0131 da ayr\u0131ca herkes i\u00e7in ayr\u0131 bir cazibe merkezi olu\u015fturuyor. Millet olarak bu imaj\u0131m\u0131z\u0131n \u00e7ok g\u00fc\u00e7l\u00fc ve kuvvetli olmas\u0131 g\u00fczel bir \u015fey\u201d dedi.\u00a0<br \/>\n\u00d6te yandan, T\u00fcrkiye\u2019nin \u00e7evresindeki \u00fclkelerde var olan istikrars\u0131zl\u0131klar, sava\u015flar ve a\u00e7l\u0131klar\u0131n da g\u00f6\u00e7 olay\u0131n\u0131 tetikledi\u011fini kaydeden Su, \u201c\u00d6nemli olan, g\u00f6\u00e7\u00fc y\u00f6netebilmektir. \u00dclkemizde 5 milyon civar\u0131nda g\u00f6\u00e7men var ama gururla s\u00f6yl\u00fcyorum ki; g\u00f6\u00e7 konusunu \u00e7ok g\u00fczel y\u00f6netiyoruz. D\u00fcnyada bu konuyu en iyi \u015fekilde y\u00f6neten bir \u00fclkeyiz. Bu da bizim art\u0131 de\u011ferlerimizden. \u00c7\u00fcnk\u00fc biz insana insan oldu\u011fu i\u00e7in de\u011fer veriyoruz. \u2018Ondan istifade edelim, ondan yararlanal\u0131m, bize ne faydas\u0131 olur\u2019 diye d\u00fc\u015f\u00fcnm\u00fcyoruz. Onun insani ihtiya\u00e7lar\u0131n\u0131 kar\u015f\u0131lama noktas\u0131nda elimizden gelen her \u015feyi yapmaya gayret ediyoruz. Bundan sonra da devam edece\u011fiz. Bunu g\u00fczel y\u00f6netmek \u00f6nemli. Bunun gelecekte de T\u00fcrkiye a\u00e7\u0131s\u0131ndan s\u0131k\u0131nt\u0131lar olu\u015fturmamas\u0131 i\u00e7in \u00e7ok iyi y\u00f6netilmemesi gerekiyor. \u0130n\u015fallah daha g\u00fczel i\u015fler ba\u015faraca\u011f\u0131z, hep birlikte yapaca\u011f\u0131z. G\u00f6\u00e7\u00fcn iyi y\u00f6netilebilmesi i\u00e7in de bakanl\u0131\u011f\u0131m\u0131z her kesim ile \u00e7ok ciddi \u00e7al\u0131\u015fmalar yap\u0131yor, \u2018neler yapabiliriz, neler yapmal\u0131y\u0131z?\u2019 sorular\u0131n\u0131 sorarak, cevap ar\u0131yor ve buna g\u00f6re politika belirliyor. Yani biz g\u00f6\u00e7 politikalar\u0131m\u0131z\u0131 masa ba\u015f\u0131nda yapm\u0131yoruz. Akademisyenler ve buna konu olan ki\u015filerle g\u00f6r\u00fc\u015fmelerle, ortaya \u00e7\u0131kan bilimsel veriler ile y\u00f6nlendiriyoruz\u201d dedi.\u00a0<br \/>\n\u00a0<br \/>\nToplant\u0131n\u0131n a\u00e7\u0131l\u0131\u015f\u0131nda konu\u015fan Mersin \u0130l G\u00f6\u00e7 \u0130daresi M\u00fcd\u00fcr\u00fc H\u00fcseyin Kemal \u0130lday, T\u00fcrkiye\u2019nin g\u00f6\u00e7 hareketlerine kar\u015f\u0131 ciddi bir deneyimi oldu\u011funu, son 150 y\u0131l i\u00e7inde bir\u00e7ok g\u00f6\u00e7 hareketini kendi b\u00fcnyesine kabul etti\u011fini ve insani olarak yapmas\u0131 gerekenin \u00f6tesinde \u00e7al\u0131\u015fmalar sergiledi\u011fini s\u00f6yledi. Bundan sonraki s\u00fcre\u00e7te de T\u00fcrkiye\u2019nin yard\u0131m\u0131na ihtiya\u00e7 uyan insanlar\u0131n yard\u0131m\u0131na ko\u015fmaya devam edeceklerini vurgulayan \u0130lday, \u201c192 farkl\u0131 \u00fclkeden 5 milyonu a\u015fk\u0131n insan\u0131 \u00fclkemizde misafir etmekteyiz. \u0130nsanlar \u00e7e\u015fitli nedenlerden \u00fclkemize g\u00f6\u00e7 etmekte veya g\u00f6\u00e7 etmek zorunda b\u0131rak\u0131lmaktad\u0131rlar. G\u00fcn\u00fcm\u00fczde ise \u00f6\u011frencilerin e\u011fitim i\u00e7in \u00fclkemize gelmelerinin gururunu ya\u015f\u0131yoruz. \u00dclkemizde son d\u00f6nemde \u00fcniversite, ara\u015ft\u0131rma merkezi, akademisyen say\u0131s\u0131 ve uluslararas\u0131 boyutta y\u00fcksek \u00f6\u011frenim alan\u0131nda b\u00fcy\u00fck bir de\u011fi\u015fim ya\u015fanmaktad\u0131r. Son 10 y\u0131lda y\u00fcksek \u00f6\u011fretim kurumlar\u0131m\u0131zda okuyan uluslararas\u0131 \u00f6\u011frenci say\u0131s\u0131nda y\u00fczde 75 oranda bir art\u0131\u015f kaydedildi. Ve yine 25 bini burslu olmak \u00fczere 148 \u00f6\u011frenci ile uluslararas\u0131 arenada en fazla \u00f6\u011frenci a\u011f\u0131rlayan \u00fclkelerden biri halene geldik\u201d diye konu\u015ftu.\u00a0<br \/>\nD\u00fcnya genelinde kendi \u00fclkesi d\u0131\u015f\u0131nda e\u011fitim g\u00f6renlerin say\u0131s\u0131n\u0131n h\u0131zla art\u0131\u015f g\u00f6sterdi\u011fine i\u015faret eden \u0130lday, kendi \u00fclkelerinden ba\u015fka \u00fclkede e\u011fitim g\u00f6renlerin say\u0131s\u0131 1975\u2019de 800 bin iken 2010\u2019da 4,5 milyona ve bug\u00fcn 7,5 milyona ula\u015ft\u0131\u011f\u0131n\u0131 dile getirdi. Yabanc\u0131 \u00f6\u011frenci say\u0131s\u0131n\u0131n 2030 y\u0131l\u0131nda 20 milyona \u00e7\u0131kaca\u011f\u0131n\u0131n tahmin edildi\u011fini kaydeden \u0130lday, \u201cDi\u011fer yandan t\u00fcm d\u00fcnyada y\u00fcksek \u00f6\u011frenime kay\u0131tl\u0131 \u00f6\u011frenci say\u0131s\u0131 da h\u0131zla artmaktad\u0131r. 2009\u2019da y\u00fcksek \u00f6\u011frenime kay\u0131tl\u0131 \u00f6\u011frenci say\u0131s\u0131 170 milyon iken 2025\u2019de bu say\u0131n\u0131n 262 milyon olaca\u011f\u0131 tahmin edilmektedir. \u00dclkemiz bu alandaki \u00e7al\u0131\u015fmalar\u0131n\u0131 \u00f6ncelikli olarak di\u011fer \u00fclkelerle kurulacak ili\u015fkiler a\u00e7\u0131s\u0131ndan \u00e7ok \u00f6nemli bir f\u0131rsat olaca\u011f\u0131n\u0131 de\u011ferlendirmektedir. Bizler Mersin \u0130l G\u00f6\u00e7 \u0130daresi olarak, G\u00f6\u00e7 \u0130daresi Genel M\u00fcd\u00fcrl\u00fc\u011f\u00fcm\u00fcz\u00fcn 2019 y\u0131l\u0131n\u0131 \u2018uyum y\u0131l\u0131\u2019 olarak ilan etmesi \u00fczerine uyum \u00e7al\u0131\u015fmalar\u0131m\u0131za 2020 y\u0131l\u0131 i\u00e7erisinde de h\u0131z kesmeden devam edece\u011fiz\u201d ifadelerini kulland\u0131. \u00a0<\/p>\n","protected":false},"excerpt":{"rendered":"<p>G\u00f6\u00e7 \u0130daresi Genel M\u00fcd\u00fcr Yard\u0131mc\u0131s\u0131 Dr. G\u00f6k\u00e7e Ok, T\u00fcrkiye\u2019nin bug\u00fcn art\u0131k g\u00f6\u00e7e hedef \u00fclke haline geldi\u011fini, ancak hem d\u00fczensiz hem de d\u00fczenli g\u00f6\u00e7\u00fc \u00e7ok iyi y\u00f6netti\u011fini s\u00f6yledi. T\u00fcrkiye\u2019nin, son 5 &hellip; <a href=\"https:\/\/mersinekonomipolitikagazetesi.com\/?p=5963\" class=\"more-link\">Devam\u0131n\u0131 Oku&#8230;<\/a><\/p>\n","protected":false},"author":1,"featured_media":0,"comment_status":"open","ping_status":"open","sticky":false,"template":"","format":"standard","meta":[],"categories":[],"tags":[],"_links":{"self":[{"href":"https:\/\/mersinekonomipolitikagazetesi.com\/index.php?rest_route=\/wp\/v2\/posts\/5963"}],"collection":[{"href":"https:\/\/mersinekonomipolitikagazetesi.com\/index.php?rest_route=\/wp\/v2\/posts"}],"about":[{"href":"https:\/\/mersinekonomipolitikagazetesi.com\/index.php?rest_route=\/wp\/v2\/types\/post"}],"author":[{"embeddable":true,"href":"https:\/\/mersinekonomipolitikagazetesi.com\/index.php?rest_route=\/wp\/v2\/users\/1"}],"replies":[{"embeddable":true,"href":"https:\/\/mersinekonomipolitikagazetesi.com\/index.php?rest_route=%2Fwp%2Fv2%2Fcomments&post=5963"}],"version-history":[{"count":0,"href":"https:\/\/mersinekonomipolitikagazetesi.com\/index.php?rest_route=\/wp\/v2\/posts\/5963\/revisions"}],"wp:attachment":[{"href":"https:\/\/mersinekonomipolitikagazetesi.com\/index.php?rest_route=%2Fwp%2Fv2%2Fmedia&parent=5963"}],"wp:term":[{"taxonomy":"category","embeddable":true,"href":"https:\/\/mersinekonomipolitikagazetesi.com\/index.php?rest_route=%2Fwp%2Fv2%2Fcategories&post=5963"},{"taxonomy":"post_tag","embeddable":true,"href":"https:\/\/mersinekonomipolitikagazetesi.com\/index.php?rest_route=%2Fwp%2Fv2%2Ftags&post=5963"}],"curies":[{"name":"wp","href":"https:\/\/api.w.org\/{rel}","templated":true}]}}