{"id":5973,"date":"2020-11-04T18:26:25","date_gmt":"2020-11-04T15:26:25","guid":{"rendered":"http:\/\/mersinekonomipolitikagazetesi.com\/?p=5973"},"modified":"2020-11-04T18:26:25","modified_gmt":"2020-11-04T15:26:25","slug":"devletin-art-niyetle-iptal-ettigi-basin-karti-yok","status":"publish","type":"post","link":"https:\/\/mersinekonomipolitikagazetesi.com\/?p=5973","title":{"rendered":"\u201cDevletin Art Niyetle \u0130ptal Etti\u011fi Bas\u0131n Kart\u0131 Yok\u201d"},"content":{"rendered":"<p>\u0130leti\u015fim Ba\u015fkanl\u0131\u011f\u0131 Adana B\u00f6lge M\u00fcd\u00fcrl\u00fc\u011f\u00fc Mersin Gazeteciler Cemiyeti\u2019nde bas\u0131n mensuplar\u0131yla bir araya geldi. \u0130sti\u015fare toplant\u0131s\u0131na Adana \u0130leti\u015fim M\u00fcd\u00fcr\u00fc Mustafa Kele\u015f, Mersin Sorumlusu Yusuf Y\u00fcksel ve Mersin Gazeteciler Cemiyeti Ba\u015fkan\u0131 R\u00fcstem Kaya Tepe ile bas\u0131n \u00e7al\u0131\u015fanlar\u0131 kat\u0131ld\u0131.<br \/>\n\u00a0<br \/>\nMersin\u2019in b\u00f6lgesel alanda 4\u2019\u00fcnc\u00fc b\u00fcy\u00fck alanda yer ald\u0131\u011f\u0131n\u0131 ve ekonomik a\u00e7\u0131ndan ve medya ba\u011flam\u0131nda \u00f6nemsendi\u011fini belirten Kele\u015f, \u201cYakla\u015f\u0131k 2 milyona yak\u0131n n\u00fcfusa sahip bir \u015fehir olarak Mersin ekonomik ve turizm a\u00e7\u0131s\u0131ndan b\u00fcy\u00fck bir de\u011fere sahip. \u0130stanbul, Ankara, \u0130zmir ve Adana medya yo\u011funlu\u011fu bak\u0131m\u0131ndan s\u0131ralan\u0131yor. B\u00f6lgemizde bizlerin link verdi\u011fi onaylanm\u0131\u015f 300\u2019e yak\u0131n takip etti\u011fimiz medya kurulu\u015fu var. Mersin\u2019de ise 90 tane g\u00fcnl\u00fck yay\u0131n ve haftal\u0131k ve ayl\u0131k gazete ve radyo televizyon gibi kurumlar var.\u201d dedi.<\/p>\n<p>\u201c685 bas\u0131n kart\u0131 ter\u00f6r ili\u015fkisi nedeniyle iptal edildi\u201d<br \/>\n\u00a0<br \/>\nBas\u0131n kartlar\u0131 ile ilgili a\u00e7\u0131klamalarda bulunan Kele\u015f, T\u00fcrkiye Gazeteciler Sendikas\u0131\u2019n\u0131n \u0130leti\u015fim Ba\u015fkanl\u0131\u011f\u0131 \u00f6n\u00fcnde eylem yaparak \u2018gazetecilerin bas\u0131n kartlar\u0131 iptal ediliyor\u2019 s\u00f6ylemlerine de cevap verdi.<br \/>\nKele\u015f, \u201cT\u00fcrkiye\u2019de \u0130leti\u015fim Ba\u015fkanl\u0131\u011f\u0131\u2019ndan \u00f6nce 15 bine yak\u0131n bas\u0131n kart\u0131 vard\u0131. 15 Temmuz\u2019dan sonra ise de\u011ferlendirme \u00a0yap\u0131larak genel kart de\u011fi\u015fikli\u011fine gidildi. 13 bin 372 adet bas\u0131n kart\u0131 geri verildi. 685 bas\u0131n kart\u0131 ise ter\u00f6r \u00f6rg\u00fct\u00fc ili\u015fkisi nedeniyle iptal edildi. Bas\u0131n bu kritik d\u00f6nemde b\u00fcy\u00fck bir imtihan ya\u015fad\u0131.\u201d diye konu\u015ftu.<br \/>\n\u00a0<br \/>\n&#8220;\u0130ncelemede 900&#8217;e yak\u0131n bas\u0131n kart\u0131 var&#8221;<\/p>\n<p>Ya\u015fan\u0131lan d\u00f6nem sonras\u0131nda b\u00f6lgede 5 tane FET\u00d6- PYD yap\u0131lanma sonras\u0131 kapat\u0131lan bas\u0131n kurulu\u015flar\u0131 oldu\u011funu belirten Kele\u015f, \u201c\u0130ncelemeler neticesinde bas\u0131n kart\u0131 iptalleri ger\u00e7ekle\u015fti. Art niyetli olarak devletin iptal etti\u011fi bas\u0131n kart\u0131 yok. 900\u2019e yak\u0131n bas\u0131n kart\u0131 sadece inceleme alt\u0131nda. \u0130nceleme neticesinde bas\u0131n \u00e7al\u0131\u015fanlar\u0131na bu kartlar teslim edilecek.\u201d dedi.<br \/>\n\u00a0<br \/>\n\u201cDe\u011ferlendirmelerde imtiyaz sahipleri bu i\u015fle ger\u00e7ekten u\u011fra\u015f\u0131yor mu, inceleyece\u011fiz\u201d<br \/>\n\u00a0<br \/>\nBas\u0131n kartlar\u0131 de\u011ferlendirmelerinde inceleme yapacaklar\u0131n\u0131 belirten Kele\u015f, \u201cGazete bas\u0131l\u0131yor mu? Y\u00fcz\u00f6l\u00e7\u00fcm\u00fcne uygun mu? Beyanname ve s\u00f6zle\u015fmesi var m\u0131? Teknik kriterler yan\u0131nda imtiyaz sahipleri bu i\u015fle ger\u00e7ekten u\u011fra\u015f\u0131yor mu? art\u0131k bunlara da bakaca\u011f\u0131z. Hatay\u2019da 70 tane bakkal gazeteciyi tespit ettik. Di\u011feri ise ter\u00f6r \u00f6rg\u00fct\u00fcyle ba\u011flant\u0131s\u0131n\u0131n olup olmad\u0131\u011f\u0131 ger\u00e7e\u011fi.\u201d dedi.<\/p>\n<p>\u201cTurun\u00e7giller kongresinde Cumhurba\u015fkan\u0131 Erdo\u011fan\u2019\u0131n kat\u0131lmas\u0131 i\u00e7in \u00e7aba g\u00f6steriyoruz\u201d<\/p>\n<p>Yap\u0131lan linklendirme sonucu aktar\u0131lan sorunlar\u0131n g\u00fcnl\u00fck takibini yapt\u0131klar\u0131n\u0131 belirten Kele\u015f, \u201cHaftal\u0131k olarak yap\u0131lan haber ve etkinlikler inceleniyor raporlanarak \u00a0ba\u015fkanl\u0131\u011fa aktar\u0131l\u0131yor. Bir\u00e7ok haber ve projeler de\u011ferlendirilerek taraf\u0131m\u0131zca takip edilmekte. Kas\u0131m ay\u0131 i\u00e7erisinde narenciye merkezi Mersin\u2019de ger\u00e7ekle\u015ftirilecek olan Turun\u00e7giller kongresinde Cumhurba\u015fkan\u0131 Recep Tayyip Erdo\u011fan\u2019\u0131n kat\u0131lmas\u0131 i\u00e7in \u00e7aba g\u00f6steriyoruz.\u201d diye konu\u015ftu.<\/p>\n<p>C\u0130MER faaliyete ge\u00e7ti<\/p>\n<p>Ak\u0131ll\u0131 telefonlar ile kare kod uygulamas\u0131 sayesinde kart\u0131n kullan\u0131mda olup olmad\u0131\u011f\u0131n\u0131n ortaya \u00e7\u0131kt\u0131\u011f\u0131n\u0131 ve g\u00f6rev de\u011fi\u015fikli\u011fi durumunda beyan edilmemesi sonucu cezai i\u015flem uyguland\u0131\u011f\u0131n\u0131 belirten Kele\u015f, C\u0130MER merkezlerine de vurgu yaparak, \u201cValiliklerimizde C\u0130MER merkezleri var ba\u015fvurular yap\u0131labiliyor. Bizlerde ba\u015fvurular\u0131 alarak \u00e7\u00f6z\u00fcme kavu\u015fturmaya \u00e7al\u0131\u015f\u0131yoruz.\u201d diye konu\u015ftu.<br \/>\n\u0130leti\u015fim Ba\u015fkanl\u0131klar\u0131 hakk\u0131nda bilgi veren Kele\u015f yap\u0131lan \u00e7al\u0131\u015fmalar hakk\u0131nda ise bilgilendirme yap\u0131laca\u011f\u0131n\u0131 belirtti.\u00a0<br \/>\n\u0130leti\u015fim Ba\u015fkanl\u0131\u011f\u0131 Adana B\u00f6lge M\u00fcd\u00fcr\u00fc Mustafa Kele\u015f yap\u0131lan a\u00e7\u0131klamalar\u0131n\u0131n ard\u0131ndan Mersin Gazeteciler Cemiyeti an\u0131 defterine dileklerini aktard\u0131.<\/p>\n","protected":false},"excerpt":{"rendered":"<p>\u0130leti\u015fim Ba\u015fkanl\u0131\u011f\u0131 Adana B\u00f6lge M\u00fcd\u00fcrl\u00fc\u011f\u00fc Mersin Gazeteciler Cemiyeti\u2019nde bas\u0131n mensuplar\u0131yla bir araya geldi. \u0130sti\u015fare toplant\u0131s\u0131na Adana \u0130leti\u015fim M\u00fcd\u00fcr\u00fc Mustafa Kele\u015f, Mersin Sorumlusu Yusuf Y\u00fcksel ve Mersin Gazeteciler Cemiyeti Ba\u015fkan\u0131 R\u00fcstem &hellip; <a href=\"https:\/\/mersinekonomipolitikagazetesi.com\/?p=5973\" class=\"more-link\">Devam\u0131n\u0131 Oku&#8230;<\/a><\/p>\n","protected":false},"author":1,"featured_media":0,"comment_status":"open","ping_status":"open","sticky":false,"template":"","format":"standard","meta":[],"categories":[],"tags":[],"_links":{"self":[{"href":"https:\/\/mersinekonomipolitikagazetesi.com\/index.php?rest_route=\/wp\/v2\/posts\/5973"}],"collection":[{"href":"https:\/\/mersinekonomipolitikagazetesi.com\/index.php?rest_route=\/wp\/v2\/posts"}],"about":[{"href":"https:\/\/mersinekonomipolitikagazetesi.com\/index.php?rest_route=\/wp\/v2\/types\/post"}],"author":[{"embeddable":true,"href":"https:\/\/mersinekonomipolitikagazetesi.com\/index.php?rest_route=\/wp\/v2\/users\/1"}],"replies":[{"embeddable":true,"href":"https:\/\/mersinekonomipolitikagazetesi.com\/index.php?rest_route=%2Fwp%2Fv2%2Fcomments&post=5973"}],"version-history":[{"count":0,"href":"https:\/\/mersinekonomipolitikagazetesi.com\/index.php?rest_route=\/wp\/v2\/posts\/5973\/revisions"}],"wp:attachment":[{"href":"https:\/\/mersinekonomipolitikagazetesi.com\/index.php?rest_route=%2Fwp%2Fv2%2Fmedia&parent=5973"}],"wp:term":[{"taxonomy":"category","embeddable":true,"href":"https:\/\/mersinekonomipolitikagazetesi.com\/index.php?rest_route=%2Fwp%2Fv2%2Fcategories&post=5973"},{"taxonomy":"post_tag","embeddable":true,"href":"https:\/\/mersinekonomipolitikagazetesi.com\/index.php?rest_route=%2Fwp%2Fv2%2Ftags&post=5973"}],"curies":[{"name":"wp","href":"https:\/\/api.w.org\/{rel}","templated":true}]}}