{"id":5975,"date":"2020-11-04T18:26:25","date_gmt":"2020-11-04T15:26:25","guid":{"rendered":"http:\/\/mersinekonomipolitikagazetesi.com\/?p=5975"},"modified":"2020-11-04T18:26:25","modified_gmt":"2020-11-04T15:26:25","slug":"nisan-ortalarinda-bu-ihale-gerceklesecek","status":"publish","type":"post","link":"https:\/\/mersinekonomipolitikagazetesi.com\/?p=5975","title":{"rendered":"\u201cNisan ortalar\u0131nda bu ihale ger\u00e7ekle\u015fecek\u201d"},"content":{"rendered":"<p>Mersin B\u00fcy\u00fck\u015fehir Belediye Ba\u015fkan\u0131 Vahap Se\u00e7er, Kamu \u0130hale Kurumunun metro projesinin ilk faz\u0131na ili\u015fkin ihaleyi iptal etmesinin ard\u0131ndan projenin rafa kalkt\u0131\u011f\u0131 y\u00f6n\u00fcndeki iddialar\u0131 yalanlad\u0131. \u015eu anda gerek\u00e7eli karar\u0131 beklediklerini belirten Se\u00e7er, \u201cMetro projesinde geri ad\u0131m atma gibi bir durumuz yok. \u2018\u0130hale k\u00fclliyen ortadan kalkt\u0131, metro projesi rafa kalkt\u0131\u2019 gibi bir durum s\u00f6z konusu de\u011fil. Nisan ortalar\u0131nda bu ihale ger\u00e7ekle\u015fecek\u201d dedi.<br \/>\n\u00a0<br \/>\nB\u00fcy\u00fck\u015fehir Belediye Ba\u015fkan\u0131 Se\u00e7er,\u00a0<br \/>\nhayata ge\u00e7irecekleri Mersin Metro Projesini anlatt\u0131.\u00a0<br \/>\nSe\u00e7er, yapmay\u0131 planlad\u0131klar\u0131 metroyla ilgili detayl\u0131 bilgiler verirken, metro ihalesinin Kamu \u0130hale Kurumu (K\u0130K) taraf\u0131ndan iptal edilmesinin projenin iptali anlam\u0131na gelmedi\u011finin de alt\u0131n\u0131 \u00e7izdi.\u00a0<\/p>\n<p>\u201cBiz kararl\u0131y\u0131z\u201d<br \/>\n\u00a0<br \/>\nMetronun sadece bir toplu ta\u015f\u0131ma arac\u0131 olarak g\u00f6r\u00fclmemesi gerekti\u011fini belirten Se\u00e7er, d\u00fcnyadaki ba\u015flang\u0131c\u0131 \u00fczerinden yakla\u015f\u0131k 1,5 as\u0131r ge\u00e7mi\u015f bir sistemin Mersin\u2019de yeni konu\u015fulmaya ba\u015fland\u0131\u011f\u0131n\u0131 s\u00f6yledi. \u201cNe yaz\u0131k ki, Mersin\u2019de metroyu gereksiz, olmamas\u0131 gereken, erken bir yat\u0131r\u0131m olarak g\u00f6renler var\u201d diyen Se\u00e7er, End\u00fcstri 4.0 \u00e7a\u011f\u0131nda geli\u015fmi\u015f toplumlar \u00e7ok daha yeni teknolojilerle toplu ta\u015f\u0131ma alan\u0131nda yat\u0131r\u0131m yaparken, Mersin\u2019de hala \u2018met olsun mu, olmas\u0131n m\u0131\u2019 tart\u0131\u015fmas\u0131 yap\u0131ld\u0131\u011f\u0131n\u0131 vurgulad\u0131. Se\u00e7er, \u201cAma biz kararl\u0131y\u0131z. Metroyu olmas\u0131 gereken bir yat\u0131r\u0131m olarak de\u011ferlendirdik\u201d ifadelerini kulland\u0131.<br \/>\n\u00a0<br \/>\nMersin\u2019de yapacaklar\u0131 projede \u00fc\u00e7 ayr\u0131 fazda farkl\u0131 modeller uygulayacaklar\u0131n\u0131 bildiren Se\u00e7er, projenin detaylar\u0131n\u0131 payla\u015ft\u0131. Se\u00e7er, ilk olarak \u015fu anda g\u00fcndemde olan ve ihale a\u015famas\u0131nda bulunan sistemin, yakla\u015f\u0131k 13,4 kilometrelik Mezitli-eski otogar hatt\u0131n\u0131n yeralt\u0131ndan gidecek bir rayl\u0131 sistem oldu\u011funu dile getirdi. \u201c\u0130lk etapta bunu yapaca\u011f\u0131z\u201d diyen Se\u00e7er, \u015f\u00f6yle devam etti:\u00a0<br \/>\n\u201cDaha sonra eski otogar noktas\u0131ndan yakla\u015f\u0131k 1 kilometre kuzeye do\u011fru devam edecek ve orada noktalayaca\u011f\u0131z. \u0130kinci faz orada hemzemin olacak yani yer \u00fcst\u00fcne \u00e7\u0131kacak. Mersin \u015eehir Hastanesinden yeni otogara kadar devam edecek. Bu hatt\u0131m\u0131z da 9 kilometrelik bir hat. Bir di\u011feri de Yeni\u015fehir-Mezitli s\u0131n\u0131r\u0131nda fuar alan\u0131ndan ba\u015fl\u0131yor, 34. Cadde, Mersin \u00dcniversite Hastanesi, \u00dcniversite Caddesinden ring \u015feklinde yakla\u015f\u0131k 7,25 kilometrelik bir hat olacak. Toplamda yakla\u015f\u0131k 30 kilometrelik bir sistem.\u201d \u00a0<\/p>\n","protected":false},"excerpt":{"rendered":"<p>Mersin B\u00fcy\u00fck\u015fehir Belediye Ba\u015fkan\u0131 Vahap Se\u00e7er, Kamu \u0130hale Kurumunun metro projesinin ilk faz\u0131na ili\u015fkin ihaleyi iptal etmesinin ard\u0131ndan projenin rafa kalkt\u0131\u011f\u0131 y\u00f6n\u00fcndeki iddialar\u0131 yalanlad\u0131. \u015eu anda gerek\u00e7eli karar\u0131 beklediklerini belirten &hellip; <a href=\"https:\/\/mersinekonomipolitikagazetesi.com\/?p=5975\" class=\"more-link\">Devam\u0131n\u0131 Oku&#8230;<\/a><\/p>\n","protected":false},"author":1,"featured_media":0,"comment_status":"open","ping_status":"open","sticky":false,"template":"","format":"standard","meta":[],"categories":[],"tags":[],"_links":{"self":[{"href":"https:\/\/mersinekonomipolitikagazetesi.com\/index.php?rest_route=\/wp\/v2\/posts\/5975"}],"collection":[{"href":"https:\/\/mersinekonomipolitikagazetesi.com\/index.php?rest_route=\/wp\/v2\/posts"}],"about":[{"href":"https:\/\/mersinekonomipolitikagazetesi.com\/index.php?rest_route=\/wp\/v2\/types\/post"}],"author":[{"embeddable":true,"href":"https:\/\/mersinekonomipolitikagazetesi.com\/index.php?rest_route=\/wp\/v2\/users\/1"}],"replies":[{"embeddable":true,"href":"https:\/\/mersinekonomipolitikagazetesi.com\/index.php?rest_route=%2Fwp%2Fv2%2Fcomments&post=5975"}],"version-history":[{"count":0,"href":"https:\/\/mersinekonomipolitikagazetesi.com\/index.php?rest_route=\/wp\/v2\/posts\/5975\/revisions"}],"wp:attachment":[{"href":"https:\/\/mersinekonomipolitikagazetesi.com\/index.php?rest_route=%2Fwp%2Fv2%2Fmedia&parent=5975"}],"wp:term":[{"taxonomy":"category","embeddable":true,"href":"https:\/\/mersinekonomipolitikagazetesi.com\/index.php?rest_route=%2Fwp%2Fv2%2Fcategories&post=5975"},{"taxonomy":"post_tag","embeddable":true,"href":"https:\/\/mersinekonomipolitikagazetesi.com\/index.php?rest_route=%2Fwp%2Fv2%2Ftags&post=5975"}],"curies":[{"name":"wp","href":"https:\/\/api.w.org\/{rel}","templated":true}]}}