{"id":5976,"date":"2020-11-04T18:26:25","date_gmt":"2020-11-04T15:26:25","guid":{"rendered":"http:\/\/mersinekonomipolitikagazetesi.com\/?p=5976"},"modified":"2020-11-04T18:26:25","modified_gmt":"2020-11-04T15:26:25","slug":"meude-yabanci-ogrencilere-sosyal-uyum-sureci-anlatildi-turkiye-son-kaledir","status":"publish","type":"post","link":"https:\/\/mersinekonomipolitikagazetesi.com\/?p=5976","title":{"rendered":"ME\u00dc&#8217;DE YABANCI \u00d6\u011eRENC\u0130LERE SOSYAL UYUM S\u00dcREC\u0130 ANLATILDI \u201cT\u00dcRK\u0130YE SON KALED\u0130R\u201d"},"content":{"rendered":"<p>U\u011fur Oral K\u00fclt\u00fcr Merkezi&#8217;nde \u00f6\u011frencilerle ger\u00e7ekle\u015fen etkinlikte, Sosyal uyum alan\u0131nda y\u00fcr\u00fct\u00fclen faaliyetler, T\u00fcrkiye\u2019de buralara ili\u015fkin i\u015flemler ve \u00f6\u011frenci ikamet iznine ili\u015fkin i\u015flemler hakk\u0131nda bilgilendirme yap\u0131ld\u0131.<\/p>\n<p>Etkinli\u011fe Mersin \u0130l G\u00f6\u00e7 \u0130daresi M\u00fcd\u00fcr\u00fc H\u00fcseyin Kemal \u0130lday, G\u00f6\u00e7 \u0130daresi Genel M\u00fcd\u00fcrl\u00fc\u011f\u00fc Uyum ve \u0130leti\u015fim Daire Ba\u015fkan\u0131 Dr. Ayd\u0131n Keskin Kad\u0131o\u011flu, Fen-Edebiyat Fak\u00fcltesi Dekan\u0131 Prof. Dr. Ahmet Murat Gizir, bir\u00e7ok Akademisyen ve \u00e7ok say\u0131da \u00f6\u011frenci kat\u0131ld\u0131. T\u00fcrkiye\u2019nin g\u00f6\u00e7 hareketlili\u011fine ve yabanc\u0131 \u00f6\u011frencilerin uyum s\u00fcre\u00e7leri \u00fczerinde duruldu.\u00a0<\/p>\n<p>&#8220;Y\u00fcksek \u00d6\u011fretim Alan\u0131nda De\u011fi\u015fim Ya\u015fanmaktad\u0131r&#8221;<\/p>\n<p>Mersin \u0130l G\u00f6\u00e7 \u0130daresi M\u00fcd\u00fcr\u00fc H\u00fcseyin Kemal \u0130lday, yapt\u0131\u011f\u0131 konu\u015fmada, T\u00fcrkiye\u2019nin g\u00f6\u00e7 hareketlerine kar\u015f\u0131 ciddi bir deneyimi oldu\u011funun vurgusunu yapt\u0131.<br \/>\n\u0130lday, &#8220;\u00dclkemiz, son 150 y\u0131l i\u00e7erisinde bir \u00e7ok g\u00f6\u00e7 hareketini kendi b\u00fcnyesine kabul etmi\u015f, insani olarak yapmas\u0131 gerekenin \u00f6tesinde \u00e7al\u0131\u015fmalar sergilemi\u015ftir. Yine bundan sonraki s\u00fcre\u00e7te de yard\u0131m\u0131m\u0131za ihtiya\u00e7 duyanlar\u0131n yard\u0131m\u0131na ko\u015fmaya devam edece\u011fimizi belirtmek isterim. 192 farkl\u0131 \u00fclkeden 5 milyonu a\u015fk\u0131n insan\u0131 \u00fclkemizde misafir etmekteyiz. \u0130nsanlar \u00e7e\u015fitli sebeplerden dolay\u0131 \u00fclkelerinden g\u00f6\u00e7 etmekte, veya g\u00f6\u00e7 etmek zorunda b\u0131rak\u0131lmaktad\u0131r. G\u00fcn\u00fcm\u00fczde ise iyi bir e\u011fitim almak i\u00e7in bir\u00e7ok insan\u0131n \u00fclkelerinden ba\u015fka bir \u00fclkeye g\u00f6\u00e7 ettiklerine de \u015fahit olmaktay\u0131z. \u00dclkemizde son d\u00f6nemde \u00fcniversite, ara\u015ft\u0131rma merkezi, akademisyen say\u0131s\u0131 ve uluslararas\u0131 boyutlar\u0131yla y\u00fcksek \u00f6\u011fretim alan\u0131nda b\u00fcy\u00fck bir de\u011fi\u015fim ya\u015fanmaktad\u0131r. Son 10 y\u0131lda y\u00fcksek \u00f6\u011fretim kurumlar\u0131m\u0131zda okuyan uluslararas\u0131 \u00f6\u011frenci say\u0131s\u0131nda y\u00fczde 75 oranda bir art\u0131\u015f kaydedildi.&#8221; dedi.\u00a0<\/p>\n<p>T\u00fcrkiye\u2019nin g\u00fcncel rakamlara g\u00f6re 25 bini burslu olmak \u00fczere 148 bin uluslararas\u0131 \u00f6\u011frenci a\u011f\u0131rlayan \u00fclkelerden biri haline geldi\u011fini belirten \u0130lday, \u201cYine ayn\u0131 \u015fekilde d\u00fcnya \u00fczerinde kendi \u00fclkesi d\u0131\u015f\u0131nda e\u011fitim g\u00f6renlerin say\u0131s\u0131 h\u0131zla art\u0131\u015f g\u00f6stermektedir. Kendi \u00fclkelerinden ba\u015fka bir \u00fclkede e\u011fitim g\u00f6ren \u00f6\u011frenci say\u0131s\u0131 1975 y\u0131l\u0131nda 800 iken 2010 y\u0131l\u0131nda 4.5 milyona ula\u015fm\u0131\u015f bug\u00fcn bug\u00fcn ise bu say\u0131 7.5 milyon ula\u015fm\u0131\u015ft\u0131r. 2030 y\u0131l\u0131nda ise 20 milyona \u00e7\u0131kaca\u011f\u0131 \u00f6ng\u00f6r\u00fclmekte. Y\u00fcksek \u00f6\u011fretim program\u0131na kay\u0131tl\u0131 \u00f6\u011frenci say\u0131s\u0131 da artmaktad\u0131r. 2009 y\u0131l\u0131nda y\u00fcksek \u00f6\u011fretim program\u0131na kay\u0131tl\u0131 \u00f6\u011frenci say\u0131s\u0131 70 milyon iken 2025 y\u0131l\u0131nda bu say\u0131n\u0131n 262 milyon olaca\u011f\u0131 tahmin edilmektedir. \u00dclkemiz bu alandaki \u00e7al\u0131\u015fmalar\u0131n\u0131 \u00f6ncelikli olarak di\u011fer \u00fclkelerle kuraca\u011f\u0131 kar\u015f\u0131l\u0131kl\u0131 ili\u015fkiler a\u00e7\u0131s\u0131ndan \u00e7ok \u00f6nemli bir f\u0131rsat olarak de\u011ferlendirmektedir. Bizler Mersin \u0130l G\u00f6\u00e7 \u0130daresi M\u00fcd\u00fcrl\u00fc\u011f\u00fc olarak, m\u00fcd\u00fcrl\u00fc\u011f\u00fcm\u00fcz\u00fcn uyum faaliyetleri ad\u0131na \u00e7al\u0131\u015fmalar\u0131m\u0131za 2020 y\u0131l\u0131nda da h\u0131z kesmeden devam edece\u011fimizi belirtmek isterim.&#8221; a\u00e7\u0131klamas\u0131nda bulundu.\u00a0<\/p>\n<p>&#8220;Etkinlikleri 7 B\u00f6lgede Ger\u00e7ekle\u015ftiriyoruz&#8221;\u00a0<\/p>\n<p>G\u00f6\u00e7 \u0130daresi Genel M\u00fcd\u00fcrl\u00fc\u011f\u00fc Uyum ve \u0130leti\u015fim Daire Ba\u015fkan\u0131 Dr. Ayd\u0131n Keskin Kad\u0131o\u011flu, etkinli\u011fi 7 b\u00f6lgede ger\u00e7ekle\u015ftirirek, binlerce kilometre uzakl\u0131ktan gelen \u00f6\u011frencilerle bir araya geldiklerini belirtti.<br \/>\nEtkinli\u011fe kat\u0131lan yabanc\u0131 \u00f6\u011frencilere seslenen Kad\u0131o\u011flu, \u201cSizler binlerce kilometre uzakl\u0131klardan dilini, k\u00fclt\u00fcr\u00fcn\u00fc bilmedi\u011finiz bu topraklara geldiniz ve bizlere misafir oldunuz. Sizler bizim i\u00e7in uluslararas\u0131 \u00f6\u011frencilerimizsiniz. Her birinizin bir hikayesi, bir ba\u015far\u0131s\u0131 bizler i\u00e7in son derece \u00f6nemli. Binbir zahmete katlan\u0131yorsunuz. \u00d6\u011freniyor, \u00f6\u011frenirken de zorlan\u0131yorsunuz. Son derece k\u0131s\u0131tl\u0131 b\u00fct\u00e7elerinizle son derece \u00f6nemli \u00e7al\u0131\u015fmalar yap\u0131yorusunuz. Bu \u00e7al\u0131\u015fmalar\u0131n\u0131z evet zor, bir o kadar da kutsal \u00e7abalar\u0131n\u0131z.&#8221; dedi. Son y\u0131llarda d\u00fcnya genelinde uluslararas\u0131 \u00f6\u011frenci hareketlili\u011finde \u00e7ok b\u00fcy\u00fck bir art\u0131\u015f oldu\u011funu belirten Kad\u0131o\u011flu, \u201c\u00dclkemiz de \u00e7ok \u015f\u00fck\u00fcr bu hareketlilikle b\u00fcy\u00fck kazan\u0131mlar edinmi\u015f, sizlerin k\u00fclt\u00fcrel ve sosyal farkl\u0131l\u0131klar\u0131yla daha da zenginle\u015fmi\u015ftir. Bir \u00e7ok medeniyetin bulu\u015fma noktas\u0131 olan \u00fclkemiz d\u00fcnyan\u0131n d\u00f6rt bir yan\u0131ndan gelen siz de\u011ferli \u00f6\u011frencilerimizle daha da zengile\u015fmi\u015ftir. Farkl\u0131 farkl\u0131 \u00f6\u011frencilerle, gerek Mersin \u00f6zelinde, gerek Akdeniz b\u00f6lgesi \u00fczerinde de bu renklili\u011fi, bu g\u00fczelli\u011fi, bu katk\u0131lar\u0131 da g\u00f6r\u00fcyoruz. Bug\u00fcn sosyal uyum \u00fclkemize gelen misafirlerimizle, halk\u0131m\u0131z\u0131n bir arada refah i\u00e7erisinde ya\u015famas\u0131 anlam\u0131na geliyor. \u00c7\u00fcnk\u00fc sosyal uyum sizleri, bizleri, ayr\u0131 ayr\u0131 de\u011fil, hepimizi bir arada konu\u015fmak demektir. Bizler toplumsal uyumda e\u011fitim fakt\u00f6r\u00fcn\u00fcn, hayati \u00f6nemini her f\u0131rsatta vurgularken, uluslararas\u0131 \u00f6\u011frencilerimiz e\u011fitimin en ileri temsilcileri olmaktad\u0131r. \u00c7\u00fcnk\u00fc bug\u00fcn uyum faktt\u00f6r\u00fcn\u00fc ya\u015faybilece\u011fimiz sosyal hayat\u0131n i\u00e7erisine girmeden \u00f6nce sizler \u00fcniversite hayat\u0131nda t\u00fcrk karde\u015flerimizle, birbiriyle ileti\u015fimi ve etkile\u015fimi \u00e7ok \u00f6nemlidir. Ayn\u0131 zamanda sizlerinde \u00fcniversitlerde t\u00fcrk\u00e7e dilini \u00f6\u011frenmeniz dili \u00f6\u011frenmekle birlikte t\u00fcrk gibi d\u00fc\u015f\u00fcnmek bizler gibi d\u00fc\u015f\u00fcn\u00fcrseniz birbirimizi daha iyi anlar\u0131z.&#8221; ifadelerini kulland\u0131.\u00a0<\/p>\n<p>G\u00f6\u00e7 \u0130daresi M\u00fcd\u00fcrl\u00fc\u011f\u00fc olarak yap\u0131lan sunumlarla yabanc\u0131 \u00f6\u011frencilere verilen de\u011ferlere vurgu yaparak yabanc\u0131 \u00f6\u011frencilere seslenen Kad\u0131o\u011flu, \u201cYar\u0131n bir g\u00fcn buralardan \u00fclkelerinize d\u00f6nd\u00fc\u011f\u00fcn\u00fcz zaman t\u00fcrkiye\u2019nin alm\u0131\u015f oldu\u011fu tarihi birikim ve anadolunun zengiliklerini kendi \u00fclkenize g\u00f6t\u00fcrd\u00fc\u011f\u00fcn\u00fcz zaman bu zengilikler orada daha g\u00fczel ye\u015fillenecektir. Ortak \u00e7al\u0131\u015fmalar y\u00fcr\u00fctmemiz gerekiyor. Kaos ya\u015fam\u0131\u015f olan co\u011frafyalara \u00e7ok verimli katk\u0131lar olacakt\u0131r. T\u00fcrkiye\u2019nin ya\u015fam\u0131\u015f oldu\u011fu g\u00f6\u00e7 olay\u0131, suriye ile beraber ya\u015fanan s\u0131k\u0131nt\u0131lar\u0131 hep beraber, \u00fcniversite gen\u00e7ili\u011fi olarak da g\u00f6r\u00fcyor ve takip ediyorsunuz. Sizler ilim ve bilim \u0131\u015f\u0131\u011f\u0131s\u0131n\u0131z. Uyum konusunda T\u00fcrkiye\u2019ye ve insanlara yard\u0131mc\u0131 olun. Anadolu co\u011frafyas\u0131 ge\u00e7mi\u015fteki gelen siz gibi karde\u015flerimizin bize verdi\u011fi de\u011ferler ve zenginlikle b\u00fcy\u00fcm\u00fc\u015ft\u00fcr. Bu \u015fekilde b\u00fcy\u00fcmektende hi\u00e7bir zaman korkmuyoruz. Korkmad\u0131\u011f\u0131m\u0131z gibi sizlere de inan\u0131yoruz. T\u00fcrkiye t\u00fcm d\u00fcnyadaki mazlumlar\u0131n, t\u00fcm d\u00fcnyadaki dili, dini, \u0131rk\u0131 ne olursa olsun her zaman gelece\u011fi son bir kaledir.&#8221; diye konu\u015ftu.\u00a0<\/p>\n","protected":false},"excerpt":{"rendered":"<p>U\u011fur Oral K\u00fclt\u00fcr Merkezi&#8217;nde \u00f6\u011frencilerle ger\u00e7ekle\u015fen etkinlikte, Sosyal uyum alan\u0131nda y\u00fcr\u00fct\u00fclen faaliyetler, T\u00fcrkiye\u2019de buralara ili\u015fkin i\u015flemler ve \u00f6\u011frenci ikamet iznine ili\u015fkin i\u015flemler hakk\u0131nda bilgilendirme yap\u0131ld\u0131. Etkinli\u011fe Mersin \u0130l G\u00f6\u00e7 \u0130daresi &hellip; <a href=\"https:\/\/mersinekonomipolitikagazetesi.com\/?p=5976\" class=\"more-link\">Devam\u0131n\u0131 Oku&#8230;<\/a><\/p>\n","protected":false},"author":1,"featured_media":0,"comment_status":"open","ping_status":"open","sticky":false,"template":"","format":"standard","meta":[],"categories":[],"tags":[],"_links":{"self":[{"href":"https:\/\/mersinekonomipolitikagazetesi.com\/index.php?rest_route=\/wp\/v2\/posts\/5976"}],"collection":[{"href":"https:\/\/mersinekonomipolitikagazetesi.com\/index.php?rest_route=\/wp\/v2\/posts"}],"about":[{"href":"https:\/\/mersinekonomipolitikagazetesi.com\/index.php?rest_route=\/wp\/v2\/types\/post"}],"author":[{"embeddable":true,"href":"https:\/\/mersinekonomipolitikagazetesi.com\/index.php?rest_route=\/wp\/v2\/users\/1"}],"replies":[{"embeddable":true,"href":"https:\/\/mersinekonomipolitikagazetesi.com\/index.php?rest_route=%2Fwp%2Fv2%2Fcomments&post=5976"}],"version-history":[{"count":0,"href":"https:\/\/mersinekonomipolitikagazetesi.com\/index.php?rest_route=\/wp\/v2\/posts\/5976\/revisions"}],"wp:attachment":[{"href":"https:\/\/mersinekonomipolitikagazetesi.com\/index.php?rest_route=%2Fwp%2Fv2%2Fmedia&parent=5976"}],"wp:term":[{"taxonomy":"category","embeddable":true,"href":"https:\/\/mersinekonomipolitikagazetesi.com\/index.php?rest_route=%2Fwp%2Fv2%2Fcategories&post=5976"},{"taxonomy":"post_tag","embeddable":true,"href":"https:\/\/mersinekonomipolitikagazetesi.com\/index.php?rest_route=%2Fwp%2Fv2%2Ftags&post=5976"}],"curies":[{"name":"wp","href":"https:\/\/api.w.org\/{rel}","templated":true}]}}