{"id":5977,"date":"2020-11-04T18:26:25","date_gmt":"2020-11-04T15:26:25","guid":{"rendered":"http:\/\/mersinekonomipolitikagazetesi.com\/?p=5977"},"modified":"2020-11-04T18:26:25","modified_gmt":"2020-11-04T15:26:25","slug":"tersane-ekolojik-yikima-neden-olacak","status":"publish","type":"post","link":"https:\/\/mersinekonomipolitikagazetesi.com\/?p=5977","title":{"rendered":"TERSANE EKOLOJ\u0130K YIKIMA NEDEN OLACAK!"},"content":{"rendered":"<p>T\u00fcrk M\u00fchendis ve Mimarlar Odalar\u0131 Birli\u011fi(TMMOB) Mersin \u0130l Koordinasyon Kurulu(\u0130KK) Ta\u015fucu Tersane Projesi ile ilgili bas\u0131n a\u00e7\u0131klamas\u0131 ger\u00e7ekle\u015ftirdi. Mersin \u0130l Koordinasyon Kurulu Sekreteri Atar, \u201cTersane sonucu ciddi kent ve \u00e7evre problemleri ve olu\u015facak risk g\u00f6z \u00a0ard\u0131 edilmemelidir\u201d dedi.<\/p>\n<p>Mersin\u2019de yap\u0131lmas\u0131 planlanan ve g\u00fcndemden d\u00fc\u015fmeyen Ta\u015fucu Tersanesi ile ilgili TMMOB Mersin \u0130l Koordinasyon Kurulu Mersin Gazeteciler Cemiyeti\u2019nde bas\u0131n a\u00e7\u0131klamas\u0131 ger\u00e7ekle\u015ftirdi.<br \/>\nPlanlanan Ta\u015fucu Tersanesi ile ilgili \u00c7ED raporunun onaylanm\u0131\u015f ve imar plan\u0131 \u00e7al\u0131\u015fmas\u0131n\u0131n kurum g\u00f6r\u00fc\u015fleri nezdinde devam etti\u011fine dikkat \u00e7eken \u0130KK Sekreteri Seyfettin Atar, \u201c\u00c7evre ve \u015eehircilik Bakanl\u0131\u011f\u0131 taraf\u0131ndan onaylanan \u00c7ED raporu incelendi\u011finde planlama s\u0131n\u0131rlar\u0131n\u0131n Ta\u015fucu mahallesi 7892 ve 7893 numaral\u0131 parselleri kapsayan toplam 90 bin \u00a0metrekarelik alan\u0131 kapsad\u0131\u011f\u0131 ve deniz y\u00f6n\u00fcnde yakla\u015f\u0131k 60 bin metrekarelik k\u0131sm\u0131 dolgu alan\u0131 olarak projelendirildi\u011fi tespit edildi. Toplam planlama alan\u0131n\u0131n di\u011fer kullan\u0131mlar ile birlikte yakla\u015f\u0131k 274 bin 360 metrekare olaca\u011f\u0131 belirtilmi\u015ftir.\u201d diyerek planlanan tersane hakk\u0131nda bilgilendirme yapt\u0131.<br \/>\n\u00a0\u00a0 \u00a0\u00a0\u00a0 \u00a0 \u00a0 \u00a0 \u00a0 \u00a0 \u00a0 \u00a0<br \/>\n\u201cDo\u011fal dokuya nedenle zarar verilece\u011fi g\u00f6zlemlenmektedir\u201d<\/p>\n<p>Ger\u00e7ekle\u015ftirilen a\u00e7\u0131klamada Atar, \u00a0\u201cYap\u0131lmas\u0131 d\u00fc\u015f\u00fcn\u00fclen tersane projesinin yer se\u00e7im karar\u0131 incelendi\u011finde proje alan\u0131n\u0131n yak\u0131n \u00e7evresinde il\u00e7e konut yerle\u015fim alan\u0131, turizm ama\u00e7l\u0131 kullan\u0131lan Kum Mahallesi&#8217;nde yer alan ikincil konut alanlar\u0131 ve do\u011fusunda \u00f6zel \u00e7evre koruma b\u00f6lgesi stat\u00fcs\u00fcnde yer alan G\u00f6ksu Deltas\u0131 yer almakta olup yap\u0131lacak olan tesisin ve \u00f6zellikle deniz taraf\u0131na yap\u0131lacak olan dolgu alan\u0131n\u0131n \u00e7evresel anlamda yak\u0131n \u00e7evresinde yer alan mevcut ve do\u011fal dokuya zarar verilece\u011fi g\u00f6zlemlenmektedir.\u201d diyerek konuyla ilgili takip\u00e7i olduklar\u0131n\u0131 belirtti.<br \/>\n\u00a0<br \/>\n\u201cG\u00f6ksu Deltas\u0131 Uluslararas\u0131 \u00f6neme sahip\u201d<br \/>\n\u00a0<br \/>\nG\u00f6ksu Deltas\u0131\u2019n\u0131n karasal ve denizel ekosistemleri ile b\u00fct\u00fcn olarak ayr\u0131cal\u0131kl\u0131 oldu\u011funa dikkat \u00e7eken Atar, \u201cUnutulmamal\u0131d\u0131r ki G\u00f6ksu Deltas\u0131 \u00d6zel \u00c7evre Koruma Alan\u0131, 15 bin hektarl\u0131k bir alandan olu\u015fmakta olup sulak alanlar\u0131n d\u00fcnya \u00e7ap\u0131nda korunmas\u0131 ve ak\u0131lc\u0131 kullan\u0131lmas\u0131 i\u00e7in 1971 y\u0131l\u0131nda imzalanan Ramsar S\u00f6zle\u015fmesi kapsam\u0131nda \u00f6zel korumaya al\u0131nan uluslararas\u0131 \u00f6neme sahip T\u00fcrkiye\u2019deki koruma alanlar\u0131ndan biridir. Yap\u0131lmas\u0131 d\u00fc\u015f\u00fcn\u00fclen tersane alan\u0131n\u0131n G\u00f6ksu Deltas\u0131na kom\u015fu olmas\u0131, i\u015fletmeden kaynaklanacak su kirlili\u011fi, gemi trafi\u011finden kaynaklanacak kirlilik ile olas\u0131 deniz kazalar\u0131n yaratabilece\u011fi kirlili\u011fin h\u0131zl\u0131 bir \u015fekilde deniz yolu ile Delta k\u0131y\u0131lar\u0131na ve deniz ile ba\u011flant\u0131l\u0131 lag\u00fcn sistemine ta\u015f\u0131nmas\u0131na yol a\u00e7abilir. Bu anlamda her ne kadar yap\u0131lmas\u0131 planlanan tersane \u00f6zel \u00e7evre koruma b\u00f6lgesinin d\u0131\u015f\u0131nda da olsa, planlanan b\u00f6lgenin yak\u0131nl\u0131\u011f\u0131 buradaki flora ve faunay\u0131 olumsuz etkileyecektir.\u201d diye konu\u015ftu.<br \/>\n\u00a0<br \/>\n\u201cTurizm de\u011ferleri ile \u00e7eli\u015fen kullan\u0131mlar\u0131n \u00f6nerilmesi dikkat \u00e7ekiyor\u201d<br \/>\n\u00a0<br \/>\nMersin \u2013 Adana \u00e7evre d\u00fczeni plan\u0131 ve \u00fcst \u00f6l\u00e7ekte yer alan b\u00fct\u00fcn stratejik planlarda \u00f6zellikle Silifke ve Ta\u015fucu b\u00f6lgesi bir k\u0131sm\u0131 \u00f6zel \u00e7evre koruma b\u00f6lgesinde koruma alt\u0131nda yer ald\u0131\u011f\u0131n\u0131n alt\u0131n\u0131 \u00e7izen Atar, \u201cDi\u011fer k\u0131s\u0131mlarda Bo\u011fsak, Karg\u0131cak, Narl\u0131kuyu turizm alanlar\u0131 ve \u0130ncekum ve kum mahallesi i\u00e7erisindeki sahil alanlar\u0131 ile s\u00fcrekli turizm merkezi olarak plan kararlar\u0131 \u00fcretilmi\u015ftir. Kentimizde son d\u00f6nemlerde turizm b\u00f6lgesi olarak ilan edilen alanlara turizm de\u011ferleri ile \u00e7eli\u015fen kullan\u0131mlar\u0131n \u00f6nerilmesi dikkat \u00e7ekiyor.\u201d diye ifade etti.<br \/>\n\u00a0<br \/>\n\u201cBilimsellikten ve planlama ilkelerinden uzak\u201d<br \/>\n\u00a0<br \/>\nMersin\u2019de turizm b\u00f6lgelerinde yap\u0131lan \u00e7al\u0131\u015fmalara de\u011finen Atar, \u201cOrtaburun Turizm Merkezinin arka koyunda yer alan N\u00fckleer santral tesisi, Kazanl\u0131 Karaduvar turizm b\u00f6lgesi yak\u0131n \u00e7evresine yap\u0131lmas\u0131 d\u00fc\u015f\u00fcn\u00fclen Polipropilen tesisi ve Ta\u015fucu Silifke Turizm alan\u0131 i\u00e7erisine planlanan tersane alan\u0131n\u0131n yer se\u00e7imlerinin bilimsellikten ve planlama ilkelerinden uzak tamamen belirli tahsis al\u0131nm\u0131\u015f arsalar \u00fczerinden proje geli\u015ftirilmeye \u00e7al\u0131\u015f\u0131lmas\u0131 g\u00f6zlemlenmektedir.\u201d dedi.<\/p>\n<p>\u201cTersane bak\u0131m, onar\u0131m ve havuzlama hizmeti verebilecek konumunda yer alacakt\u0131r\u201d<\/p>\n<p>Mersin\u2019de do\u011fal alanlar\u0131n zarar g\u00f6rmesi ve halk sa\u011fl\u0131\u011f\u0131na etki edebilecek unsurlar\u0131n ortaya \u00e7\u0131kmas\u0131na neden olundu\u011funu belirten Atar, \u201cS\u00f6z konusunu tersane projesinin hizmet ama\u00e7lar\u0131 belirtilirken s\u00f6z konusu faaliyet ile birlikte sekt\u00f6rde deniz ara\u00e7lar\u0131 \u00fcretimi ile bak\u0131m-onar\u0131m hizmetleri ile birlikte gemi sanayine eksiksiz hizmet verilmesi ama\u00e7lanm\u0131\u015ft\u0131r. \u0130lk y\u0131l i\u00e7erisinde toplamda 100 adet deniz arac\u0131na bak\u0131m onar\u0131m hizmetleri verilmesi planlanmaktad\u0131r. S\u00f6z konusu ama\u00e7 ile Antalya, Mersin, \u0130skenderun, BOTA\u015e, Ceyhan-Toros limanlar\u0131na gelen gemiler ile Akdeniz&#8217;e k\u0131y\u0131s\u0131 bulunan Do\u011fu Akdeniz&#8217;deki Beyrut, Hayfa, \u0130skenderiye gibi yak\u0131n \u00fclke limanlar\u0131na gelen gemiler ve S\u00fcvey\u015f Kanal\u0131&#8217;ndan ge\u00e7en gemilerin bak\u0131m-onar\u0131m ve havuzlama ihtiya\u00e7lar\u0131n\u0131 kar\u015f\u0131lamak \u00fczere Ta\u015fucu Tersanesi bak\u0131m, onar\u0131m ve havuzlama hizmeti verebilecek konumunda yer alacakt\u0131r.\u201d diye konu\u015ftu.<\/p>\n<p>\u201cEkolojik y\u0131k\u0131ma neden olabilecek yat\u0131r\u0131mlar kabul edilemez\u201d<\/p>\n<p>Proje faaliyetlerinde yaz\u0131l\u0131 olarak belirtilen ama\u00e7 ile olas\u0131 kar\u015f\u0131la\u015fabilinecek ger\u00e7ek ama\u00e7 aras\u0131nda paralellik olmad\u0131\u011f\u0131na ve h\u00e2li haz\u0131rda tersanenin faaliyetleri sonucu ciddi oranda kent ve \u00e7evre problemlerinin ortaya \u00e7\u0131kaca\u011f\u0131na de\u011finildi.<br \/>\nOlu\u015fabilecek riskin giderek artaca\u011f\u0131 g\u00f6z ard\u0131 edilmemesi gerekti\u011fine dikkat \u00e7eken Atar, &#8220;Mersin\u2019in Silifke il\u00e7esinde yap\u0131lmak istenen Ta\u015fucu Tersanesi ile ilgili yurtta\u015flar\u0131m\u0131z ve kamuoyunun kayg\u0131lar\u0131n\u0131n ciddi oranda belirmesi ve artmas\u0131 sonucu konu ile ilgili proje akt\u00f6rlerinden Deniz Ticaret Odas\u0131 ile onay mercii konumunda yer alan \u00c7evre ve \u015eehircilik Bakanl\u0131\u011f\u0131 b\u00f6lgemiz nezdinde kentimizin geli\u015fim e\u011filimlerini dikkate alarak kent ve \u00e7evre g\u00fcvenli\u011fi g\u00f6z \u00f6n\u00fcnde bulundurarak tekrar g\u00f6r\u00fc\u015f\u00fclerek de\u011ferlendirilmesini talep ediyoruz. Kent d\u00fczleminde ekolojik y\u0131k\u0131ma neden olabilecek \u00a0hi\u00e7bir hegonomik yat\u0131r\u0131m\u0131n kabul edilemeyece\u011fi sa\u011fl\u0131kl\u0131 ve s\u00fcrd\u00fcr\u00fclebilir bir ya\u015fam ilkelerine uygun \u00a0olmad\u0131\u011f\u0131n\u0131 vurguluyoruz.&#8221; dedi.<\/p>\n","protected":false},"excerpt":{"rendered":"<p>T\u00fcrk M\u00fchendis ve Mimarlar Odalar\u0131 Birli\u011fi(TMMOB) Mersin \u0130l Koordinasyon Kurulu(\u0130KK) Ta\u015fucu Tersane Projesi ile ilgili bas\u0131n a\u00e7\u0131klamas\u0131 ger\u00e7ekle\u015ftirdi. Mersin \u0130l Koordinasyon Kurulu Sekreteri Atar, \u201cTersane sonucu ciddi kent ve \u00e7evre &hellip; <a href=\"https:\/\/mersinekonomipolitikagazetesi.com\/?p=5977\" class=\"more-link\">Devam\u0131n\u0131 Oku&#8230;<\/a><\/p>\n","protected":false},"author":1,"featured_media":0,"comment_status":"open","ping_status":"open","sticky":false,"template":"","format":"standard","meta":[],"categories":[],"tags":[],"_links":{"self":[{"href":"https:\/\/mersinekonomipolitikagazetesi.com\/index.php?rest_route=\/wp\/v2\/posts\/5977"}],"collection":[{"href":"https:\/\/mersinekonomipolitikagazetesi.com\/index.php?rest_route=\/wp\/v2\/posts"}],"about":[{"href":"https:\/\/mersinekonomipolitikagazetesi.com\/index.php?rest_route=\/wp\/v2\/types\/post"}],"author":[{"embeddable":true,"href":"https:\/\/mersinekonomipolitikagazetesi.com\/index.php?rest_route=\/wp\/v2\/users\/1"}],"replies":[{"embeddable":true,"href":"https:\/\/mersinekonomipolitikagazetesi.com\/index.php?rest_route=%2Fwp%2Fv2%2Fcomments&post=5977"}],"version-history":[{"count":0,"href":"https:\/\/mersinekonomipolitikagazetesi.com\/index.php?rest_route=\/wp\/v2\/posts\/5977\/revisions"}],"wp:attachment":[{"href":"https:\/\/mersinekonomipolitikagazetesi.com\/index.php?rest_route=%2Fwp%2Fv2%2Fmedia&parent=5977"}],"wp:term":[{"taxonomy":"category","embeddable":true,"href":"https:\/\/mersinekonomipolitikagazetesi.com\/index.php?rest_route=%2Fwp%2Fv2%2Fcategories&post=5977"},{"taxonomy":"post_tag","embeddable":true,"href":"https:\/\/mersinekonomipolitikagazetesi.com\/index.php?rest_route=%2Fwp%2Fv2%2Ftags&post=5977"}],"curies":[{"name":"wp","href":"https:\/\/api.w.org\/{rel}","templated":true}]}}