{"id":5978,"date":"2020-11-04T18:26:25","date_gmt":"2020-11-04T15:26:25","guid":{"rendered":"http:\/\/mersinekonomipolitikagazetesi.com\/?p=5978"},"modified":"2020-11-04T18:26:25","modified_gmt":"2020-11-04T15:26:25","slug":"islenen-suc-organize-bir-suctur-rant-ugruna-vatan-hainligidir-birim-72-dekarlik-orman-katliamcisi-gerekli-cezayi-almaliydi","status":"publish","type":"post","link":"https:\/\/mersinekonomipolitikagazetesi.com\/?p=5978","title":{"rendered":"\u201c\u0130\u015flenen su\u00e7, organize bir su\u00e7tur. Rant u\u011fruna vatan hainli\u011fidir\u201d  B\u0130R\u0130M: \u201c72 DEKARLIK ORMAN KATL\u0130AMCISI GEREKL\u0130 CEZAYI ALMALIYDI..!&#8221;"},"content":{"rendered":"<p>\u00a0<\/p>\n<p>Mezitli\u2019de ya\u015fanan 72 dekarl\u0131k orman katliam\u0131n\u0131n failinin serbest b\u0131rak\u0131lmas\u0131na ili\u015fkin ZMO Mersin \u015eubesi Ba\u015fkan\u0131 Necmi Birim, karar\u0131n tekrar g\u00f6zden ge\u00e7irilmesini talep etti. Birim, \u201cBunlar\u0131n cezas\u0131z kalmas\u0131, di\u011fer insanlar\u0131n i\u015ftah\u0131n\u0131 kabartacak, katliamlar durmayacak.&#8221; dedi.\u00a0<\/p>\n<p>\nGe\u00e7ti\u011fimiz aylarda, Mezitli il\u00e7esi Eski Mezitli Mahallesi\u2019nde ya\u015fanan 72 dekarl\u0131k orman katliam\u0131n\u0131n faili serbest b\u0131rak\u0131ld\u0131.<br \/>\nKonuya ili\u015fkin olarak Ziraat M\u00fchendisleri Odas\u0131(ZMO) Mersin \u015eube Ba\u015fkan\u0131 Necmi Birim, yaz\u0131l\u0131 bas\u0131n a\u00e7\u0131klamas\u0131nda bulunurak karar\u0131n \u00fcz\u00fcc\u00fc oldu\u011funu s\u00f6yledi.<br \/>\nBirim, &#8220;Bir gecede bin 500 a\u011fac\u0131n birden kesilmesi bir ki\u015finin yapaca\u011f\u0131 bir i\u015f de\u011fildir. Biz i\u015fin arkas\u0131nda bulunan organize g\u00fc\u00e7lere ula\u015f\u0131lmas\u0131n\u0131 beklerken, \u015fahs\u0131n serbest b\u0131rak\u0131lmas\u0131 bizleri derinden \u00fczm\u00fc\u015ft\u00fcr. Ormanlar\u0131m\u0131za zarar veren, do\u011fa katliamc\u0131lar\u0131n\u0131n affedilmesi toplum vicdan\u0131nda kapanmaz yaralar a\u00e7ar. \u0130\u015flenen su\u00e7, organize bir su\u00e7tur. Rant u\u011fruna birtak\u0131m kendini bilmezlerin do\u011fam\u0131z\u0131 tahrip etmeleri en kaba tabirle vatan hainli\u011fidir.&#8221; dedi.\u00a0<\/p>\n<p>&#8220;Failin Serbest B\u0131rak\u0131lmas\u0131 Derinden \u00dczd\u00fc!&#8221;\u00a0<\/p>\n<p>Ziraat M\u00fchendislerinin g\u00f6revinin, t\u00fcm insanl\u0131\u011fa sa\u011fl\u0131kl\u0131 temiz \u00fcr\u00fcnler yeti\u015ftirmek ve gelecek nesiller i\u00e7in temiz bir do\u011fay\u0131 koruyup teslim etmek oldu\u011funu belirten Necmi Birim, \u201cA\u011fa\u00e7lar ba\u015fta insan olmak \u00fczere, t\u00fcm canl\u0131lar\u0131n ya\u015fam\u0131nda sa\u011fl\u0131k a\u00e7\u0131s\u0131ndan \u00e7ok \u00f6nemli bir yere sahiptirler. Biz yarg\u0131m\u0131zdan \u2018yapanlar\u0131n yan\u0131na kar kalmaz, i\u015fte budur, \u015fimdi oldu\u2019 dedirtecek kararlar beklerken, falin serbest b\u0131rak\u0131lmas\u0131 t\u00fcm camiam\u0131z\u0131 derinden \u00fczm\u00fc\u015ft\u00fcr. \u0130limizin ve \u00fclkemizin kanayan yaras\u0131 olan ormandan yer a\u00e7\u0131p ki\u015fisel rant kazanma \u00e7abalar\u0131n\u0131n cezas\u0131z kalmas\u0131 yeni olaylar i\u00e7in cesaret verici olacakt\u0131r. Bug\u00fcn 72 dekarl\u0131k a\u011fa\u00e7 kesen ki\u015fi veya ki\u015filer yar\u0131n belki 72 insan\u0131 katledebilir. \u00c7\u00fcnk\u00fc a\u011fa\u00e7lar da canl\u0131d\u0131r, \u00fcstelik faydal\u0131 canl\u0131lard\u0131r.&#8221; ifadelerini kulland\u0131.\u00a0<\/p>\n<p>&#8220;Ayn\u0131 B\u00f6lgede Benzer Katliamlar Yap\u0131ld\u0131&#8221;\u00a0<\/p>\n<p>Yarg\u0131 mensuplar\u0131ndan bu karar\u0131n tekrar g\u00f6zden ge\u00e7irilmesini talep ettiklerini belirten Birim, \u201c72 dekar orman\u0131 katleden o faili yakalad\u0131n\u0131z, sonra serbest b\u0131rakt\u0131n\u0131z. Dava devam ediyor ama bir an evvel, Mersin kamuoyunun vicdan\u0131n\u0131 s\u0131zlatan bu karar\u0131 yeniden g\u00f6zden ge\u00e7irip, y\u00fcce adaletin uygulay\u0131c\u0131lar\u0131 olarak o faili azmettirenleri bularak gerekli cezalar\u0131n verilmesini sa\u011flayarak vicdanlar\u0131m\u0131z\u0131 rahatlat\u0131n. Ayn\u0131 b\u00f6lge daha \u00f6nce bilinen ki\u015filer taraf\u0131ndan, peyder pey yap\u0131lm\u0131\u015f benzer katliamlar\u0131n yap\u0131ld\u0131\u011f\u0131 da dile getirildi. Bunlar\u0131n cezas\u0131z kalmas\u0131, di\u011fer insanlar\u0131n i\u015ftah\u0131n\u0131 kabartacakt\u0131r. Bunun i\u00e7in Mersin Milletvekillerini, Say\u0131n Valimizi, Orman B\u00f6lge M\u00fcd\u00fcr\u00fcm\u00fcz\u00fc, t\u00fcm yetkilileri g\u00f6reve davet ediyoruz. G\u00fczel \u0130limizin do\u011fa varl\u0131klar\u0131n\u0131n korunmas\u0131 i\u00e7in bu davan\u0131n emsal olmas\u0131n\u0131 talep ediyoruz. Adalete g\u00fcveniyoruz.&#8221; a\u00e7\u0131klamas\u0131nda bulundu.\u00a0<\/p>\n","protected":false},"excerpt":{"rendered":"<p>\u00a0 Mezitli\u2019de ya\u015fanan 72 dekarl\u0131k orman katliam\u0131n\u0131n failinin serbest b\u0131rak\u0131lmas\u0131na ili\u015fkin ZMO Mersin \u015eubesi Ba\u015fkan\u0131 Necmi Birim, karar\u0131n tekrar g\u00f6zden ge\u00e7irilmesini talep etti. Birim, \u201cBunlar\u0131n cezas\u0131z kalmas\u0131, di\u011fer insanlar\u0131n i\u015ftah\u0131n\u0131 &hellip; <a href=\"https:\/\/mersinekonomipolitikagazetesi.com\/?p=5978\" class=\"more-link\">Devam\u0131n\u0131 Oku&#8230;<\/a><\/p>\n","protected":false},"author":1,"featured_media":0,"comment_status":"open","ping_status":"open","sticky":false,"template":"","format":"standard","meta":[],"categories":[],"tags":[],"_links":{"self":[{"href":"https:\/\/mersinekonomipolitikagazetesi.com\/index.php?rest_route=\/wp\/v2\/posts\/5978"}],"collection":[{"href":"https:\/\/mersinekonomipolitikagazetesi.com\/index.php?rest_route=\/wp\/v2\/posts"}],"about":[{"href":"https:\/\/mersinekonomipolitikagazetesi.com\/index.php?rest_route=\/wp\/v2\/types\/post"}],"author":[{"embeddable":true,"href":"https:\/\/mersinekonomipolitikagazetesi.com\/index.php?rest_route=\/wp\/v2\/users\/1"}],"replies":[{"embeddable":true,"href":"https:\/\/mersinekonomipolitikagazetesi.com\/index.php?rest_route=%2Fwp%2Fv2%2Fcomments&post=5978"}],"version-history":[{"count":0,"href":"https:\/\/mersinekonomipolitikagazetesi.com\/index.php?rest_route=\/wp\/v2\/posts\/5978\/revisions"}],"wp:attachment":[{"href":"https:\/\/mersinekonomipolitikagazetesi.com\/index.php?rest_route=%2Fwp%2Fv2%2Fmedia&parent=5978"}],"wp:term":[{"taxonomy":"category","embeddable":true,"href":"https:\/\/mersinekonomipolitikagazetesi.com\/index.php?rest_route=%2Fwp%2Fv2%2Fcategories&post=5978"},{"taxonomy":"post_tag","embeddable":true,"href":"https:\/\/mersinekonomipolitikagazetesi.com\/index.php?rest_route=%2Fwp%2Fv2%2Ftags&post=5978"}],"curies":[{"name":"wp","href":"https:\/\/api.w.org\/{rel}","templated":true}]}}