{"id":5982,"date":"2020-11-04T18:26:25","date_gmt":"2020-11-04T15:26:25","guid":{"rendered":"http:\/\/mersinekonomipolitikagazetesi.com\/?p=5982"},"modified":"2020-11-04T18:26:25","modified_gmt":"2020-11-04T15:26:25","slug":"mersinde-parkomat-uygulamasi-basladi","status":"publish","type":"post","link":"https:\/\/mersinekonomipolitikagazetesi.com\/?p=5982","title":{"rendered":"Mersin\u2019de parkomat uygulamas\u0131 ba\u015flad\u0131"},"content":{"rendered":"<div><span style=\"font-size: 12px;\">Mersin B\u00fcy\u00fck\u015fehir Belediyesinin hem trafik hem de park s\u0131k\u0131nt\u0131s\u0131n\u0131n \u00f6n\u00fcne ge\u00e7mek amac\u0131yla aylard\u0131r haz\u0131rl\u0131\u011f\u0131n\u0131 yapt\u0131\u011f\u0131 parkomat uygulamas\u0131 ba\u015flad\u0131. Parkomat sistemi i\u00e7in istihdam edilen 92 personel, trafi\u011fin yo\u011fun oldu\u011fu b\u00f6lgelere da\u011f\u0131larak \u00e7al\u0131\u015fmaya ba\u015flad\u0131. B\u00fcy\u00fck\u015fehir Belediye Ba\u015fkan\u0131 Vahap Se\u00e7er\u2019in kad\u0131n istihdam\u0131na verdi\u011fi \u00f6ncelik ile parkomat \u00e7al\u0131\u015fanlar\u0131n\u0131n \u00fc\u00e7te biri kad\u0131nlardan olu\u015ftu.\u00a0<\/span><\/div>\n<div><span style=\"font-size: 12px;\">\u00a0 Mersin B\u00fcy\u00fck\u015fehir Belediye Ba\u015fkan\u0131 Vahap Se\u00e7er\u2019in, trafi\u011fin yo\u011fun oldu\u011fu b\u00f6lgelerde vatanda\u015flar\u0131n park yeri bulma noktas\u0131nda ya\u015fad\u0131\u011f\u0131 sorunlar\u0131 \u00f6nlemek ve esnafa rahat nefes ald\u0131rmak amac\u0131yla yeniden g\u00fcndeme getirdi\u011fi parkomat uygulamas\u0131 Mersin\u2019de yeniden ba\u015flad\u0131.\u00a0\u00a0<\/span><\/div>\n<div><span style=\"font-size: 12px;\">\u00a0 B\u00fcy\u00fck\u015fehir Belediye Meclisi taraf\u0131ndan oy birli\u011fi ile kabul edilen parkomat uygulamas\u0131 kapsam\u0131nda i\u015fe al\u0131nan personel, Kongre ve Sergi Saray\u0131nda ald\u0131klar\u0131 e\u011fitimin ard\u0131ndan trafi\u011fin en yo\u011fun oldu\u011fu yol, cadde ve alanlarda g\u00f6revine ba\u015flad\u0131. 27\u2019si kad\u0131nlardan olu\u015fan toplam 92 personel, kentin \u00e7e\u015fitli noktalar\u0131nda parkomat sistemini uyguluyor.\u00a0<\/span><\/div>\n<div><span style=\"font-size: 12px;\">\u00a0<\/span><\/div>\n<div><span style=\"font-size: 12px;\">\u00a0 \u0130lk 15 dakika \u00fccretsiz\u00a0<\/span><\/div>\n<div><span style=\"font-size: 12px;\">\u00a0 Personel, ara\u00e7 plakas\u0131, park edi\u015f saati ve peron kodunun \u00fczerinde yaz\u0131l\u0131 oldu\u011fu fi\u015fleri kulland\u0131klar\u0131 cihazdan elde ederek, arac\u0131n\u0131 park eden s\u00fcr\u00fcc\u00fclere teslim ediyor. \u0130lk 15 dakikan\u0131n \u00fccretsiz oldu\u011fu uygulamada 15-60 dakika aras\u0131 4 TL, 15-120 dakika aras\u0131 7 TL olarak belirlendi. Maksimum verilen \u00fccret 24 saat ara\u00e7 b\u0131rak\u0131lmas\u0131 halinde 20 TL olacak. Pazartesiden cumartesiye kadar 08.00-18.00 saatleri aras\u0131nda 6 g\u00fcn hizmet verilen uygulamada, vatanda\u015flar kredi kart\u0131yla da \u00f6deme yapabilecek.\u00a0<\/span><\/div>\n<div><span style=\"font-size: 12px;\">\u00a0<\/span><\/div>\n<div><span style=\"font-size: 12px;\">\u201cKad\u0131nlar art\u0131k sahalarda, her yerdeler\u201d\u00a0<\/span><\/div>\n<div><span style=\"font-size: 12px;\">\u00a0 Uzun s\u00fcredir i\u015fsiz oldu\u011funu ifade eden Fatma \u00d6zcan, parkomat i\u00e7in i\u015fe al\u0131nan kad\u0131nlardan biri. Kendisine verilen imkandan dolay\u0131 \u00e7ok mutlu oldu\u011funu dile getiren \u00d6zcan, \u201c\u0130\u015eKUR sayfas\u0131ndan ba\u015fvurumu yapt\u0131m. Beni \u00e7a\u011f\u0131rd\u0131lar, m\u00fclakat\u0131m\u0131z\u0131 olduk sonra telefon geldi ve i\u015fe al\u0131nd\u0131\u011f\u0131m s\u00f6ylendi. Daha sonra i\u015fle ilgili e\u011fitim g\u00f6rd\u00fck. Daha sonra da i\u015fimize ba\u015flad\u0131k. Forum b\u00f6lgesindeyim. Parkomat sistemi trafi\u011fin en yo\u011fun oldu\u011fu yerlerde se\u00e7ildi, trafik biraz olsun rahatlad\u0131 bu konuda. Saat usul\u00fc \u00e7al\u0131\u015f\u0131yoruz. Fi\u015f kesiyoruz, uygun bir \u00fccret \u00f6d\u00fcyorlar. Kad\u0131nlar art\u0131k sahalarda, her yerdeler ve insanlardan, halk\u0131m\u0131zdan \u00e7ok olumlu tepkiler al\u0131yor. Kad\u0131nlar kendi ayaklar\u0131n\u0131n \u00fcst\u00fcnde durdu\u011funda \u00f6zg\u00fcvenleri art\u0131yor. B\u00fcy\u00fck\u015fehir Belediye Ba\u015fkan\u0131m\u0131z Vahap Se\u00e7er\u2019e biz kad\u0131nlara \u00f6ncelik tan\u0131d\u0131\u011f\u0131 i\u00e7in \u00e7ok te\u015fekk\u00fcr ediyorum. Kad\u0131nlar \u00fczerine olan projelerinin devam\u0131 gelirse \u00e7ok mutlu oluruz. Bize vermi\u015f oldu\u011fu \u00f6zg\u00fcven i\u00e7in de ayr\u0131ca te\u015fekk\u00fcr ediyorum, projelerin devam\u0131n\u0131 diliyorum\u201d dedi.\u00a0<\/span><\/div>\n<div><span style=\"font-size: 12px;\">\u00a0<\/span><\/div>\n<div><span style=\"font-size: 12px;\">\u201cErkek i\u015fi olarak bilinen bir i\u015f ama biz kad\u0131nlar da ba\u015farabiliyoruz\u201d\u00a0<\/span><\/div>\n<div><span style=\"font-size: 12px;\">\u00a0 Parkomat sistemine dair insanlardan olumlu tepkiler ald\u0131\u011f\u0131n\u0131 vurgulayan 24 ya\u015f\u0131nda ve bir \u00e7ocuk annesi olan Helin U\u00e7ansu ise \u201cD\u00f6rt-be\u015f senedir i\u015fsizdim, i\u015f bulam\u0131yordum. \u0130nternet sitesinden g\u00f6rd\u00fcm i\u015f ilan\u0131n\u0131, ba\u015fvuruda bulundum. E\u011fitimde vatanda\u015flarla nas\u0131l ilgilenmemiz ve cihaz\u0131 nas\u0131l kullanmam\u0131z gerekti\u011fi, \u00fccretlere dair bilgiler verdiler. Benim oldu\u011fum b\u00f6lge b\u00f6lgede g\u00fcnlerce, aylarca ara\u00e7lar\u0131n\u0131 b\u0131rak\u0131p gidenler varm\u0131\u015f. Vatanda\u015flar \u2018bunlar\u0131n \u00f6n\u00fcne ge\u00e7tiniz\u2019 diyorlar, \u00e7ok mutlular. Esnaf da bu y\u00f6nden \u00e7ok mutlu. Bir\u00e7ok vatanda\u015f\u0131m\u0131z memnun bu durumdan. \u0130\u015f ayakta yap\u0131lan, \u2018erkek i\u015fi\u2019 olarak bilinen bir i\u015f ama biz kad\u0131nlar da ba\u015farabiliyoruz\u201d diye konu\u015ftu.\u00a0<\/span><\/div>\n<div><span style=\"font-size: 12px;\">\u00a0<\/span><\/div>\n<div><span style=\"font-size: 12px;\">\u00a0 \u201cVatanda\u015flar, Belediye Ba\u015fkan\u0131m\u0131z Vahap Se\u00e7er\u2019e \u00e7ok te\u015fekk\u00fcr ediyor\u201d\u00a0<\/span><\/div>\n<div><span style=\"font-size: 12px;\">\u00a0 Parkomat \u00e7al\u0131\u015fanlar\u0131ndan H\u00fcseyin \u00d6zt\u00fcrk de uygulaman\u0131n vatanda\u015f a\u00e7\u0131s\u0131ndan da esnaf a\u00e7\u0131s\u0131ndan da \u00e7ok iyi oldu\u011funu, trafi\u011fi rahatlatt\u0131\u011f\u0131n\u0131 dile getirerek, \u201cBir y\u0131ld\u0131r i\u015fsizdim. \u00c7ok g\u00fczel bir uygulama oldu. Vatanda\u015flar, Belediye Ba\u015fkan\u0131m\u0131z Vahap Se\u00e7er\u2019e \u00e7ok te\u015fekk\u00fcr ediyor, selamlar\u0131n\u0131 iletiyor. Buradan da iletmi\u015f oldum. Esnaf a\u00e7\u0131s\u0131ndan da vatanda\u015f a\u00e7\u0131s\u0131ndan da \u00e7ok iyi bir uygulama oldu. \u0130stihdam sa\u011fland\u0131\u201d ifadelerini kulland\u0131.\u00a0<\/span><\/div>\n","protected":false},"excerpt":{"rendered":"<p>Mersin B\u00fcy\u00fck\u015fehir Belediyesinin hem trafik hem de park s\u0131k\u0131nt\u0131s\u0131n\u0131n \u00f6n\u00fcne ge\u00e7mek amac\u0131yla aylard\u0131r haz\u0131rl\u0131\u011f\u0131n\u0131 yapt\u0131\u011f\u0131 parkomat uygulamas\u0131 ba\u015flad\u0131. Parkomat sistemi i\u00e7in istihdam edilen 92 personel, trafi\u011fin yo\u011fun oldu\u011fu b\u00f6lgelere da\u011f\u0131larak &hellip; <a href=\"https:\/\/mersinekonomipolitikagazetesi.com\/?p=5982\" class=\"more-link\">Devam\u0131n\u0131 Oku&#8230;<\/a><\/p>\n","protected":false},"author":1,"featured_media":0,"comment_status":"open","ping_status":"open","sticky":false,"template":"","format":"standard","meta":[],"categories":[],"tags":[],"_links":{"self":[{"href":"https:\/\/mersinekonomipolitikagazetesi.com\/index.php?rest_route=\/wp\/v2\/posts\/5982"}],"collection":[{"href":"https:\/\/mersinekonomipolitikagazetesi.com\/index.php?rest_route=\/wp\/v2\/posts"}],"about":[{"href":"https:\/\/mersinekonomipolitikagazetesi.com\/index.php?rest_route=\/wp\/v2\/types\/post"}],"author":[{"embeddable":true,"href":"https:\/\/mersinekonomipolitikagazetesi.com\/index.php?rest_route=\/wp\/v2\/users\/1"}],"replies":[{"embeddable":true,"href":"https:\/\/mersinekonomipolitikagazetesi.com\/index.php?rest_route=%2Fwp%2Fv2%2Fcomments&post=5982"}],"version-history":[{"count":0,"href":"https:\/\/mersinekonomipolitikagazetesi.com\/index.php?rest_route=\/wp\/v2\/posts\/5982\/revisions"}],"wp:attachment":[{"href":"https:\/\/mersinekonomipolitikagazetesi.com\/index.php?rest_route=%2Fwp%2Fv2%2Fmedia&parent=5982"}],"wp:term":[{"taxonomy":"category","embeddable":true,"href":"https:\/\/mersinekonomipolitikagazetesi.com\/index.php?rest_route=%2Fwp%2Fv2%2Fcategories&post=5982"},{"taxonomy":"post_tag","embeddable":true,"href":"https:\/\/mersinekonomipolitikagazetesi.com\/index.php?rest_route=%2Fwp%2Fv2%2Ftags&post=5982"}],"curies":[{"name":"wp","href":"https:\/\/api.w.org\/{rel}","templated":true}]}}