{"id":5983,"date":"2020-11-04T18:26:25","date_gmt":"2020-11-04T15:26:25","guid":{"rendered":"http:\/\/mersinekonomipolitikagazetesi.com\/?p=5983"},"modified":"2020-11-04T18:26:25","modified_gmt":"2020-11-04T15:26:25","slug":"vergi-haftasi-kutlaniyor","status":"publish","type":"post","link":"https:\/\/mersinekonomipolitikagazetesi.com\/?p=5983","title":{"rendered":"Vergi Haftas\u0131 kutlan\u0131yor"},"content":{"rendered":"<div><span style=\"font-size: 12px;\">Mersin Valisi Ali \u0130hsan Su, kay\u0131t d\u0131\u015f\u0131 ekonomi ile m\u00fccadele bilincinin olu\u015fturulmas\u0131nda tan\u0131t\u0131m ve bilgilendirme faaliyetlerinin \u00f6nemli oldu\u011funu s\u00f6yledi.\u00a0 \u00a0<\/span><\/div>\n<div><span style=\"font-size: 12px;\">\u00a0 Vali Su, her y\u0131l \u015fubat ay\u0131n\u0131n son haftas\u0131nda kutlanmakta olan Vergi Haftas\u0131 m\u00fcnasebetiyle Mersin Vergi Dairesi Ba\u015fkan\u0131 Adem G\u00fcng\u00f6r ve beraberindeki heyeti kabul etti. Ziyarette konu\u015fan Vali Su, vergi vermenin \u00f6nemine de\u011finerek, vergi haftas\u0131 etkinliklerinin toplumun t\u00fcm kesimlerinde fark\u0131ndal\u0131\u011f\u0131n artmas\u0131na yard\u0131mc\u0131 oldu\u011funu ifade etti.\u00a0<\/span><\/div>\n<div><span style=\"font-size: 12px;\">\u00a0 Kay\u0131t d\u0131\u015f\u0131 ekonomi ile m\u00fccadele bilincinin olu\u015fturulmas\u0131nda tan\u0131t\u0131m ve bilgilendirme faaliyetlerinin \u00f6nemine i\u015faret eden Su, vergi haftas\u0131n\u0131 kutlayarak, Ba\u015fkan G\u00fcng\u00f6r ve beraberindeki heyete y\u00fcr\u00fctt\u00fckleri \u00e7al\u0131\u015fmalarda ba\u015far\u0131lar diledi.\u00a0<\/span><\/div>\n<div><span style=\"font-size: 12px;\">\u00a0 Vergi Dairesi Ba\u015fkan\u0131 Adem G\u00fcng\u00f6r ise bu y\u0131l 31.\u2019si kutlanan Vergi Haftas\u0131 etkinliklerinin 24 \u015eubat-1 Mart tarihleri aras\u0131nda d\u00fczenlenece\u011fini ifade ederek, kutlamalar kapsam\u0131nda yap\u0131lacak olan etkinlikler hakk\u0131nda bilgi verdi.\u00a0<\/span><\/div>\n","protected":false},"excerpt":{"rendered":"<p>Mersin Valisi Ali \u0130hsan Su, kay\u0131t d\u0131\u015f\u0131 ekonomi ile m\u00fccadele bilincinin olu\u015fturulmas\u0131nda tan\u0131t\u0131m ve bilgilendirme faaliyetlerinin \u00f6nemli oldu\u011funu s\u00f6yledi.\u00a0 \u00a0 \u00a0 Vali Su, her y\u0131l \u015fubat ay\u0131n\u0131n son haftas\u0131nda kutlanmakta &hellip; <a href=\"https:\/\/mersinekonomipolitikagazetesi.com\/?p=5983\" class=\"more-link\">Devam\u0131n\u0131 Oku&#8230;<\/a><\/p>\n","protected":false},"author":1,"featured_media":0,"comment_status":"open","ping_status":"open","sticky":false,"template":"","format":"standard","meta":[],"categories":[],"tags":[],"_links":{"self":[{"href":"https:\/\/mersinekonomipolitikagazetesi.com\/index.php?rest_route=\/wp\/v2\/posts\/5983"}],"collection":[{"href":"https:\/\/mersinekonomipolitikagazetesi.com\/index.php?rest_route=\/wp\/v2\/posts"}],"about":[{"href":"https:\/\/mersinekonomipolitikagazetesi.com\/index.php?rest_route=\/wp\/v2\/types\/post"}],"author":[{"embeddable":true,"href":"https:\/\/mersinekonomipolitikagazetesi.com\/index.php?rest_route=\/wp\/v2\/users\/1"}],"replies":[{"embeddable":true,"href":"https:\/\/mersinekonomipolitikagazetesi.com\/index.php?rest_route=%2Fwp%2Fv2%2Fcomments&post=5983"}],"version-history":[{"count":0,"href":"https:\/\/mersinekonomipolitikagazetesi.com\/index.php?rest_route=\/wp\/v2\/posts\/5983\/revisions"}],"wp:attachment":[{"href":"https:\/\/mersinekonomipolitikagazetesi.com\/index.php?rest_route=%2Fwp%2Fv2%2Fmedia&parent=5983"}],"wp:term":[{"taxonomy":"category","embeddable":true,"href":"https:\/\/mersinekonomipolitikagazetesi.com\/index.php?rest_route=%2Fwp%2Fv2%2Fcategories&post=5983"},{"taxonomy":"post_tag","embeddable":true,"href":"https:\/\/mersinekonomipolitikagazetesi.com\/index.php?rest_route=%2Fwp%2Fv2%2Ftags&post=5983"}],"curies":[{"name":"wp","href":"https:\/\/api.w.org\/{rel}","templated":true}]}}