{"id":5988,"date":"2020-11-04T18:26:26","date_gmt":"2020-11-04T15:26:26","guid":{"rendered":"http:\/\/mersinekonomipolitikagazetesi.com\/?p=5988"},"modified":"2020-11-04T18:26:26","modified_gmt":"2020-11-04T15:26:26","slug":"tarhan-ve-bozdogan-gultak-ile-bulustu","status":"publish","type":"post","link":"https:\/\/mersinekonomipolitikagazetesi.com\/?p=5988","title":{"rendered":"Tarhan ve Bozdo\u011fan, G\u00fcltak ile bulu\u015ftu"},"content":{"rendered":"<div><span style=\"font-size: 12px;\">Mezitli Belediye Ba\u015fkan\u0131 Ne\u015fet Tarhan ve Tarsus Belediye Ba\u015fkan\u0131 Haluk Bozdo\u011fan, il\u00e7e belediye ba\u015fkanlar\u0131n\u0131 ziyaretleri kapsam\u0131nda Akdeniz Belediye Ba\u015fkan\u0131 Muhammet Mustafa G\u00fcltak ile bulu\u015ftu. Bulu\u015fmada, \u00fc\u00e7 ba\u015fkan da birlik ve beraberlik mesajlar\u0131 verirken, Mersin\u2019in ve il\u00e7elerin ya\u015fad\u0131\u011f\u0131 sorunlar\u0131n \u00e7\u00f6z\u00fcm\u00fc i\u00e7in her zaman bir arada olacaklar\u0131n\u0131n alt\u0131n\u0131 \u00e7izdiler.\u00a0<\/span><\/div>\n<div><span style=\"font-size: 12px;\">\u00a0 Mezitli Belediye Ba\u015fkan\u0131 Tarhan ile Tarsus Belediye Ba\u015fkan\u0131 Bozdo\u011fan, Akdeniz Belediye Ba\u015fkan\u0131 G\u00fcltak\u2019\u0131 makam\u0131nda ziyaret etti. Ziyaretleri dolay\u0131s\u0131yla Tarhan ve Bozdo\u011fan\u2019a te\u015fekk\u00fcr eden G\u00fcltak, il ba\u015fkanl\u0131\u011f\u0131 yapt\u0131\u011f\u0131 2004\u2019l\u00fc y\u0131llarda, kentin sorunlar\u0131n\u0131n \u00e7\u00f6z\u00fcm\u00fc i\u00e7in belediye ba\u015fkanlar\u0131 ile g\u00f6r\u00fc\u015ft\u00fc\u011f\u00fcn\u00fc hat\u0131rlatarak, birlik ve beraberli\u011fin \u00f6nemine dikkat \u00e7ekti. Ba\u015fkan G\u00fcltak, \u201cDemokrasinin vazge\u00e7ilmezi sand\u0131kt\u0131r. Demokrasinin ana unsuru da milletimizdir. Milletimizi \u00e7ok \u00f6nemsiyoruz. Se\u00e7imler bitti, rozetlerimizi \u00e7\u0131kard\u0131k. \u0130ktidar\u0131 temsil eden bir belediye ba\u015fkan\u0131 olarak, Bakan\u0131m\u0131z L\u00fctfi Elvan ve milletvekillerimizle birlikte t\u00fcm belediyelerimizin yan\u0131nda yer almaya, \u015fehrimizin kalk\u0131nmas\u0131 i\u00e7in her t\u00fcrl\u00fc deste\u011fi vermeye \u00e7al\u0131\u015f\u0131yoruz\u201d dedi.\u00a0<\/span><\/div>\n<div><span style=\"font-size: 12px;\">\u00a0\u00a0<\/span><\/div>\n<div><span style=\"font-size: 12px;\">\u00a0 \u201cBelediye ba\u015fkanlar\u0131n\u0131n \u00f6n\u00fcn\u00fcn t\u0131kanmas\u0131n\u0131 do\u011fru bulmuyorum\u201d\u00a0<\/span><\/div>\n<div><span style=\"font-size: 12px;\">\u00a0 G\u00fcltak, Mersin\u2019in \u00f6zellikle bar\u0131\u015fa, sevgiye, birlikteli\u011fe ve beraber y\u00fcr\u00fcmeye ihtiyac\u0131 oldu\u011funu kaydederek, \u201cBiz, t\u00fcm belediye ba\u015fkanlar\u0131m\u0131zla birlikte bu d\u00f6nemi daha g\u00fczel ve verimli g\u00f6r\u00fcyorum. Mersin\u2019de bu d\u00f6nem farkl\u0131 bir r\u00fczgar esiyor. Bunun izlerini B\u00fcy\u00fck\u015fehir\u2019de g\u00f6r\u00fcyor ve \u00f6nemsiyoruz. \u015eehrimizin hizmetlere acil ihtiyac\u0131 var. Bunun i\u00e7in de se\u00e7ilmi\u015f belediye ba\u015fkanlar\u0131n\u0131n \u00f6n\u00fcn\u00fcn t\u0131kanmas\u0131n\u0131 do\u011fru bulmuyorum. \u0130lk g\u00fcnden beri de b\u00f6yle bir \u00e7izgi ortaya koydum ve bu \u00e7izgimi de devam ettirece\u011fim. En \u00f6nemli amac\u0131m\u0131z; milletimizin, halk\u0131m\u0131z\u0131n, sorunlar\u0131n\u0131 \u00e7\u00f6zmektir. \u0130n\u015fallah bu d\u00f6nem Mersin\u2019de olu\u015fan bu havadan t\u00fcm halk\u0131m\u0131z faydalanacakt\u0131r\u201d diye konu\u015ftu.\u00a0<\/span><\/div>\n<div><span style=\"font-size: 12px;\">\u00a0<\/span><\/div>\n<div><span style=\"font-size: 12px;\">\u00a0 \u201cBelediye ba\u015fkanlar\u0131n\u0131n birlikteli\u011fi, halka moral ve g\u00fc\u00e7 veriyor\u201d\u00a0<\/span><\/div>\n<div><span style=\"font-size: 12px;\">\u00a0 Mersinlilerin beklentisinin de t\u00fcm belediye ba\u015fkanlar\u0131n\u0131n kent yarar\u0131na birlik halinde hareket etmek oldu\u011funu ifade eden Ba\u015fkan Tarhan da \u201cBelediye ba\u015fkanlar\u0131n\u0131n siyasi d\u00fc\u015f\u00fcnceleri ne olursa olsun, s\u00fcrekli irtibat halinde ve g\u00f6r\u00fc\u015f al\u0131\u015fveri\u015fi i\u00e7inde olmalar\u0131 gerekti\u011fine her zaman inan\u0131yorum. Asl\u0131nda halk da kentli de bunu bekliyor. Belediye ba\u015fkanlar\u0131n\u0131n yan yana duru\u015fu, onlara da moral ve psikolojik olarak g\u00fc\u00e7 veriyor. \u0130\u015fte bu g\u00fcc\u00fc bizim vermemiz gerekir. Bundan hareketle ba\u015fkanlar\u0131m\u0131z\u0131 ziyaret ediyoruz. Bug\u00fcn de umre d\u00f6n\u00fc\u015f\u00fc G\u00fcltak Ba\u015fkan\u0131m\u0131z\u0131 ziyaret ettik. Bu birlikteli\u011fin geni\u015flemesini istiyoruz. Mutlaka bir araya gelmemiz gerekiyor. Ger\u00e7ekten her partiden insan\u0131m\u0131z\u0131n buna susam\u0131\u015fl\u0131\u011f\u0131 var\u201d \u015feklinde konu\u015ftu.\u00a0<\/span><\/div>\n<div><span style=\"font-size: 12px;\">\u00a0<\/span><\/div>\n<div><span style=\"font-size: 12px;\">\u00a0 \u201cHalk, siyasetin her zaman \u00fcst\u00fcndedir\u201d\u00a0<\/span><\/div>\n<div><span style=\"font-size: 12px;\">\u00a0 Ba\u015fkan Bozdo\u011fan ise \u201cAnlamak, anla\u015f\u0131l\u0131r olmakt\u0131r. Bizim burada farkl\u0131 siyasi partilerden de olsa belediye ba\u015fkanlar\u0131n\u0131n bir araya gelmesi, asl\u0131nda payla\u015fma ve dayan\u0131\u015fman\u0131n en b\u00fcy\u00fck g\u00f6stergesi. Unutmamak gerekir ki, halk siyasetin her zaman \u00fczerindedir. Siyasetin \u00fczerinde olan halka da e\u015fit hizmet verilebilmesi i\u00e7in birbirimizden alaca\u011f\u0131m\u0131z \u00e7ok \u015fey var. Bunlar belki de \u00f6\u011freti olarak, belki de yap\u0131lanlar\u0131n kendi kentlerimizde ve kentlerimizin gelece\u011fi a\u00e7\u0131s\u0131ndan \u00f6nem arz edece\u011fi i\u00e7in b\u00f6yle birliktelikleri \u00f6nemsiyorum\u201d ifadelerini kulland\u0131.\u00a0<\/span><\/div>\n","protected":false},"excerpt":{"rendered":"<p>Mezitli Belediye Ba\u015fkan\u0131 Ne\u015fet Tarhan ve Tarsus Belediye Ba\u015fkan\u0131 Haluk Bozdo\u011fan, il\u00e7e belediye ba\u015fkanlar\u0131n\u0131 ziyaretleri kapsam\u0131nda Akdeniz Belediye Ba\u015fkan\u0131 Muhammet Mustafa G\u00fcltak ile bulu\u015ftu. Bulu\u015fmada, \u00fc\u00e7 ba\u015fkan da birlik ve &hellip; <a href=\"https:\/\/mersinekonomipolitikagazetesi.com\/?p=5988\" class=\"more-link\">Devam\u0131n\u0131 Oku&#8230;<\/a><\/p>\n","protected":false},"author":1,"featured_media":0,"comment_status":"open","ping_status":"open","sticky":false,"template":"","format":"standard","meta":[],"categories":[],"tags":[],"_links":{"self":[{"href":"https:\/\/mersinekonomipolitikagazetesi.com\/index.php?rest_route=\/wp\/v2\/posts\/5988"}],"collection":[{"href":"https:\/\/mersinekonomipolitikagazetesi.com\/index.php?rest_route=\/wp\/v2\/posts"}],"about":[{"href":"https:\/\/mersinekonomipolitikagazetesi.com\/index.php?rest_route=\/wp\/v2\/types\/post"}],"author":[{"embeddable":true,"href":"https:\/\/mersinekonomipolitikagazetesi.com\/index.php?rest_route=\/wp\/v2\/users\/1"}],"replies":[{"embeddable":true,"href":"https:\/\/mersinekonomipolitikagazetesi.com\/index.php?rest_route=%2Fwp%2Fv2%2Fcomments&post=5988"}],"version-history":[{"count":0,"href":"https:\/\/mersinekonomipolitikagazetesi.com\/index.php?rest_route=\/wp\/v2\/posts\/5988\/revisions"}],"wp:attachment":[{"href":"https:\/\/mersinekonomipolitikagazetesi.com\/index.php?rest_route=%2Fwp%2Fv2%2Fmedia&parent=5988"}],"wp:term":[{"taxonomy":"category","embeddable":true,"href":"https:\/\/mersinekonomipolitikagazetesi.com\/index.php?rest_route=%2Fwp%2Fv2%2Fcategories&post=5988"},{"taxonomy":"post_tag","embeddable":true,"href":"https:\/\/mersinekonomipolitikagazetesi.com\/index.php?rest_route=%2Fwp%2Fv2%2Ftags&post=5988"}],"curies":[{"name":"wp","href":"https:\/\/api.w.org\/{rel}","templated":true}]}}