{"id":5989,"date":"2020-11-04T18:26:26","date_gmt":"2020-11-04T15:26:26","guid":{"rendered":"http:\/\/mersinekonomipolitikagazetesi.com\/?p=5989"},"modified":"2020-11-04T18:26:26","modified_gmt":"2020-11-04T15:26:26","slug":"chp-baskanligina-ilk-aday-mersinden-aytug-atici-kilicdarogluna-rakip-oldu","status":"publish","type":"post","link":"https:\/\/mersinekonomipolitikagazetesi.com\/?p=5989","title":{"rendered":"CHP BA\u015eKANLI\u011eINA \u0130LK ADAY MERS\u0130N\u2019DEN     AYTU\u011e ATICI KILI\u00c7DARO\u011eLU\u2019NA RAK\u0130P OLDU&#8230;"},"content":{"rendered":"<div><span style=\"font-size: 12px;\">Cumhuriyet Halk Partisi\u2019nin (CHP) 28-29 Mart 2020 tarihinde ger\u00e7ekle\u015ftirece\u011fi 37. Ola\u011fan Kurultay\u0131\u2019na CHP eski Mersin Milletvekili Aytu\u011f At\u0131c\u0131 genel ba\u015fkan aday aday\u0131 oldu\u011funu a\u00e7\u0131klad\u0131. At\u0131c\u0131, \u201cSadece laiklik ilkesiyle de\u011fil, t\u00fcm ilke ve ink\u0131laplara sahip \u00e7\u0131kmal\u0131y\u0131z. \u0130ktidar olmak i\u00e7in herkese alt\u0131 oku anlatabilmeliyiz.\u201d dedi.<\/span><\/div>\n<div>\u00a0<\/div>\n<div><span style=\"font-size: 12px;\">\u00a0<\/span><\/div>\n<div>\u00a0<\/div>\n<div><span style=\"font-size: 12px;\">CHP genel ba\u015fkanl\u0131k se\u00e7imlerinin ger\u00e7ekle\u015ftirilece\u011fi 28- 29 Mart 2020 tarihlerinde Kemal K\u0131l\u0131\u00e7daro\u011flu\u2019na ilk rakip Mersin\u2019den \u00e7\u0131kt\u0131. \u201cPartinin \u00f6z gu\u0308cu\u0308nu\u0308n harekete ge\u00e7irilmesi ad\u0131na sokak \u00f6rg\u00fctlenmesi modeliyle \u00fclkedeki t\u00fcm sokaklar \u00fcyelerin deste\u011fiyle \u00f6rgu\u0308tlenecektir\u201d diye konu\u015fan CHP Genel Ba\u015fkanl\u0131\u011f\u0131 Aday Aday\u0131 Aytu\u011f At\u0131c\u0131, \u201cBu \u00e7al\u0131\u015fmayla birlikte standardize edilmi\u015f, t\u00fcm yurtta uygulanabilen, iktidar amac\u0131na y\u00f6nelik, \u00f6l\u00e7me ve de\u011ferlendirmesi yap\u0131labilen bir \u00e7al\u0131\u015fma modeli ile se\u00e7menle sadece se\u00e7im zaman\u0131nda de\u011fil, s\u00fcrekli olarak ileti\u015fim kurulmas\u0131 sa\u011flanacakt\u0131r.\u201d diye konu\u015ftu.<\/span><\/div>\n<div>\u00a0<\/div>\n<div><span style=\"font-size: 12px;\">\u00a0<\/span><\/div>\n<div>\u00a0<\/div>\n<div><span style=\"font-size: 12px;\">\u201c\u0130lk ad\u0131m\u0131m\u0131 atm\u0131\u015f bulunuyorum\u201d<\/span><\/div>\n<div>\u00a0<\/div>\n<div><span style=\"font-size: 12px;\">\u00a0<\/span><\/div>\n<div>\u00a0<\/div>\n<div><span style=\"font-size: 12px;\">CHP Mersin \u0130l Ba\u015fkanl\u0131\u011f\u0131nda d\u00fczenlenen bas\u0131n toplant\u0131s\u0131nda At\u0131c\u0131, \u201cG\u00fcne\u015fli bir Mersin\u2019den b\u00fct\u00fcn T\u00fcrkiye\u2019ye sevgilerimizi, s\u0131cak dostluk duygular\u0131m\u0131z\u0131 iletmek istiyorum. Bug\u00fcn g\u00fcne\u015fli bir g\u00fcn, benim i\u00e7in ayr\u0131ca heyecanl\u0131 bir g\u00fcn, \u00e7\u00fcnk\u00fc \u00fcyesi olmaktan onur duydu\u011fum, milletvekilli\u011fi yapmaktan gurur duydu\u011fum, hizmetinde olmaktan \u015feref duydu\u011fum partimizin en \u00fcst makam\u0131na, genel ba\u015fkanl\u0131\u011f\u0131na giden yola ilk ad\u0131m\u0131m\u0131 atm\u0131\u015f bulunuyorum.\u201d diye konu\u015ftu.<\/span><\/div>\n<div>\u00a0<\/div>\n<div><span style=\"font-size: 12px;\">\u00a0<\/span><\/div>\n<div>\u00a0<\/div>\n<div><span style=\"font-size: 12px;\">\u201cSe\u00e7menimiz kurtar\u0131c\u0131 bir lider aramaktan \u00f6te kendi \u00f6z\u00fcn\u00fc iyile\u015ftirmeyi ve geli\u015ftirmeyi istemektedir.\u201d<\/span><\/div>\n<div>\u00a0<\/div>\n<div><span style=\"font-size: 12px;\">\u00a0<\/span><\/div>\n<div><span style=\"font-size: 12px;\">Mustafa Kemal Atat\u00fcrk\u2019\u00fcn fikirleri, hayalleri ve g\u00f6sterdi\u011fi hedefler benimsendik\u00e7e, i\u00e7selle\u015ftirildik\u00e7e partinin ve \u00fclkenin daha iyi noktalara getirile bilinece\u011fini\u00a0 ve ba\u015fka bir kurtar\u0131c\u0131ya ihtiya\u00e7 duyulmayaca\u011f\u0131n\u0131 belirten At\u0131c\u0131, \u201cCHP\u2019nin \u00f6z g\u00fcc\u00fc olan \u00fcyeler, de\u011ferleri ve oyda\u015flar\u0131 ile y\u00fckselmesi \u00fclkemizi yeniden y\u00f6netmem onuruna sahip olmas\u0131 mu\u0308mku\u0308ndu\u0308r. \u00d6z g\u00fcc\u00fc ile y\u00fckselen CHP\u2019nin \u00e7ok say\u0131da yeni oyda\u015f kazanaca\u011f\u0131 a\u00e7\u0131kt\u0131r.\u201d ifadelerini kulland\u0131.<\/span><\/div>\n<div>\u00a0<\/div>\n<div><span style=\"font-size: 12px;\">\u00a0<\/span><\/div>\n<div>\u00a0<\/div>\n<div><span style=\"font-size: 12px;\">\u201cCHP\u2019nin, kendi i\u00e7indeki demokrasiyi daha da \u00fcst seviyeye \u00e7\u0131karmas\u0131 gerekiyor\u201d<\/span><\/div>\n<div>\u00a0<\/div>\n<div><span style=\"font-size: 12px;\">\u00a0<\/span><\/div>\n<div>\u00a0<\/div>\n<div><span style=\"font-size: 12px;\">T\u00fcrkiye\u2019nin en eski ve k\u00f6kl\u00fc partisi olan CHP\u2019nin, kurtulu\u015fta ve kurulu\u015fta \u00fcstlendi\u011fi g\u00f6revi, bug\u00fcn \u00fclkenin demokrasiye ula\u015fmas\u0131nda da \u00fcstlenmesi gerekti\u011fini belirten At\u0131c\u0131, \u201cT\u00fcrkiye\u2019ye demokrasiyi getirmek i\u00e7in elbette \u00f6ncelikle CHP\u2019nin, kendi i\u00e7indeki demokrasiyi daha da \u00fcst seviyeye \u00e7\u0131karmas\u0131 ve di\u011fer partilere de \u00f6rnek olmas\u0131 gerekiyor. \u015eu anda parlamentoda bulunan partiler i\u00e7erisinde \u015f\u00fcphesiz en demokratik olan\u0131 CHP\u2019dir. Ancak, bu demokrasi g\u00f6mle\u011fi, en geni\u015f g\u00f6mlek oldu\u011fu halde bize yetmez. Demokrasi dinamik bir s\u00fcre\u00e7tir ve s\u00fcrekli olarak da daha da \u00fcst d\u00fczeylere ta\u015f\u0131nmal\u0131d\u0131r\u201d diye konu\u015ftu.<\/span><\/div>\n<div>\u00a0<\/div>\n<div><span style=\"font-size: 12px;\">\u00a0<\/span><\/div>\n<div>\u00a0<\/div>\n<div><span style=\"font-size: 12px;\">\u201cSe\u00e7imlerde ba\u015far\u0131s\u0131z olan y\u00f6neticilerin, g\u00f6revi b\u0131rakmalar\u0131 bir reform olacakt\u0131r\u201d<\/span><\/div>\n<div>\u00a0<\/div>\n<div><span style=\"font-size: 12px;\">\u00a0<\/span><\/div>\n<div>\u00a0<\/div>\n<div><span style=\"font-size: 12px;\">\u00a0 CHP\u2019de reforma ihtiya\u00e7 oldu\u011funu belirten ve reform iste\u011finin y\u00fcksek sesle dile getirildi\u011fini kaydeden At\u0131c\u0131, de\u011fi\u015fim iste\u011finin sadece genel ba\u015fkan, Merkez Y\u00f6netim Kurulu veya Parti Meclisi ile s\u0131n\u0131rl\u0131 olmad\u0131\u011f\u0131n\u0131, parti t\u00fcz\u00fc\u011f\u00fc ve daha demokratik bir y\u00f6netim sistemiyle ilgili oldu\u011funu vurgulad\u0131.<\/span><\/div>\n<div>\u00a0<\/div>\n<div><span style=\"font-size: 12px;\">Genel ba\u015fkan olmas\u0131 durumunda hayata ge\u00e7irece\u011fi reformlar\u0131 da anlatan At\u0131c\u0131, bunlardan baz\u0131lar\u0131n\u0131 delegelerin t\u00fcm \u00fcyelerin oylar\u0131yla se\u00e7ilmesi, t\u00fcm kademelerdeki parti y\u00f6neticilerinin \u00e7ar\u015faf listeyle belirlenmesi, blok listeyle se\u00e7imlerin tamamen kald\u0131r\u0131lmas\u0131, milletvekili, belediye ba\u015fkan\u0131 ve meclis \u00fcyesi adaylar\u0131n\u0131n b\u00fct\u00fcn \u00fcyeler taraf\u0131ndan belirlenmesi, partinin cumhurba\u015fkan\u0131 aday\u0131n\u0131n t\u00fcm \u00fcyelerin kat\u0131l\u0131m\u0131yla yap\u0131lacak \u00f6n se\u00e7imle belirlenmesi olarak s\u0131ralad\u0131.<\/span><\/div>\n<div>\u00a0<\/div>\n<div><span style=\"font-size: 12px;\">At\u0131c\u0131, \u201cPartimizdeki en \u00f6nemli reformlardan birisi, ba\u015far\u0131s\u0131zl\u0131k kriterinin ortaya konmas\u0131d\u0131r. Bug\u00fcne kadar hi\u00e7bir partide ba\u015far\u0131s\u0131zl\u0131k nedir dedi\u011finiz zaman bir tan\u0131m\u0131 yoktur. Ba\u015far\u0131s\u0131zl\u0131\u011f\u0131n tan\u0131m\u0131n\u0131 koydu\u011funuz zaman, bu tan\u0131ma uyan y\u00f6neticilerin art\u0131k o g\u00f6revden ayr\u0131lmalar\u0131 gerekti\u011fini s\u00f6yledi\u011finiz ve bu uyguland\u0131\u011f\u0131 zaman bunun ad\u0131 reformdur. \u00d6rne\u011fin, genel veya yerel se\u00e7imlerde CHP\u2019nin, ittifak olmadan kendi ad\u0131na ald\u0131\u011f\u0131 do\u011frudan oy oran\u0131n\u0131n bir \u00f6nceki se\u00e7imde ald\u0131\u011f\u0131 oy oran\u0131ndan bir milim bile daha d\u00fc\u015f\u00fck \u00e7\u0131kmas\u0131, bir ba\u015far\u0131s\u0131zl\u0131k g\u00f6stergesidir ve hangi kademede olursa olsun bu kademedeki y\u00f6neticilerimizin ba\u015far\u0131s\u0131z kabul edilmeleri ve o g\u00f6revi b\u0131rakmalar\u0131 bir reform olacakt\u0131r\u201d dedi.\u00a0<\/span><\/div>\n<div>\u00a0<\/div>\n<div><span style=\"font-size: 12px;\">\u00a0 \u201cYepyeni bir \u00f6yk\u00fc yazmak i\u00e7in bu yola \u00e7\u0131km\u0131\u015f bulunuyorum\u201c<\/span><\/div>\n<div>\u00a0<\/div>\n<div><span style=\"font-size: 12px;\">Yepyeni bir \u00f6yk\u00fc yazmak i\u00e7in bu yola \u00e7\u0131kt\u0131\u011f\u0131n\u0131 belirten At\u0131c\u0131, \u201cYepyeni bir \u00f6yk\u00fc derken, bu \u00f6yk\u00fc yepyeni bir parti kurmak, partiyi tamamen yenilemek anlam\u0131nda de\u011fil. Partimizin ilkeleri, varmak istedi\u011fi hedef \u00e7ok g\u00fczel. Partimizin demokrasi m\u00fccadelesi takdire \u015fayan. Ancak, bunu daha ileriye g\u00f6t\u00fcrmek i\u00e7in yeni \u00f6yk\u00fcler yazmam\u0131z gerekiyor. Bu \u00f6yk\u00fcy\u00fc hep birlikte, \u00f6zellikle gen\u00e7lerle, kad\u0131n eme\u011finin, akl\u0131n\u0131n olmas\u0131yla yazaca\u011f\u0131z\u201d ifadelerini kulland\u0131.<\/span><\/div>\n<div>\u00a0<\/div>\n<div><span style=\"font-size: 12px;\">\u2018Reform Hareketi Manifestosu\u2019 da\u011f\u0131tt\u0131<\/span><\/div>\n<div>\u00a0<\/div>\n<div><span style=\"font-size: 12px;\">\u2018Reform Hareketi Manifestosu\u2019 da\u011f\u0131tan At\u0131c\u0131, \u201cK\u0131smet olur partime genel ba\u015fkan olursam, bu reformlardan \u00e7ok daha fazlas\u0131n\u0131 ve manifestoda yer alan \u00f6nerilerimin tamam\u0131n\u0131 uygulamaya ve karar mekanizmalar\u0131na kabul ettirmeye \u00e7al\u0131\u015faca\u011f\u0131ma emin olabilirsiniz\u201d diyerek hedeflerinin iktidara gelmek oldu\u011funun alt\u0131n\u0131 \u00e7izdi<\/span><\/div>\n<div>\u00a0<\/div>\n<div><span style=\"font-size: 12px;\">At\u0131c\u0131, \u201cB\u00fct\u00fcn bu hayallerimi ger\u00e7ekle\u015ftirmek, duygular\u0131m\u0131 T\u00fcrkiye\u2019nin her noktas\u0131na ta\u015f\u0131mak \u00fczere 28-29 Mart 2020\u2019da yapaca\u011f\u0131m\u0131z 37. Ola\u011fan Kurultayda CHP\u2019nin genel ba\u015fkan aday aday\u0131 olarak, buradan b\u00fct\u00fcn halk\u0131ma seslenmi\u015f bulunuyorum. B\u00f6ylesine onurlu ve g\u00fczel bir yol y\u00fcr\u00fcmekten son derece mutluyum. Yolu do\u011fru bulursak, zamanlamay\u0131 iyi yapabilirsek, yolu da adab\u0131yla y\u00fcr\u00fcrsek, sonu\u00e7 kendisi bize gelir. O nedenle yolumuz g\u00fczel. Yol y\u00fcr\u00fcmeyi de biliyoruz Allah\u2019a \u015f\u00fck\u00fcr, adab\u0131m\u0131z, edebimiz de yerindedir. Bu yolda kimseyi incitmeden, k\u0131rmadan neler yapabilece\u011fimizi b\u00fct\u00fcn T\u00fcrkiye\u2019ye anlataca\u011f\u0131z. Ad\u0131m ad\u0131m b\u00fct\u00fcn illerimizi gezece\u011fiz, delegelerimizi ikna edece\u011fiz ve \u00f6nce CHP\u2019nin, sonra T\u00fcrkiye\u2019nin bu reformlara ihtiyac\u0131 oldu\u011funu anlataca\u011f\u0131z. B\u00fct\u00fcn \u00fcyelerimize ve delegelerimize \u00e7a\u011fr\u0131m; bu manifestonun alt\u0131na imza atan herkesi bu kutlu yolda birlikte y\u00fcr\u00fcmeye davet ediyorum. Benim ekibim CHP\u2019dir. Aday aday\u0131 olmak bile b\u00fcy\u00fck bir mutluluk\u201d diyerek a\u00e7\u0131klamas\u0131n\u0131 tamamlad\u0131.<\/span><\/div>\n","protected":false},"excerpt":{"rendered":"<p>Cumhuriyet Halk Partisi\u2019nin (CHP) 28-29 Mart 2020 tarihinde ger\u00e7ekle\u015ftirece\u011fi 37. Ola\u011fan Kurultay\u0131\u2019na CHP eski Mersin Milletvekili Aytu\u011f At\u0131c\u0131 genel ba\u015fkan aday aday\u0131 oldu\u011funu a\u00e7\u0131klad\u0131. At\u0131c\u0131, \u201cSadece laiklik ilkesiyle de\u011fil, t\u00fcm &hellip; <a href=\"https:\/\/mersinekonomipolitikagazetesi.com\/?p=5989\" class=\"more-link\">Devam\u0131n\u0131 Oku&#8230;<\/a><\/p>\n","protected":false},"author":1,"featured_media":0,"comment_status":"open","ping_status":"open","sticky":false,"template":"","format":"standard","meta":[],"categories":[],"tags":[],"_links":{"self":[{"href":"https:\/\/mersinekonomipolitikagazetesi.com\/index.php?rest_route=\/wp\/v2\/posts\/5989"}],"collection":[{"href":"https:\/\/mersinekonomipolitikagazetesi.com\/index.php?rest_route=\/wp\/v2\/posts"}],"about":[{"href":"https:\/\/mersinekonomipolitikagazetesi.com\/index.php?rest_route=\/wp\/v2\/types\/post"}],"author":[{"embeddable":true,"href":"https:\/\/mersinekonomipolitikagazetesi.com\/index.php?rest_route=\/wp\/v2\/users\/1"}],"replies":[{"embeddable":true,"href":"https:\/\/mersinekonomipolitikagazetesi.com\/index.php?rest_route=%2Fwp%2Fv2%2Fcomments&post=5989"}],"version-history":[{"count":0,"href":"https:\/\/mersinekonomipolitikagazetesi.com\/index.php?rest_route=\/wp\/v2\/posts\/5989\/revisions"}],"wp:attachment":[{"href":"https:\/\/mersinekonomipolitikagazetesi.com\/index.php?rest_route=%2Fwp%2Fv2%2Fmedia&parent=5989"}],"wp:term":[{"taxonomy":"category","embeddable":true,"href":"https:\/\/mersinekonomipolitikagazetesi.com\/index.php?rest_route=%2Fwp%2Fv2%2Fcategories&post=5989"},{"taxonomy":"post_tag","embeddable":true,"href":"https:\/\/mersinekonomipolitikagazetesi.com\/index.php?rest_route=%2Fwp%2Fv2%2Ftags&post=5989"}],"curies":[{"name":"wp","href":"https:\/\/api.w.org\/{rel}","templated":true}]}}