{"id":5990,"date":"2020-11-04T18:26:26","date_gmt":"2020-11-04T15:26:26","guid":{"rendered":"http:\/\/mersinekonomipolitikagazetesi.com\/?p=5990"},"modified":"2020-11-04T18:26:26","modified_gmt":"2020-11-04T15:26:26","slug":"seni-sevmeyen-olsun-diye-tezahurat-yapanlar-suc-duyurusunda-bulunuyor","status":"publish","type":"post","link":"https:\/\/mersinekonomipolitikagazetesi.com\/?p=5990","title":{"rendered":"&#8216;Seni sevmeyen \u00f6ls\u00fcn&#8217; diye tezah\u00fcrat yapanlar \u2018SU\u00c7 DUYURUSUNDA BULUNUYOR\u2019"},"content":{"rendered":"<p>Fenerbah\u00e7e Y\u00f6netim Kurulu \u00dcyesi Mustafa Kemal Danaba\u015f, derbide taraftarlar\u0131n\u0131n a\u00e7t\u0131\u011f\u0131 pankart\u0131n yasal izinler al\u0131narak a\u00e7\u0131ld\u0131\u011f\u0131n\u0131 belirterek, &#8220;Y\u0131llard\u0131r mottolar\u0131 &#8216;Seni sevmeyen \u00f6ls\u00fcn&#8217; olan, bunu pankartlar\u0131na, mar\u015flar\u0131na yans\u0131tanlar; sadece kendilerini sevmediklerini s\u00f6yleyen insanlara nas\u0131l b\u00f6yle bir su\u00e7lamada bulunabiliyorlar ger\u00e7ekten hayret ediyorum&#8221; dedi.\u00a0<br \/>\nFenerbah\u00e7e Stat ve Taraftardan Sorumlu Y\u00f6netim Kurulu \u00dcyesi Mustafa Kemal Danaba\u015f, Galatasaray Kul\u00fcb\u00fc&#8217;n\u00fcn d\u00fcn resmi sitesinden derbide taraftar\u0131n\u0131n maruz kald\u0131klar\u0131 olaylar hakk\u0131nda yapt\u0131\u011f\u0131 a\u00e7\u0131klamalara cevap verdi. Derbide Fenerbah\u00e7e taraftar\u0131n\u0131n Maraton trib\u00fcn\u00fcnde a\u00e7t\u0131\u011f\u0131 pankart\u0131n gerekli izinler al\u0131narak a\u00e7\u0131ld\u0131\u011f\u0131n\u0131 belirten Danaba\u015f, sar\u0131-k\u0131rm\u0131z\u0131lar\u0131n iddialar\u0131n\u0131 tek tek yan\u0131tlad\u0131.\u00a0<br \/>\nM\u00fccadele sonras\u0131 spor g\u00fcndeminden d\u00fc\u015fmeyen pankart\u0131n gerekli izinler al\u0131narak as\u0131ld\u0131\u011f\u0131n\u0131 belirten Danaba\u015f, \u201c\u00dclkemizdeki t\u00fcm stadyumlara giren pankartlar \u00f6ncelikle emniyet g\u00fc\u00e7lerimizin denetiminden ge\u00e7er, onay al\u0131r ve bu i\u015flemlerin ard\u0131ndan trib\u00fcne as\u0131l\u0131r. Derbide de ayn\u0131 i\u015flemler uyguland\u0131. Konuyla ilgili olarak da emniyet birimlerinden onaylar al\u0131nm\u0131\u015f ve o pankart as\u0131lm\u0131\u015ft\u0131r. PFDK sevkleri a\u00e7\u0131kland\u0131. Dikkat ederseniz pankart sebebiyle kul\u00fcb\u00fcm\u00fcz\u00fcn herhangi bir sevki olmam\u0131\u015ft\u0131r. Zaten izinsiz veya s\u0131k\u0131nt\u0131l\u0131 bir pankartla \u00e7\u0131km\u0131\u015f olsayd\u0131k talimatlar gere\u011fince sevkler yap\u0131l\u0131rd\u0131. Ayr\u0131ca ben bu pankartta toplumu ayr\u0131\u015ft\u0131r\u0131c\u0131, birbirine d\u00fc\u015f\u00fcr\u00fcc\u00fc, d\u00fc\u015fmanl\u0131k ve nefret i\u00e7eren bir s\u00f6ylem g\u00f6rm\u00fcyorum. Taraftarlar kendi samimi duygular\u0131n\u0131 a\u00e7\u0131kl\u0131yorlar. Futbolun i\u00e7inde olan herkes de bu pankart\u0131n ne anlama geldi\u011fini gayet iyi biliyor. Y\u0131llard\u0131r mottolar\u0131 &#8216;Seni sevmeyen \u00f6ls\u00fcn&#8217; olan, bunu pankartlar\u0131na, mar\u015flar\u0131na yans\u0131tanlar; sadece kendilerini sevmediklerini s\u00f6yleyen insanlara nas\u0131l b\u00f6yle bir su\u00e7lamada bulunabiliyorlar ger\u00e7ekten hayret ediyorum. S\u00f6yledi\u011fim gibi pankartla ilgili olarak gerekli mercilerden t\u00fcm izinler al\u0131nm\u0131\u015ft\u0131r ve bu prosed\u00fcrlerin ard\u0131ndan pankart trib\u00fcne as\u0131lm\u0131\u015ft\u0131r. Bizim amac\u0131m\u0131z kimseye hakaret etmek de\u011fil. Burada baz\u0131 konular\u0131 hat\u0131rlatmak gerekiyor. Kimse kimseyi bal\u0131k haf\u0131zal\u0131 zannetmesin. Ge\u00e7en sezon kendi sahalar\u0131nda oynad\u0131\u011f\u0131m\u0131z kar\u015f\u0131la\u015fmada camiam\u0131z\u0131n evlad\u0131 sevgili Koray \u015eener\u2019i kalp krizi sebebiyle talihsiz bir \u015fekilde kaybettik. Koray\u2019\u0131n aram\u0131zdan ayr\u0131ld\u0131\u011f\u0131 haberinin yay\u0131lmas\u0131 ile trib\u00fcndeki t\u00fcm taraftarlar\u0131m\u0131z ma\u00e7\u0131n ikinci yar\u0131s\u0131nda stattan ayr\u0131lm\u0131\u015ft\u0131. Olay\u0131n t\u00fcm s\u0131cakl\u0131\u011f\u0131n\u0131n ya\u015fand\u0131\u011f\u0131 anda yine &#8216;Seni sevmeyen \u00f6ls\u00fcn&#8217; diye tezah\u00fcrat yapanlar\u0131n, yapt\u0131ranlar\u0131n bug\u00fcn bir pankart \u00fczerinden yapt\u0131klar\u0131 alg\u0131 operasyonu hayret edici boyutlardad\u0131r. T\u00fcm ya\u015fananlar\u0131 g\u00f6rmezden gelip, bu pankarta hangi ak\u0131lla tepki g\u00f6sterip su\u00e7 duyurusunda bulunuyorlar buna \u015fa\u015f\u0131r\u0131yorum ben&#8221; diye konu\u015ftu.\u00a0<\/p>\n<p>Galatasaray taraftar\u0131n\u0131n en h\u0131zl\u0131 \u015fekilde trib\u00fcndeki yerlerini ald\u0131klar\u0131n\u0131 s\u00f6yleyen Danaba\u015f, &#8220;Stad\u0131m\u0131z\u0131n fiziki \u015fartlar\u0131 y\u0131llard\u0131r ayn\u0131 \u015fekildedir. Hi\u00e7bir de\u011fi\u015fiklik yok. Sabah e\u015fg\u00fcd\u00fcm toplant\u0131s\u0131ndan sonra \u00f6zellikle ben talimat verdim b\u00fct\u00fcn turnikelerin a\u00e7\u0131k olmas\u0131 i\u00e7in. Deplasman trib\u00fcn\u00fcne en insani \u015fartlarda, en h\u0131zl\u0131 \u015fekilde girilmesi ad\u0131na b\u00fct\u00fcn turnikeler a\u00e7\u0131kt\u0131. Bu bizim de menfaatimize zaten. Deplasman taraftar\u0131 i\u00e7eri giremedi\u011finde, yollar \u00e7ok geni\u015f b\u00f6lgede kesiliyor. O y\u00fczden bizim de taraftar\u0131m\u0131z\u0131n rahat bir \u015fekilde stad\u0131m\u0131za gelmeleri i\u00e7in deplasman taraftar\u0131n\u0131n en seri \u015fekilde i\u00e7eri girmeleri laz\u0131m. Biz de t\u00fcm imkanlar\u0131 kullanarak en uygun ve en h\u0131zl\u0131 \u015fekilde i\u00e7eri girmelerini sa\u011flad\u0131k. Ben her sezon kendi taraftar\u0131m\u0131z\u0131n her deplasman ma\u00e7\u0131nda ya\u015fad\u0131klar\u0131n\u0131 kontrol ediyorum. G\u00f6r\u00fcyorum ki 6-8 tane turnike var sadece 1-2 tanesi \u00e7al\u0131\u015ft\u0131r\u0131l\u0131yor. Yeri geliyor 2 bin 300 taraftar\u0131m\u0131z\u0131 1-2 kap\u0131dan trib\u00fcne sokmaya \u00e7al\u0131\u015f\u0131yorlar. Taraftarlara eziyet ya\u015fat\u0131l\u0131yor. Biz t\u00fcm bunlar olmas\u0131n diye elimizden geleni yapt\u0131k. Dedi\u011fim gibi bizzat ben talimat verdim sorun ya\u015fanmamas\u0131 ad\u0131na&#8221; \u015feklinde konu\u015ftu.\u00a0<\/p>\n<p>&#8220;Sahaya i\u00e7ki \u015fi\u015fesi atanlar\u0131n b\u00f6yle tepki g\u00f6stermesini hayretle kar\u0131\u015f\u0131l\u0131yorum&#8221;<br \/>\n\u00a0<br \/>\nTrib\u00fcnde k\u00fcf\u00fcr olmamas\u0131 ad\u0131na gerekli anonslar\u0131 yapt\u0131klar\u0131n\u0131n alt\u0131n\u0131 \u00e7izen Danaba\u015f, &#8220;\u00dclkemizde maalesef k\u00f6t\u00fc tezah\u00fcrat olmayan stadyum yok. Biz g\u00f6reve geldi\u011fimiz g\u00fcnden itibaren ba\u015fkan\u0131m\u0131z\u0131n liderli\u011fi ve vizyonuyla trib\u00fcnlerde k\u00fcf\u00fcrl\u00fc tezah\u00fcrat olmamas\u0131 i\u00e7in b\u00fcy\u00fck \u00e7aba g\u00f6sterdik. Devre aras\u0131nda anons yapt\u0131rd\u0131k. Ba\u015fkanla birlikte izliyorduk ma\u00e7\u0131, 2 defa merdivenden indi k\u00fcf\u00fcr konusunda gerekli uyar\u0131lar\u0131 yapt\u0131. K\u00fcf\u00fcr i\u00e7in elbette hi\u00e7bir gerek\u00e7e \u00f6ne s\u00fcr\u00fclemez. Ancak bu a\u00e7\u0131klamalar\u0131 yapanlar, kendi statlar\u0131ndaki k\u00fcf\u00fcrleri duymuyor mu? Ge\u00e7ti\u011fimiz y\u0131llarda oynanan derbide Fenerbah\u00e7eli oyuncular\u0131n \u00fczerine tonlarca su atan, y\u00fczlerce koltuk f\u0131rlat\u0131p futbol sahalar\u0131nda hi\u00e7 g\u00f6r\u00fclmemi\u015f bir \u015fekilde i\u00e7ki \u015fi\u015fesi atanlar\u0131n, bu \u00e7irkinliklere imza atanlar\u0131n, \u015fu son ma\u00e7ta sahaya gelen 3-5 tane yabanc\u0131 maddeye tepki g\u00f6stermesini hayretle kar\u015f\u0131l\u0131yorum. Tabii bu bir savunma de\u011fil. At\u0131lmamas\u0131 gerek. T\u00fcrkiye&#8217;de hi\u00e7bir sahada olmamas\u0131 gerekiyor. Ama Fenerbah\u00e7eli oyunculara i\u00e7ki \u015fi\u015fesi, tonlarca su, binlerce koltuk atanlar; \u00e7ak\u0131lar b\u0131\u00e7aklar at\u0131l\u0131rken g\u00f6rmedim, i\u015fitmedim oynayanlar\u0131n bug\u00fcn bu kadar hassas olmas\u0131n\u0131 anlay\u0131\u015fla kar\u015f\u0131layamay\u0131z&#8221; ifadelerini kulland\u0131.\u00a0<\/p>\n<p>Galatasaray Kul\u00fcb\u00fc&#8217;n\u00fcn, taraftar\u0131n\u0131n y\u00fcksek sesli m\u00fczi\u011fe maruz kald\u0131\u011f\u0131 a\u00e7\u0131klamas\u0131na da yan\u0131t veren Danaba\u015f, &#8220;\u0130stanbul\u2019daki deplasmanlarda taraftar\u0131m\u0131z\u0131n ya\u015fad\u0131\u011f\u0131 en b\u00fcy\u00fck sorunlardan biri y\u00fcksek sesli m\u00fczi\u011fe maruz kalmalar\u0131yd\u0131. Ben bunu \u00e7ocuklar\u0131mla ya\u015fad\u0131m. T\u00fcrk Telekom Stad\u0131&#8217;ndan geldiklerinde ka\u00e7 kere i\u015fitme kayb\u0131na u\u011fram\u0131\u015flard\u0131. Biz g\u00f6reve geldikten sonra bize yap\u0131lmamas\u0131n\u0131 istemedi\u011fimiz \u015feyi ba\u015fkas\u0131na yapmama karar\u0131 ald\u0131k insani olarak. Deplasman tak\u0131mlar\u0131n\u0131n \u015fartlar\u0131n\u0131n iyile\u015ftirilmesi konusunda ilk ad\u0131m\u0131 atan kul\u00fcp de bizleriz. Ge\u00e7en sene de Be\u015fikta\u015f taraftarlar\u0131 te\u015fekk\u00fcr yay\u0131nlad\u0131. Hatta bir Be\u015fikta\u015f y\u00f6neticisi bizzat aray\u0131p insan gibi kar\u015f\u0131lan\u0131p insan gibi a\u011f\u0131rlan\u0131p g\u00f6nderildi\u011fi i\u00e7in te\u015fekk\u00fcr etti. Galatasaray Ba\u015fkan\u0131 ma\u00e7tan \u00f6nce yapt\u0131\u011f\u0131 a\u00e7\u0131klamada ge\u00e7ti\u011fimiz sezon oynanan m\u00fcsabakada 500-600 taraftar\u0131n i\u015fitme kayb\u0131na u\u011frad\u0131\u011f\u0131n\u0131 s\u00f6yledi. Tamamen as\u0131ls\u0131zd\u0131r. Hi\u00e7 y\u00fcksek sesle m\u00fczik \u00e7almad\u0131k. Hi\u00e7bir \u015fekilde ekstra m\u00fczik sistemi yoktu. Galatasaray taraftar\u0131na hangi ses seviyesinde m\u00fczik gidiyorsa Fenerbah\u00e7e taraftar\u0131na da ayn\u0131 gidiyor. Ne ma\u00e7 \u00f6ncesi ne de sonras\u0131 rahats\u0131z edici ses seviyesinde m\u00fczik olmad\u0131. Yap\u0131lmayan bir \u015feyi yap\u0131lmam\u0131\u015f g\u00f6stermek garip geliyor. \u00d6n\u00fcm\u00fczdeki sene yapmak istediklerine altyap\u0131 haz\u0131rlamak istiyorlar san\u0131r\u0131m ba\u015fka bir \u015fey olamaz&#8221; dedi.\u00a0<br \/>\nDanaba\u015f ayr\u0131ca sar\u0131-k\u0131rm\u0131z\u0131l\u0131 kul\u00fcb\u00fcn tuvaletler hakk\u0131nda yapt\u0131\u011f\u0131 a\u00e7\u0131klamaya da \u015fu yan\u0131t\u0131 verdi:\u00a0<br \/>\n&#8220;Stad\u0131m\u0131zda tuvaletler 2011 y\u0131l\u0131nda de\u011fi\u015ftirilmi\u015f. Avrupa\u2019da s\u0131k s\u0131k bulunan sisteme ge\u00e7ilmi\u015ftir. 9 y\u0131ld\u0131r g\u00fcndeme gelmeyen bu konunun bug\u00fcn g\u00fcndeme gelmesi yine anlam veremedi\u011fimiz bir durumdur. Bu de\u011fi\u015fikli\u011fin sebebi pisuvarlar\u0131n k\u0131r\u0131l\u0131p sahaya at\u0131lmas\u0131d\u0131r. 9 y\u0131ld\u0131r bu \u015fekilde zaten. Herhalde bir \u015feyler ar\u0131yorlar. Bunlar\u0131n hepsi bo\u015f \u00e7abalard\u0131r.\u201d\u00a0<\/p>\n","protected":false},"excerpt":{"rendered":"<p>Fenerbah\u00e7e Y\u00f6netim Kurulu \u00dcyesi Mustafa Kemal Danaba\u015f, derbide taraftarlar\u0131n\u0131n a\u00e7t\u0131\u011f\u0131 pankart\u0131n yasal izinler al\u0131narak a\u00e7\u0131ld\u0131\u011f\u0131n\u0131 belirterek, &#8220;Y\u0131llard\u0131r mottolar\u0131 &#8216;Seni sevmeyen \u00f6ls\u00fcn&#8217; olan, bunu pankartlar\u0131na, mar\u015flar\u0131na yans\u0131tanlar; sadece kendilerini sevmediklerini s\u00f6yleyen &hellip; <a href=\"https:\/\/mersinekonomipolitikagazetesi.com\/?p=5990\" class=\"more-link\">Devam\u0131n\u0131 Oku&#8230;<\/a><\/p>\n","protected":false},"author":1,"featured_media":0,"comment_status":"open","ping_status":"open","sticky":false,"template":"","format":"standard","meta":[],"categories":[],"tags":[],"_links":{"self":[{"href":"https:\/\/mersinekonomipolitikagazetesi.com\/index.php?rest_route=\/wp\/v2\/posts\/5990"}],"collection":[{"href":"https:\/\/mersinekonomipolitikagazetesi.com\/index.php?rest_route=\/wp\/v2\/posts"}],"about":[{"href":"https:\/\/mersinekonomipolitikagazetesi.com\/index.php?rest_route=\/wp\/v2\/types\/post"}],"author":[{"embeddable":true,"href":"https:\/\/mersinekonomipolitikagazetesi.com\/index.php?rest_route=\/wp\/v2\/users\/1"}],"replies":[{"embeddable":true,"href":"https:\/\/mersinekonomipolitikagazetesi.com\/index.php?rest_route=%2Fwp%2Fv2%2Fcomments&post=5990"}],"version-history":[{"count":0,"href":"https:\/\/mersinekonomipolitikagazetesi.com\/index.php?rest_route=\/wp\/v2\/posts\/5990\/revisions"}],"wp:attachment":[{"href":"https:\/\/mersinekonomipolitikagazetesi.com\/index.php?rest_route=%2Fwp%2Fv2%2Fmedia&parent=5990"}],"wp:term":[{"taxonomy":"category","embeddable":true,"href":"https:\/\/mersinekonomipolitikagazetesi.com\/index.php?rest_route=%2Fwp%2Fv2%2Fcategories&post=5990"},{"taxonomy":"post_tag","embeddable":true,"href":"https:\/\/mersinekonomipolitikagazetesi.com\/index.php?rest_route=%2Fwp%2Fv2%2Ftags&post=5990"}],"curies":[{"name":"wp","href":"https:\/\/api.w.org\/{rel}","templated":true}]}}