{"id":5996,"date":"2020-11-04T18:26:26","date_gmt":"2020-11-04T15:26:26","guid":{"rendered":"http:\/\/mersinekonomipolitikagazetesi.com\/?p=5996"},"modified":"2020-11-04T18:26:26","modified_gmt":"2020-11-04T15:26:26","slug":"mersin-sahilindeki-seyyar-saticilara-tek-tip-kiyafet","status":"publish","type":"post","link":"https:\/\/mersinekonomipolitikagazetesi.com\/?p=5996","title":{"rendered":"Mersin sahilindeki seyyar sat\u0131c\u0131lara tek tip k\u0131yafet"},"content":{"rendered":"<p>Mersin&#8217;in sahil kesiminde sat\u0131\u015f yapan seyyar sat\u0131c\u0131lar\u0131n bundan b\u00f6yle tek tip k\u0131yafetle g\u00f6rev yapacaklar\u0131 ve vergi \u00f6deyecekleri bildirildi.\u00a0 \u00a0<br \/>\n\u00a0 Mersin B\u00fcy\u00fck\u015fehir Belediyesinden yap\u0131lan a\u00e7\u0131klamaya g\u00f6re, seyyar esnaf\u0131n\u0131n vergi m\u00fckellefi olarak modern ve temiz ko\u015fullarda ticari faaliyet g\u00f6stermesine olanak sa\u011flayacak olan &#8216;Kenti Mis Projesi&#8217; kapsam\u0131nda seyyar sat\u0131c\u0131lar, tek tip ara\u00e7lar\u0131 ve k\u0131yafetleri ile hijyen kurallar\u0131na uygun \u015fekilde \u00e7al\u0131\u015fmalar\u0131n\u0131 s\u00fcrd\u00fcrecek. Proje kapsam\u0131nda Mersin B\u00fcy\u00fck\u015fehir Belediyesi taraf\u0131ndan standartlar\u0131 belirlenen k\u0131yafetleri ve ara\u00e7lar\u0131 ile kendileri i\u00e7in belirlenen alanlarda \u00e7al\u0131\u015fmalar\u0131na ba\u015flayan seyyar sat\u0131c\u0131lar, ayr\u0131ca kazan\u00e7lar\u0131 \u00f6l\u00e7\u00fcs\u00fcnde vergi de \u00f6deyecek.\u00a0<br \/>\n\u00a0 B\u00fcy\u00fck\u015fehir Belediyesi Zab\u0131ta Dairesi Ba\u015fkan\u0131 Fuat Tu\u011fluo\u011flu, K\u00fclt\u00fcr Park i\u00e7erisindeki en b\u00fcy\u00fck d\u00fczensizliklerin ba\u015f\u0131nda seyyar esnaf\u0131n\u0131n geldi\u011fine dikkat \u00e7ekerek, Belediye Ba\u015fkan\u0131 Vahap Se\u00e7er\u2019in \u00f6nc\u00fcl\u00fc\u011f\u00fcnde bir proje haz\u0131rland\u0131\u011f\u0131n\u0131 s\u00f6yledi. Bu proje \u00e7er\u00e7evesinde seyyar sat\u0131c\u0131lar ile s\u00f6zle\u015fme yap\u0131ld\u0131\u011f\u0131n\u0131n ve \u00e7al\u0131\u015fma ko\u015fullar\u0131n\u0131n belirlendi\u011finin alt\u0131n\u0131 \u00e7izen Tu\u011fluo\u011flu, B\u00fcy\u00fck\u015fehir Belediyesinin kontrol\u00fc ve belirledi\u011fi ko\u015fullar alt\u0131nda esnaf\u0131n halkla ili\u015fkiler, hijyen ve \u00f6fke kontrol\u00fc e\u011fitimi ald\u0131\u011f\u0131n\u0131, zab\u0131ta mevzuat\u0131na hakim oldu\u011funu ifade etti.\u00a0<br \/>\n\u00a0<br \/>\n\u00a0 K\u00fclt\u00fcr Park\u2019taki seyyar esnaf\u0131 art\u0131k vergi m\u00fckellefi\u00a0<br \/>\n\u00a0 K\u00fclt\u00fcr Park\u2019ta sat\u0131\u015f yapan esnaf\u0131n bu zamana kadar vergi \u00f6demedi\u011fini dile getiren Tu\u011fluo\u011flu, yap\u0131lan d\u00fczenleme ile birlikte seyyar esnaf\u0131n\u0131n art\u0131k vergi m\u00fckellefi oldu\u011funu da belirtti. Tu\u011fluo\u011flu, projenin K\u00fclt\u00fcr Park\u2019\u0131n 25 farkl\u0131 noktas\u0131nda ba\u015flad\u0131\u011f\u0131na dikkat \u00e7ekerek, \u201cBizim belirledi\u011fimiz ko\u015fullara uygun olsun diye kendilerine ara\u00e7 yapt\u0131rd\u0131k ve tek tip k\u0131yafet diktirdik. Bizim m\u00fcsaade etti\u011fimiz \u00fcr\u00fcnleri satacaklar. Kimlik ve sertifikalar\u0131n\u0131 verdik. Mersin halk\u0131n\u0131n y\u00fczde 90\u2019\u0131n\u0131n faydaland\u0131\u011f\u0131 bir alan olan Mersin K\u00fclt\u00fcr Park\u2019ta g\u00f6rev yapacaklar. Buradaki seyyar esnaf\u0131 kontrol etmek ve d\u00fczeni sa\u011flamak amac\u0131 ile 10 tane motorize zab\u0131ta ekibi g\u00f6revlendirdik. Bu esnaf arkada\u015flar\u0131m\u0131z\u0131n bize yard\u0131mc\u0131 olaca\u011f\u0131na inan\u0131yoruz. \u00c7\u00fcnk\u00fc buradaki esnaf arkada\u015flar\u0131m\u0131z da Mersin\u2019in bir unsuru\u201d dedi.\u00a0<br \/>\n\u00a0 Projenin pilot olarak K\u00fclt\u00fcr Park i\u00e7erisinde ba\u015flad\u0131\u011f\u0131n\u0131 ifade eden Tu\u011fluo\u011flu, ba\u015far\u0131l\u0131 olmas\u0131 halinde Mersin genelinde uygulamaya konulaca\u011f\u0131n\u0131n alt\u0131n\u0131 \u00e7izdi.\u00a0<\/p>\n","protected":false},"excerpt":{"rendered":"<p>Mersin&#8217;in sahil kesiminde sat\u0131\u015f yapan seyyar sat\u0131c\u0131lar\u0131n bundan b\u00f6yle tek tip k\u0131yafetle g\u00f6rev yapacaklar\u0131 ve vergi \u00f6deyecekleri bildirildi.\u00a0 \u00a0 \u00a0 Mersin B\u00fcy\u00fck\u015fehir Belediyesinden yap\u0131lan a\u00e7\u0131klamaya g\u00f6re, seyyar esnaf\u0131n\u0131n vergi m\u00fckellefi &hellip; <a href=\"https:\/\/mersinekonomipolitikagazetesi.com\/?p=5996\" class=\"more-link\">Devam\u0131n\u0131 Oku&#8230;<\/a><\/p>\n","protected":false},"author":1,"featured_media":0,"comment_status":"open","ping_status":"open","sticky":false,"template":"","format":"standard","meta":[],"categories":[],"tags":[],"_links":{"self":[{"href":"https:\/\/mersinekonomipolitikagazetesi.com\/index.php?rest_route=\/wp\/v2\/posts\/5996"}],"collection":[{"href":"https:\/\/mersinekonomipolitikagazetesi.com\/index.php?rest_route=\/wp\/v2\/posts"}],"about":[{"href":"https:\/\/mersinekonomipolitikagazetesi.com\/index.php?rest_route=\/wp\/v2\/types\/post"}],"author":[{"embeddable":true,"href":"https:\/\/mersinekonomipolitikagazetesi.com\/index.php?rest_route=\/wp\/v2\/users\/1"}],"replies":[{"embeddable":true,"href":"https:\/\/mersinekonomipolitikagazetesi.com\/index.php?rest_route=%2Fwp%2Fv2%2Fcomments&post=5996"}],"version-history":[{"count":0,"href":"https:\/\/mersinekonomipolitikagazetesi.com\/index.php?rest_route=\/wp\/v2\/posts\/5996\/revisions"}],"wp:attachment":[{"href":"https:\/\/mersinekonomipolitikagazetesi.com\/index.php?rest_route=%2Fwp%2Fv2%2Fmedia&parent=5996"}],"wp:term":[{"taxonomy":"category","embeddable":true,"href":"https:\/\/mersinekonomipolitikagazetesi.com\/index.php?rest_route=%2Fwp%2Fv2%2Fcategories&post=5996"},{"taxonomy":"post_tag","embeddable":true,"href":"https:\/\/mersinekonomipolitikagazetesi.com\/index.php?rest_route=%2Fwp%2Fv2%2Ftags&post=5996"}],"curies":[{"name":"wp","href":"https:\/\/api.w.org\/{rel}","templated":true}]}}