{"id":5998,"date":"2020-11-04T18:26:26","date_gmt":"2020-11-04T15:26:26","guid":{"rendered":"http:\/\/mersinekonomipolitikagazetesi.com\/?p=5998"},"modified":"2020-11-04T18:26:26","modified_gmt":"2020-11-04T15:26:26","slug":"tas-mektep-100-yil-sonra-yeniden-egitime-basliyor","status":"publish","type":"post","link":"https:\/\/mersinekonomipolitikagazetesi.com\/?p=5998","title":{"rendered":"Ta\u015f Mektep 100 y\u0131l sonra yeniden e\u011fitime ba\u015fl\u0131yor"},"content":{"rendered":"<p>Mersin&#8217;in merkez Mezitli il\u00e7esinde bulunan ve in\u015fas\u0131na cumhuriyetin ilan\u0131yla ba\u015flanan Eski Mezitli \u0130lkokulu&#8217;nun (Ta\u015f Mektep), 100 y\u0131l sonra yeniden e\u011fitime ba\u015flayaca\u011f\u0131 bildirildi.\u00a0 \u00a0<br \/>\n\u00a0 Mezitli Belediyesi&#8217;nden yap\u0131lan a\u00e7\u0131klamaya g\u00f6re, restore edilen at\u0131l haldeki tarihi Ta\u015f Mektep&#8217;te, Mersin \u00dcniversitesi ile yap\u0131lan protokol ile sanatsal e\u011fitim verilecek. B\u00f6lgeyi \u00e7ekim alan\u0131 haline getirecek olan i\u015fbirli\u011fi, ayn\u0131 zamanda Mezitli Kent Orkestras\u0131n\u0131n da kurulmas\u0131na \u00f6nc\u00fcl\u00fck edecek.\u00a0<br \/>\n\u00a0 Ta\u015f Mektep\u2019te ilk etapta G\u00fcne\u015f \u00c7ocuk Korosu, G\u00fcne\u015f Gen\u00e7lik Korosu ve G\u00fcne\u015f Yeti\u015fkin Korosu olmak \u00fczere, yediden yetmi\u015fe farkl\u0131 ya\u015f gruplar\u0131n\u0131 i\u00e7ine alan \u00fc\u00e7 farkl\u0131 \u00e7ok sesli koro olu\u015fturulacak \u0130\u015fbirli\u011finin en b\u00fcy\u00fck sonu\u00e7lar\u0131ndan birisi de Mezitli M\u00fczik K\u00fct\u00fcphanesinin kurulmas\u0131 olacak. Bu k\u00fct\u00fcphane, m\u00fczi\u011fi seven ve bu alanda \u00e7al\u0131\u015fma yapmak isteyen herkes i\u00e7in b\u00fcy\u00fck fayda sa\u011flayacak. K\u00fct\u00fcphanede opera, bale ve genel m\u00fczik k\u00fclt\u00fcr\u00fc ile ilgili bas\u0131lm\u0131\u015f olan ulusal t\u00fcm kitaplar\u0131n temini sa\u011flanacak. K\u00fct\u00fcphanenin dijital ses ve g\u00f6rsel ar\u015fiviyle de \u00fclke \u00e7ap\u0131nda ses getirebilecek bir merkez konumuna gelmesi planlan\u0131yor. Mersin konservatuar\u0131, plak ar\u015fivini de buradan yararlanmak isteyen m\u00fczikseverler i\u00e7in a\u00e7acak.\u00a0<br \/>\n\u00a0 M\u00fczik B\u00f6l\u00fcm\u00fc ve Sahne Sanatlar\u0131 B\u00f6l\u00fcm\u00fc \u00f6\u011frencilerinin Ta\u015f Mektep binas\u0131nda verece\u011fi konserler, b\u00f6lgenin sinerjisini art\u0131raca\u011f\u0131 gibi \u00e7ehresini de tamamen de\u011fi\u015ftirecek. Ta\u015f Mektep, bu konserlerle kentin sanat bulu\u015fmalar\u0131n\u0131n en \u00f6zel mek\u00e2nlar\u0131ndan biri haline gelecek. Tarihi Ta\u015f Mektep\u2019te sanatsal e\u011fitimin yan\u0131nda robotik kodlama e\u011fitimi verilmesi yap\u0131lan protokolle karara ba\u011fland\u0131.\u00a0<br \/>\n\u00a0 2 y\u0131l i\u00e7erisinde Kent Orkestras\u0131 kurulacak\u00a0<br \/>\n\u00a0 Ta\u015f Mektep\u2019i k\u00fclt\u00fcr, sanat ve turizm alan\u0131nda Mezitli il\u00e7esinde ve Mersin&#8217;de bir \u00e7ekim alan\u0131 haline getirmek amac\u0131yla ger\u00e7ekle\u015ftirilen protokol, tarihi binada d\u00fczenlenen t\u00f6renle imzaland\u0131. T\u00f6rene Mezitli Belediye Ba\u015fkan\u0131 Ne\u015fet Tarhan\u2019\u0131n yan\u0131 s\u0131ra Mersin \u00dcniversitesi Rekt\u00f6r Yard\u0131mc\u0131lar\u0131 Prof. Dr. Mehmet \u0130smail Ya\u011fc\u0131 ve Prof. Dr. Ali Kaya, Rekt\u00f6r Dan\u0131\u015fman\u0131 Do\u00e7. Dr. Esma Kad\u0131zade Dumanl\u0131, Devlet Konservatuvar\u0131 M\u00fcd\u00fcr\u00fc Prof. Dr. Ta\u015fk\u0131ner Ketenci, Fen Edebiyat Fak\u00fcltesi Dekan\u0131 Prof. Dr. Ahmet Murat Gizir, belediye meclis \u00fcyeleri, mahalle muhtarlar\u0131, sivil toplum kurulu\u015f temsilcileri, \u00f6\u011fretim elemanlar\u0131 ve konservatuvar \u00f6\u011frencileri kat\u0131ld\u0131.\u00a0<br \/>\n\u00a0 M\u00fczik dinletisinin ard\u0131ndan konu\u015fan Devlet Konservatuvar\u0131 M\u00fcd\u00fcr\u00fc Prof. Dr. Ta\u015fk\u0131ner Ketenci, Mezitli\u2019de her ya\u015ftan y\u00fczlerce ki\u015finin m\u00fczik e\u011fitimi almas\u0131n\u0131n yan\u0131nda \u00e7ok \u00f6zel bir kent orkestras\u0131n\u0131n da kazand\u0131r\u0131laca\u011f\u0131n\u0131n alt\u0131n\u0131 \u00e7izdi.\u00a0<br \/>\n\u00a0 &#8220;Kentimizi d\u00fcnyaya sanatla tan\u0131tmak istiyoruz&#8221;\u00a0<br \/>\n\u00a0 Rekt\u00f6r Yard\u0131mc\u0131s\u0131 Prof. Dr. Mehmet \u0130smail Ya\u011fc\u0131 da Mersin \u00dcniversitesi\u2019nin, e\u011fitim ve \u00f6\u011fretim misyonunun \u00f6tesinde, kenti canl\u0131 tutmak, kentin entelekt\u00fcel birikimini artt\u0131rmak, Mersin\u2019i daha ya\u015fan\u0131r ve ya\u015fayanlar\u0131n daha mutlu olmalar\u0131n\u0131 sa\u011flamak gibi bir misyon ta\u015f\u0131d\u0131\u011f\u0131n\u0131 s\u00f6yledi. Ya\u011fc\u0131, \u201cKentin b\u00fct\u00fcn kurumlar\u0131 ve STK\u2019lar\u0131yla projeler ve i\u015fbirlikleri yaparak, kentin refah\u0131n\u0131 artt\u0131r\u0131c\u0131 ve Mersin denildi\u011finde ak\u0131llara hep g\u00fczel \u015feylerin gelece\u011fi \u00e7al\u0131\u015fmalarla kentimizi t\u00fcm T\u00fcrkiye&#8217;ye ve d\u00fcnyaya tan\u0131tmak istiyoruz. Bu anlamda, 150 y\u0131ll\u0131k bir mazisi olan Mersin\u2019de, 3000 &#8211; 4000 y\u0131ll\u0131k bir tarihe ev sahipli\u011fi yapm\u0131\u015f Mezitli\u2019nin, Cumhuriyetle ya\u015f\u0131t bu binas\u0131nda, cumhuriyetimizin emanet edildi\u011fi gen\u00e7lere sanatsal ve e\u011fitsel anlamda e\u011fitimler verip, yeti\u015ftirme konusunda bizimle i\u015fbirli\u011fi yapan Mezitli Belediyesi\u2019ne ve Ba\u015fkan\u0131m\u0131z Ne\u015fet Tarhan\u2019a te\u015fekk\u00fcr ediyorum\u201d dedi.\u00a0<br \/>\n\u00a0 &#8220;Bu k\u00fc\u00e7\u00fck mekanda yank\u0131lanan ses d\u00fcnyaya yay\u0131lacak&#8221;\u00a0<br \/>\n\u00a0 Toplumda ses getirecek projelere imza atmaya gayret g\u00f6sterdiklerini vurgulayan Mezitli Belediye Ba\u015fkan\u0131 Ne\u015fet Tarhan ise \u201cHarabe haldeki mekan\u0131 yok olmaktan kurtard\u0131k. Sonradan \u00f6\u011frendik k,i buras\u0131n\u0131n ilk m\u00fcd\u00fcr\u00fc e\u015fim Sembol Tarhan\u2019\u0131n dedesiymi\u015f. Buray\u0131 isteyen \u00e7ok kurum ve kurulu\u015f oldu. Fakat biz en do\u011fru karar\u0131n Mersin \u00dcniversitesi ve Konservatuvar\u0131 ile gen\u00e7lerimizi sanatsal y\u00f6nde yeti\u015ftirecek bir i\u015fbirli\u011fi oldu\u011funu d\u00fc\u015f\u00fcnd\u00fck. Bu k\u00fc\u00e7\u00fck mekanda, T\u00fcrkiye&#8217;de ve yurt d\u0131\u015f\u0131nda ses getirecek, \u00f6rnek olacak \u00e7ok b\u00fcy\u00fck i\u015flere imza ataca\u011f\u0131z. Bu i\u015fbirli\u011finden dolay\u0131 Mersin \u00dcniversitesi\u2019ne te\u015fekk\u00fcr ediyorum. Mekan k\u00fc\u00e7\u00fck ama \u00e7\u0131kard\u0131\u011f\u0131 sesin \u00e7ok b\u00fcy\u00fck olaca\u011f\u0131n\u0131 biliyorum. Buradan \u00e7\u0131kan ses sadece Esenba\u011flar\u2019da de\u011fil, t\u00fcm Mersin\u2019de, T\u00fcrkiye\u2019de ve hatta ileriki d\u00f6nemde d\u00fcnyadan yank\u0131lan\u0131r bir hale gelecek\u201d diye konu\u015ftu.\u00a0<br \/>\n\u00a0 Mezitli\u2019de ya\u015fanan b\u00fcy\u00fcmeye de dikkat \u00e7eken Tarhan, \u201cMezitl\u0130\u2019de en h\u0131zl\u0131 n\u00fcfus art\u0131\u015f\u0131 ya\u015fanmas\u0131 bir tesad\u00fcf de\u011fil. Burada insanlar kendilerini daha mutlu hissediyorlar. Ara\u015ft\u0131rd\u0131klar\u0131 zaman elbette tercihlerini Mezitli\u2019den yana kullan\u0131yorlar. Burada \u00e7ok fazla sebep say\u0131labilir ama yapt\u0131\u011f\u0131m\u0131z hizmetlerin yan\u0131nda, k\u00fclt\u00fcr sanat, daha \u00f6zg\u00fcr sosyal ya\u015fam, ge\u00e7mi\u015fi 3 bin y\u0131l \u00f6ncesine dayanan tarihi doku bu sebeplerin ba\u015f\u0131nda geliyor. Bu protokol\u00fcm\u00fcz bu b\u00fcy\u00fcmeyi daha da art\u0131racakt\u0131r. Bug\u00fcne kadar inand\u0131\u011f\u0131m projelere imza att\u0131m, bu projemize de son derece inan\u0131yorum\u201d ifadelerini kulland\u0131.\u00a0<br \/>\n\u00a0 (HSK-HSK-Y)\u00a0<\/p>\n","protected":false},"excerpt":{"rendered":"<p>Mersin&#8217;in merkez Mezitli il\u00e7esinde bulunan ve in\u015fas\u0131na cumhuriyetin ilan\u0131yla ba\u015flanan Eski Mezitli \u0130lkokulu&#8217;nun (Ta\u015f Mektep), 100 y\u0131l sonra yeniden e\u011fitime ba\u015flayaca\u011f\u0131 bildirildi.\u00a0 \u00a0 \u00a0 Mezitli Belediyesi&#8217;nden yap\u0131lan a\u00e7\u0131klamaya g\u00f6re, restore &hellip; <a href=\"https:\/\/mersinekonomipolitikagazetesi.com\/?p=5998\" class=\"more-link\">Devam\u0131n\u0131 Oku&#8230;<\/a><\/p>\n","protected":false},"author":1,"featured_media":0,"comment_status":"open","ping_status":"open","sticky":false,"template":"","format":"standard","meta":[],"categories":[],"tags":[],"_links":{"self":[{"href":"https:\/\/mersinekonomipolitikagazetesi.com\/index.php?rest_route=\/wp\/v2\/posts\/5998"}],"collection":[{"href":"https:\/\/mersinekonomipolitikagazetesi.com\/index.php?rest_route=\/wp\/v2\/posts"}],"about":[{"href":"https:\/\/mersinekonomipolitikagazetesi.com\/index.php?rest_route=\/wp\/v2\/types\/post"}],"author":[{"embeddable":true,"href":"https:\/\/mersinekonomipolitikagazetesi.com\/index.php?rest_route=\/wp\/v2\/users\/1"}],"replies":[{"embeddable":true,"href":"https:\/\/mersinekonomipolitikagazetesi.com\/index.php?rest_route=%2Fwp%2Fv2%2Fcomments&post=5998"}],"version-history":[{"count":0,"href":"https:\/\/mersinekonomipolitikagazetesi.com\/index.php?rest_route=\/wp\/v2\/posts\/5998\/revisions"}],"wp:attachment":[{"href":"https:\/\/mersinekonomipolitikagazetesi.com\/index.php?rest_route=%2Fwp%2Fv2%2Fmedia&parent=5998"}],"wp:term":[{"taxonomy":"category","embeddable":true,"href":"https:\/\/mersinekonomipolitikagazetesi.com\/index.php?rest_route=%2Fwp%2Fv2%2Fcategories&post=5998"},{"taxonomy":"post_tag","embeddable":true,"href":"https:\/\/mersinekonomipolitikagazetesi.com\/index.php?rest_route=%2Fwp%2Fv2%2Ftags&post=5998"}],"curies":[{"name":"wp","href":"https:\/\/api.w.org\/{rel}","templated":true}]}}