{"id":6002,"date":"2020-11-04T18:26:26","date_gmt":"2020-11-04T15:26:26","guid":{"rendered":"http:\/\/mersinekonomipolitikagazetesi.com\/?p=6002"},"modified":"2020-11-04T18:26:26","modified_gmt":"2020-11-04T15:26:26","slug":"700-yillik-cesmenin-uzerine-kaya-dustu","status":"publish","type":"post","link":"https:\/\/mersinekonomipolitikagazetesi.com\/?p=6002","title":{"rendered":"700 y\u0131ll\u0131k \u00e7e\u015fmenin \u00fczerine kaya d\u00fc\u015ft\u00fc"},"content":{"rendered":"<p><span style=\"font-family: sans-serif; font-size: 14px; text-align: justify; background-color: rgb(242, 244, 245);\">\u00a0Mersin&#8217;in Erdemli il\u00e7esinde da\u011fdan kopan kaya par\u00e7as\u0131, 700 y\u0131ll\u0131k \u00e7e\u015fmenin \u00fczerine d\u00fc\u015ft\u00fc.<\/span><br style=\"box-sizing: border-box; font-family: sans-serif; font-size: 14px; text-align: justify; background-color: rgb(242, 244, 245);\" \/><br \/>\n<span style=\"font-family: sans-serif; font-size: 14px; text-align: justify; background-color: rgb(242, 244, 245);\">Edinilen bilgiye g\u00f6re, olay il\u00e7e merkezine 23 kilometre mesafedeki Karah\u0131d\u0131rl\u0131 Mahallesi&#8217;nde ya\u015fand\u0131. Ge\u00e7mi\u015fi 700 y\u0131l \u00f6ncesine dayanan ve g\u00fcn\u00fcm\u00fcze gelinceye kadar bir\u00e7ok kez tadilattan ge\u00e7en \u0130noluk \u00c7e\u015fmesi&#8217;nin \u00fczerine ya\u011f\u0131\u015f sonras\u0131 kaya par\u00e7as\u0131 d\u00fc\u015ft\u00fc. D\u00fc\u015fen kaya da\u011f dibindeki tarihi \u00e7e\u015fmeyi harabeye \u00e7evirdi. Kaya par\u00e7as\u0131n\u0131n \u015fans eseri kimse olmad\u0131\u011f\u0131 bir esnada d\u00fc\u015ft\u00fc\u011f\u00fc \u00f6\u011frenildi.<\/span><\/p>\n","protected":false},"excerpt":{"rendered":"<p>\u00a0Mersin&#8217;in Erdemli il\u00e7esinde da\u011fdan kopan kaya par\u00e7as\u0131, 700 y\u0131ll\u0131k \u00e7e\u015fmenin \u00fczerine d\u00fc\u015ft\u00fc. Edinilen bilgiye g\u00f6re, olay il\u00e7e merkezine 23 kilometre mesafedeki Karah\u0131d\u0131rl\u0131 Mahallesi&#8217;nde ya\u015fand\u0131. Ge\u00e7mi\u015fi 700 y\u0131l \u00f6ncesine dayanan ve &hellip; <a href=\"https:\/\/mersinekonomipolitikagazetesi.com\/?p=6002\" class=\"more-link\">Devam\u0131n\u0131 Oku&#8230;<\/a><\/p>\n","protected":false},"author":1,"featured_media":0,"comment_status":"open","ping_status":"open","sticky":false,"template":"","format":"standard","meta":[],"categories":[],"tags":[],"_links":{"self":[{"href":"https:\/\/mersinekonomipolitikagazetesi.com\/index.php?rest_route=\/wp\/v2\/posts\/6002"}],"collection":[{"href":"https:\/\/mersinekonomipolitikagazetesi.com\/index.php?rest_route=\/wp\/v2\/posts"}],"about":[{"href":"https:\/\/mersinekonomipolitikagazetesi.com\/index.php?rest_route=\/wp\/v2\/types\/post"}],"author":[{"embeddable":true,"href":"https:\/\/mersinekonomipolitikagazetesi.com\/index.php?rest_route=\/wp\/v2\/users\/1"}],"replies":[{"embeddable":true,"href":"https:\/\/mersinekonomipolitikagazetesi.com\/index.php?rest_route=%2Fwp%2Fv2%2Fcomments&post=6002"}],"version-history":[{"count":0,"href":"https:\/\/mersinekonomipolitikagazetesi.com\/index.php?rest_route=\/wp\/v2\/posts\/6002\/revisions"}],"wp:attachment":[{"href":"https:\/\/mersinekonomipolitikagazetesi.com\/index.php?rest_route=%2Fwp%2Fv2%2Fmedia&parent=6002"}],"wp:term":[{"taxonomy":"category","embeddable":true,"href":"https:\/\/mersinekonomipolitikagazetesi.com\/index.php?rest_route=%2Fwp%2Fv2%2Fcategories&post=6002"},{"taxonomy":"post_tag","embeddable":true,"href":"https:\/\/mersinekonomipolitikagazetesi.com\/index.php?rest_route=%2Fwp%2Fv2%2Ftags&post=6002"}],"curies":[{"name":"wp","href":"https:\/\/api.w.org\/{rel}","templated":true}]}}