{"id":6003,"date":"2020-11-04T18:26:26","date_gmt":"2020-11-04T15:26:26","guid":{"rendered":"http:\/\/mersinekonomipolitikagazetesi.com\/?p=6003"},"modified":"2020-11-04T18:26:26","modified_gmt":"2020-11-04T15:26:26","slug":"sandiktan-cikan-kultur-projesinin-acilis-toplantisi-mersin-universitesinde-yapildi","status":"publish","type":"post","link":"https:\/\/mersinekonomipolitikagazetesi.com\/?p=6003","title":{"rendered":"Sand\u0131ktan \u00c7\u0131kan K\u00fclt\u00fcr projesinin a\u00e7\u0131l\u0131\u015f toplant\u0131s\u0131 Mersin \u00dcniversitesinde yap\u0131ld\u0131"},"content":{"rendered":"<p>\u00a0\u00c7ukurova \u00dcniversitesi \u0130leti\u015fim Fak\u00fcltesi taraf\u0131ndan Mersin \u00dcniversitesi \u0130leti\u015fim Fak\u00fcltesi i\u015fbirli\u011fi ile ger\u00e7ekle\u015ftirilen &#8220;Sand\u0131ktan \u00c7\u0131kan K\u00fclt\u00fcr&#8221; adl\u0131 projenin a\u00e7\u0131l\u0131\u015f toplant\u0131s\u0131 Mersin\u2019de yap\u0131ld\u0131.\u00a0<br \/>\n\u00a0 Sand\u0131ktan \u00c7\u0131kan K\u00fclt\u00fcr projesinin a\u00e7\u0131l\u0131\u015f toplant\u0131s\u0131, Mersin \u00dcniversitesi (ME\u00dc) \u00c7iftlikk\u00f6y Kamp\u00fcs\u00fc Prof. Dr. U\u011fur Oral K\u00fclt\u00fcr Merkezinde ger\u00e7ekle\u015ftirildi. A\u00e7\u0131l\u0131\u015f toplant\u0131s\u0131na ME\u00dc \u0130leti\u015fim Fak\u00fcltesi Dekan\u0131 Prof. Dr. Asl\u0131han Do\u011fan Top\u00e7u, \u00c7ukurova \u00dcniversitesi \u0130leti\u015fim Fak\u00fcltesi Radyo, Televizyon ve Sinema B\u00f6l\u00fcm Ba\u015fkan\u0131 Prof. Dr. Muzaffer S\u00fcmb\u00fcl, \u0130leti\u015fim Fak\u00fcltesi \u00f6\u011fretim \u00fcyeleri ve \u00f6\u011frenciler kat\u0131ld\u0131.\u00a0<br \/>\n\u00a0 \u00dc\u00e7 g\u00fcn boyunca at\u00f6lye \u00e7al\u0131\u015fmalar\u0131yla ger\u00e7ekle\u015ftirilecek projenin a\u00e7\u0131l\u0131\u015f toplant\u0131s\u0131nda konu\u015fan Prof. Dr. Top\u00e7u, bir metafor olarak sand\u0131klar\u0131n asl\u0131nda ge\u00e7mi\u015fi temsil etti\u011fini, ge\u00e7mi\u015ften bug\u00fcne, bug\u00fcnden gelece\u011fe bir k\u00fclt\u00fcrel miras ta\u015f\u0131y\u0131c\u0131s\u0131 oldu\u011funu s\u00f6yledi. \u00d6\u011frencilerin kat\u0131l\u0131m\u0131yla \u00f6nemli bir \u00e7al\u0131\u015fmaya imza at\u0131laca\u011f\u0131na inand\u0131\u011f\u0131n\u0131 belirten Top\u00e7u, projede eme\u011fi ge\u00e7en herkese te\u015fekk\u00fcr etti.\u00a0<br \/>\n\u00a0 Prof. Dr. S\u00fcmb\u00fcl ise projenin, Gen\u00e7lik Projeleri Destek Program\u0131 kapsam\u0131nda Gen\u00e7lik ve Spor Bakanl\u0131\u011f\u0131 taraf\u0131ndan desteklendi\u011fini vurgulad\u0131. \u201cSand\u0131ktan \u00c7\u0131kan K\u00fclt\u00fcr\u201d projesinin iki a\u015famal\u0131 oldu\u011funu belirten S\u00fcmb\u00fcl, ilk olarak \u00f6\u011frencilerin aile tarihiyle ilgili bellek \u00e7al\u0131\u015fmas\u0131 yapacaklar\u0131n\u0131, daha sonra aile a\u00e7\u0131s\u0131ndan \u00f6nemi bulunan bir nesneden hareketle r\u00f6portaj ve \u00e7ekimler ger\u00e7ekle\u015ftirilece\u011fini ve ard\u0131ndan sunum k\u0131sm\u0131n\u0131n tamamlanaca\u011f\u0131n\u0131 ifade etti. S\u00fcmb\u00fcl, daha \u00f6nce yap\u0131lan \u00e7al\u0131\u015fmalardan \u00f6rnekler sundu.\u00a0<\/p>\n","protected":false},"excerpt":{"rendered":"<p>\u00a0\u00c7ukurova \u00dcniversitesi \u0130leti\u015fim Fak\u00fcltesi taraf\u0131ndan Mersin \u00dcniversitesi \u0130leti\u015fim Fak\u00fcltesi i\u015fbirli\u011fi ile ger\u00e7ekle\u015ftirilen &#8220;Sand\u0131ktan \u00c7\u0131kan K\u00fclt\u00fcr&#8221; adl\u0131 projenin a\u00e7\u0131l\u0131\u015f toplant\u0131s\u0131 Mersin\u2019de yap\u0131ld\u0131.\u00a0 \u00a0 Sand\u0131ktan \u00c7\u0131kan K\u00fclt\u00fcr projesinin a\u00e7\u0131l\u0131\u015f toplant\u0131s\u0131, Mersin \u00dcniversitesi &hellip; <a href=\"https:\/\/mersinekonomipolitikagazetesi.com\/?p=6003\" class=\"more-link\">Devam\u0131n\u0131 Oku&#8230;<\/a><\/p>\n","protected":false},"author":1,"featured_media":0,"comment_status":"open","ping_status":"open","sticky":false,"template":"","format":"standard","meta":[],"categories":[],"tags":[],"_links":{"self":[{"href":"https:\/\/mersinekonomipolitikagazetesi.com\/index.php?rest_route=\/wp\/v2\/posts\/6003"}],"collection":[{"href":"https:\/\/mersinekonomipolitikagazetesi.com\/index.php?rest_route=\/wp\/v2\/posts"}],"about":[{"href":"https:\/\/mersinekonomipolitikagazetesi.com\/index.php?rest_route=\/wp\/v2\/types\/post"}],"author":[{"embeddable":true,"href":"https:\/\/mersinekonomipolitikagazetesi.com\/index.php?rest_route=\/wp\/v2\/users\/1"}],"replies":[{"embeddable":true,"href":"https:\/\/mersinekonomipolitikagazetesi.com\/index.php?rest_route=%2Fwp%2Fv2%2Fcomments&post=6003"}],"version-history":[{"count":0,"href":"https:\/\/mersinekonomipolitikagazetesi.com\/index.php?rest_route=\/wp\/v2\/posts\/6003\/revisions"}],"wp:attachment":[{"href":"https:\/\/mersinekonomipolitikagazetesi.com\/index.php?rest_route=%2Fwp%2Fv2%2Fmedia&parent=6003"}],"wp:term":[{"taxonomy":"category","embeddable":true,"href":"https:\/\/mersinekonomipolitikagazetesi.com\/index.php?rest_route=%2Fwp%2Fv2%2Fcategories&post=6003"},{"taxonomy":"post_tag","embeddable":true,"href":"https:\/\/mersinekonomipolitikagazetesi.com\/index.php?rest_route=%2Fwp%2Fv2%2Ftags&post=6003"}],"curies":[{"name":"wp","href":"https:\/\/api.w.org\/{rel}","templated":true}]}}