{"id":6013,"date":"2020-11-04T18:26:27","date_gmt":"2020-11-04T15:26:27","guid":{"rendered":"http:\/\/mersinekonomipolitikagazetesi.com\/?p=6013"},"modified":"2020-11-04T18:26:27","modified_gmt":"2020-11-04T15:26:27","slug":"mtosb-baskani-sabri-tekli-devletimizin-yanindayiz","status":"publish","type":"post","link":"https:\/\/mersinekonomipolitikagazetesi.com\/?p=6013","title":{"rendered":"MTOSB Ba\u015fkan\u0131 Sabri Tekli: Devletimizin yan\u0131nday\u0131z"},"content":{"rendered":"<p>\u00a0<\/p>\n<p>Suriye&#8217;nin \u0130dlib kentinde rejim unsurlar\u0131n\u0131n sald\u0131r\u0131s\u0131nda \u015fehit olan 33 Mehmet\u00e7i\u011fin T\u00fcrk ulusunun y\u00fcre\u011fini yakt\u0131\u011f\u0131n\u0131 belirterek, \u2018Devletimizin her zaman yan\u0131nday\u0131z\u2019 dedi.<\/p>\n<p>\u00a0<\/p>\n<p>Mersin Tarsus Organize Sanayi B\u00f6lgesi Ba\u015fkan\u0131 Sabri Tekli, \u2018Birlik ve beraberli\u011fe her zamankinden daha fazla ihtiyac\u0131m\u0131z var. B\u00f6ylesine \u00f6nemli g\u00fcnlerde T\u00fcrk milleti her zaman birlik ve beraberlik i\u00e7erisinde, fedak\u00e2rca hareket etmi\u015ftir; bundan sonra da bu b\u00f6yle olacakt\u0131r. Uluslararas\u0131 anla\u015fmalar \u00e7er\u00e7evesinde b\u00f6lgede bulunan kahraman askerlerimize y\u00f6nelik d\u00fczenlenen hain sald\u0131r\u0131lara misliyle kar\u015f\u0131l\u0131k verilece\u011finden ku\u015fkumuz yok. Bizler T\u00fcrk sanayicileri olarak daha fazla \u00fcretip, \u00fclkemizin kalk\u0131nmas\u0131nda lokomotif rol almaya devam edece\u011fiz. Kahraman askerlerimizin kan\u0131n\u0131n yerde kalmayaca\u011f\u0131ndan \u015f\u00fcphemiz yok. Bu al\u00e7ak sald\u0131r\u0131da hayatlar\u0131n\u0131 kaybederek \u015fehit olan t\u00fcm Mehmet\u00e7iklerimize Allah&#8217;tan rahmet, ailelerine ve milletimize ba\u015fsa\u011fl\u0131\u011f\u0131, yaral\u0131 askerlerimize ise acil \u015fifalar diliyorum. T\u00fcm \u00fclkemizin ba\u015f\u0131 sa\u011f olsun\u201d dedi.<\/p>\n","protected":false},"excerpt":{"rendered":"<p>\u00a0 Suriye&#8217;nin \u0130dlib kentinde rejim unsurlar\u0131n\u0131n sald\u0131r\u0131s\u0131nda \u015fehit olan 33 Mehmet\u00e7i\u011fin T\u00fcrk ulusunun y\u00fcre\u011fini yakt\u0131\u011f\u0131n\u0131 belirterek, \u2018Devletimizin her zaman yan\u0131nday\u0131z\u2019 dedi. \u00a0 Mersin Tarsus Organize Sanayi B\u00f6lgesi Ba\u015fkan\u0131 Sabri Tekli, &hellip; <a href=\"https:\/\/mersinekonomipolitikagazetesi.com\/?p=6013\" class=\"more-link\">Devam\u0131n\u0131 Oku&#8230;<\/a><\/p>\n","protected":false},"author":1,"featured_media":0,"comment_status":"open","ping_status":"open","sticky":false,"template":"","format":"standard","meta":[],"categories":[],"tags":[],"_links":{"self":[{"href":"https:\/\/mersinekonomipolitikagazetesi.com\/index.php?rest_route=\/wp\/v2\/posts\/6013"}],"collection":[{"href":"https:\/\/mersinekonomipolitikagazetesi.com\/index.php?rest_route=\/wp\/v2\/posts"}],"about":[{"href":"https:\/\/mersinekonomipolitikagazetesi.com\/index.php?rest_route=\/wp\/v2\/types\/post"}],"author":[{"embeddable":true,"href":"https:\/\/mersinekonomipolitikagazetesi.com\/index.php?rest_route=\/wp\/v2\/users\/1"}],"replies":[{"embeddable":true,"href":"https:\/\/mersinekonomipolitikagazetesi.com\/index.php?rest_route=%2Fwp%2Fv2%2Fcomments&post=6013"}],"version-history":[{"count":0,"href":"https:\/\/mersinekonomipolitikagazetesi.com\/index.php?rest_route=\/wp\/v2\/posts\/6013\/revisions"}],"wp:attachment":[{"href":"https:\/\/mersinekonomipolitikagazetesi.com\/index.php?rest_route=%2Fwp%2Fv2%2Fmedia&parent=6013"}],"wp:term":[{"taxonomy":"category","embeddable":true,"href":"https:\/\/mersinekonomipolitikagazetesi.com\/index.php?rest_route=%2Fwp%2Fv2%2Fcategories&post=6013"},{"taxonomy":"post_tag","embeddable":true,"href":"https:\/\/mersinekonomipolitikagazetesi.com\/index.php?rest_route=%2Fwp%2Fv2%2Ftags&post=6013"}],"curies":[{"name":"wp","href":"https:\/\/api.w.org\/{rel}","templated":true}]}}