{"id":6014,"date":"2020-11-04T18:26:27","date_gmt":"2020-11-04T15:26:27","guid":{"rendered":"http:\/\/mersinekonomipolitikagazetesi.com\/?p=6014"},"modified":"2020-11-04T18:26:27","modified_gmt":"2020-11-04T15:26:27","slug":"yilmazdan-birlik-cagrisi-2","status":"publish","type":"post","link":"https:\/\/mersinekonomipolitikagazetesi.com\/?p=6014","title":{"rendered":"Y\u0131lmaz\u2019dan \u2018birlik\u2019 \u00e7a\u011fr\u0131s\u0131"},"content":{"rendered":"<p><span style=\"line-height: 1.6em;\">Toroslar Belediye Ba\u015fkan\u0131 Ats\u0131z Af\u015f\u0131n Y\u0131lmaz ile Mersin Tarsus Organize Sanayi B\u00f6lgesi (MTOSB) Ba\u015fkan\u0131 Sabri Tekli, \u0130dlib\u2019te T\u00fcrk askerlerine yap\u0131lan sald\u0131r\u0131y\u0131 k\u0131nayarak, birlik ve \u00e7a\u011fr\u0131s\u0131 yapt\u0131lar.\u00a0<\/span><\/p>\n<p>Y\u0131lmaz: \u201cAc\u0131m\u0131z \u00e7ok b\u00fcy\u00fck. G\u00fcn bir olma, beraber olma g\u00fcn\u00fcd\u00fcr\u201d\u00a0<br \/>\nToroslar Belediye Ba\u015fkan\u0131 Ats\u0131z Af\u015f\u0131n Y\u0131lmaz, yapt\u0131\u011f\u0131 a\u00e7\u0131klamada, Suriye&#8217;nin \u0130dlib kentinde T\u00fcrk askerlerine y\u00f6nelik d\u00fczenlenen hain sald\u0131r\u0131y\u0131 k\u0131nad\u0131. T\u00fcrk Milleti olarak \u00e7ok derin bir ac\u0131 ya\u015fad\u0131klar\u0131n\u0131 belirten Ba\u015fkan Y\u0131lmaz, \u201cM\u00fcbarek gecede ald\u0131\u011f\u0131m\u0131z ac\u0131 haberle y\u00fcre\u011fimiz yand\u0131. Ac\u0131m\u0131z \u00e7ok b\u00fcy\u00fck. \u00dclkemizin milli g\u00fcvenli\u011fini sa\u011flamak \u00fczere \u0130dlib&#8217;de g\u00f6rev yapan askerlerimize y\u00f6nelik ger\u00e7ekle\u015ftirilen hain sald\u0131r\u0131y\u0131 \u015fiddetle k\u0131n\u0131yoruz. Sald\u0131r\u0131 sonucu \u015fehit d\u00fc\u015fen kahraman Mehmet\u00e7iklerimize Allah&#8217;tan rahmet, kederli ailelerine, milletimize ve T\u00fcrk Silahl\u0131 Kuvvetlerine ba\u015fsa\u011fl\u0131\u011f\u0131 diliyorum\u201d dedi.\u00a0<br \/>\nBirlik ve beraberlik \u00e7a\u011fr\u0131s\u0131 yapan Y\u0131lmaz, \u201cMilletimiz, her t\u00fcrl\u00fc zorlu\u011fu birlik ve beraberlikle a\u015fabilecek g\u00fc\u00e7tedir. G\u00fcn bir olma, beraber olma, birlikte ayn\u0131 cephede, ayn\u0131 \u015fuur ve ruhta bulu\u015fma g\u00fcn\u00fcd\u00fcr. Ba\u015f\u0131m\u0131z sa\u011f olsun, vatan sa\u011f olsun, zalimlere, hainlere lanet olsun\u201d diye konu\u015ftu.\u00a0<\/p>\n","protected":false},"excerpt":{"rendered":"<p>Toroslar Belediye Ba\u015fkan\u0131 Ats\u0131z Af\u015f\u0131n Y\u0131lmaz ile Mersin Tarsus Organize Sanayi B\u00f6lgesi (MTOSB) Ba\u015fkan\u0131 Sabri Tekli, \u0130dlib\u2019te T\u00fcrk askerlerine yap\u0131lan sald\u0131r\u0131y\u0131 k\u0131nayarak, birlik ve \u00e7a\u011fr\u0131s\u0131 yapt\u0131lar.\u00a0 Y\u0131lmaz: \u201cAc\u0131m\u0131z \u00e7ok b\u00fcy\u00fck. &hellip; <a href=\"https:\/\/mersinekonomipolitikagazetesi.com\/?p=6014\" class=\"more-link\">Devam\u0131n\u0131 Oku&#8230;<\/a><\/p>\n","protected":false},"author":1,"featured_media":0,"comment_status":"open","ping_status":"open","sticky":false,"template":"","format":"standard","meta":[],"categories":[],"tags":[],"_links":{"self":[{"href":"https:\/\/mersinekonomipolitikagazetesi.com\/index.php?rest_route=\/wp\/v2\/posts\/6014"}],"collection":[{"href":"https:\/\/mersinekonomipolitikagazetesi.com\/index.php?rest_route=\/wp\/v2\/posts"}],"about":[{"href":"https:\/\/mersinekonomipolitikagazetesi.com\/index.php?rest_route=\/wp\/v2\/types\/post"}],"author":[{"embeddable":true,"href":"https:\/\/mersinekonomipolitikagazetesi.com\/index.php?rest_route=\/wp\/v2\/users\/1"}],"replies":[{"embeddable":true,"href":"https:\/\/mersinekonomipolitikagazetesi.com\/index.php?rest_route=%2Fwp%2Fv2%2Fcomments&post=6014"}],"version-history":[{"count":0,"href":"https:\/\/mersinekonomipolitikagazetesi.com\/index.php?rest_route=\/wp\/v2\/posts\/6014\/revisions"}],"wp:attachment":[{"href":"https:\/\/mersinekonomipolitikagazetesi.com\/index.php?rest_route=%2Fwp%2Fv2%2Fmedia&parent=6014"}],"wp:term":[{"taxonomy":"category","embeddable":true,"href":"https:\/\/mersinekonomipolitikagazetesi.com\/index.php?rest_route=%2Fwp%2Fv2%2Fcategories&post=6014"},{"taxonomy":"post_tag","embeddable":true,"href":"https:\/\/mersinekonomipolitikagazetesi.com\/index.php?rest_route=%2Fwp%2Fv2%2Ftags&post=6014"}],"curies":[{"name":"wp","href":"https:\/\/api.w.org\/{rel}","templated":true}]}}