{"id":6015,"date":"2020-11-04T18:26:27","date_gmt":"2020-11-04T15:26:27","guid":{"rendered":"http:\/\/mersinekonomipolitikagazetesi.com\/?p=6015"},"modified":"2020-11-04T18:26:27","modified_gmt":"2020-11-04T15:26:27","slug":"sehit-atesi-mersine-de-dustu-acimiz-cok-buyuk","status":"publish","type":"post","link":"https:\/\/mersinekonomipolitikagazetesi.com\/?p=6015","title":{"rendered":"\u015eEH\u0130T ATE\u015e\u0130 MERS\u0130N\u2019E DE D\u00dc\u015eT\u00dc ACIMIZ \u00c7OK B\u00dcY\u00dcK"},"content":{"rendered":"<p>1. Sayfadan Devam<br \/>\nSuriye&#8217;nin \u0130dlib kentinde d\u00fczenlenen hava sald\u0131r\u0131s\u0131nda \u015fehit olan 33 askerden biri olan Piyade Uzman \u00c7avu\u015f Osman Ak\u2019\u0131n Mersin&#8217;in Silifke il\u00e7esindeki ailesine ac\u0131 haberi Kaymakam Ersin Emiro\u011flu verdi.\u00a0<br \/>\n\u0130l\u00e7enin Ye\u011fenli Mahallesi&#8217;nde ikamet eden aileye o\u011fullar\u0131 Osman Ak\u2019\u0131n \u015fehadet haberi Kaymakam Ersin Emiro\u011flu, Silifke Belediye Ba\u015fkanvekili Sad\u0131k Altunok, \u0130l\u00e7e Jandarma Komutan\u0131 Y\u00fczba\u015f\u0131 B\u00fclent Keskinsoy ve \u0130l\u00e7e Emniyet M\u00fcd\u00fcr\u00fc Ali Kemal Arda taraf\u0131ndan verildi.\u00a0<br \/>\n\u015eehidin annesi Meral Ak ve babas\u0131 Muhammet Ak, \u015fehadet haberini al\u0131nca g\u00f6zya\u015flar\u0131na bo\u011fuldu. \u015eehidin evine T\u00fcrk bayraklar\u0131 as\u0131ld\u0131. \u015eehidin annesi Meral, babas\u0131 Muhammet ve dedesi H\u0131d\u0131r Ak&#8217;\u0131, Kaymakam Ersin Emiro\u011flu, askeri yetkililer ile mahalle sakinleri teselli etti.\u00a0<br \/>\nO\u011flu ile en son 1 hafta \u00f6nce g\u00f6r\u00fcnt\u00fcl\u00fc konu\u015ftu\u011funu dile getiren anne Meral Ak, \u201cTatl\u0131 kuzum, ben senin b\u00f6yle mi haberini alacakt\u0131m\u201d diyerek feryat etti.\u00a0<br \/>\n\u015eehit Osman Ak\u2019\u0131n bekar oldu\u011fu, a\u011fabeyi Co\u015fkun Ak\u2019\u0131n da Ankara\u2019da Uzman \u00c7avu\u015f olarak g\u00f6rev yapt\u0131\u011f\u0131 \u00f6\u011frenildi.\u00a0<br \/>\nT\u00fcrk bayraklar\u0131 ile donat\u0131lan \u015fehidin evinde Kur&#8217;an-\u0131 Kerim okunup t\u00fcm \u015fehitler i\u00e7in dualar ediliyor.<\/p>\n<p>\u00a0Erdemli\u2019ye de \u015fehit ate\u015fi d\u00fc\u015ft\u00fc\u00a0<\/p>\n<p>Suriye&#8217;nin \u0130dlib kentinde d\u00fczenlenen hava sald\u0131r\u0131s\u0131nda \u015fehit olan 33 askerden Uzman \u00c7avu\u015f \u0130brahim T\u00fczel&#8217;in Mersin&#8217;in Erdemli il\u00e7esindeki ailesine ac\u0131 haber verildi.\u00a0<br \/>\nErdemli Kaymakam\u0131 Avni Kula ile beraberindeki heyet, sabah saatlerinde, ac\u0131 haberi \u015fehidin Alibeyli Mahallesi&#8217;nde oturan babas\u0131 \u015euayip ile annesi G\u00fclten T\u00fczel&#8217;e verdi.\u00a0<br \/>\n7 karde\u015f oldu\u011fu \u00f6\u011frenilen T\u00fczel&#8217;in babaevine, T\u00fcrk bayraklar\u0131 as\u0131ld\u0131.\u00a0<br \/>\n\u015eehit Uzman \u00c7avu\u015f \u0130brahim T\u00fczel&#8217;in cenazesinin, Erdemli&#8217;de topra\u011fa verilece\u011fi \u00a0belirtildi.\u00a0<\/p>\n<p>\u015eehit babas\u0131: &#8220;O\u011flum &#8216;\u015fehit olmaya gidiyorum&#8217; diyerek gitti&#8221;\u00a0<\/p>\n<p>Mersinli \u015fehit Piyade Uzman Onba\u015f\u0131 \u0130brahim T\u00fczel&#8217;in babas\u0131 \u015euayip T\u00fczel, o\u011flunun son g\u00f6r\u00fc\u015fmelerinde &#8220;Ben \u015fehit olmaya gidiyorum&#8221; diyerek yanlar\u0131ndan ayr\u0131ld\u0131\u011f\u0131n\u0131 s\u00f6yledi.\u00a0<br \/>\nSuriye&#8217;nin \u0130dlib kentinde d\u00fczenlenen hava sald\u0131r\u0131s\u0131nda \u015fehit olan 33 askerden Piyade Uzman Onba\u015f\u0131 \u0130brahim T\u00fczel&#8217;in Mersin&#8217;in Erdemli il\u00e7esindeki ailesine ac\u0131 haber verildi.\u00a0<br \/>\nAlibeyli Mahallesi&#8217;nde ya\u015fayan aileye ac\u0131 haber, Erdemli Kaymakam\u0131 Avni Kula ile beraberindeki heyet taraf\u0131ndan verildi. Baba \u015euayip T\u00fczel, &#8220;Telefonla evvelki g\u00fcn g\u00f6r\u00fc\u015ft\u00fcm. &#8216;O\u011flum nas\u0131l durum&#8217; dedim, &#8216;baba \u00e7evremizi devaml\u0131 bombal\u0131yorlar, 1,5 &#8211; 2 kilometre kenarlar\u0131 bombal\u0131yorlar devaml\u0131&#8217; dedi. Ge\u00e7en izinden d\u00f6nerken de &#8216;baba ben gidiyorum, \u015fehit olaca\u011f\u0131m&#8217; dedi bana&#8221; \u015feklinde konu\u015ftu.\u00a0<br \/>\n\u015eehit annesi G\u00fclten T\u00fczel de o\u011fluyla y\u00fcz y\u00fcze en son 3 \u015eubat&#8217;ta g\u00f6r\u00fc\u015ft\u00fc\u011f\u00fcn\u00fc belirtti.\u00a0<br \/>\n\u015eehit evine T\u00fcrk bayra\u011f\u0131 as\u0131l\u0131rken, Kur&#8217;an-\u0131 Kerim okunup t\u00fcm \u015fehitler i\u00e7in dualar ediliyor.\u00a0<\/p>\n<p>\u00a0Mehmet Muhammed Akay&#8217;\u0131n \u015fehadet haberi, Mersin&#8217;deki ailesine ula\u015ft\u0131r\u0131ld\u0131\u00a0<\/p>\n<p>Suriye&#8217;nin \u0130dlib kentinde d\u00fczenlenen hava sald\u0131r\u0131s\u0131nda \u015fehit olan 33 askerden Astsubay \u00c7avu\u015f Mehmet Muhammed Akay&#8217;\u0131n \u015fehadet haberi, Mersin&#8217;deki ailesine ula\u015ft\u0131r\u0131ld\u0131.\u00a0<br \/>\n\u015eehadet bilgisinin ard\u0131ndan Toroslar Kaymakam\u0131 Ahmet Hikmet \u015eahin, beraberinde Toroslar Belediye Ba\u015fkan\u0131 Ats\u0131z Af\u015f\u0131n Y\u0131lmaz ve askeri yetkililerle birlikte, baba Osman Akay&#8217;\u0131n \u00e7al\u0131\u015ft\u0131\u011f\u0131 Kurdali Mahallesi&#8217;ndeki tekstil at\u00f6lyesine gitti. \u015eehidin babas\u0131na, evlad\u0131n\u0131n \u015fehadet haberi \u00e7al\u0131\u015ft\u0131\u011f\u0131 i\u015f yerinde verildi. \u015eehit babas\u0131 ald\u0131\u011f\u0131 ac\u0131 haberle b\u00fcy\u00fck \u00fcz\u00fcnt\u00fc ya\u015farken, i\u015f yeri \u00e7al\u0131\u015fanlar\u0131 da g\u00f6zya\u015f\u0131na bo\u011fuldu. Bu s\u0131rada ambulansta g\u00f6revli doktor da g\u00f6zya\u015flar\u0131na hakim olamad\u0131.\u00a0<br \/>\n\u015eehidin annesi Kezban Akay ise evlad\u0131n\u0131n \u015fehit haberini, Sel\u00e7uklar Mahallesi&#8217;ndeki babas\u0131n\u0131n evinde askeri yetkililerden \u00f6\u011frendi. Ac\u0131l\u0131 anne g\u00f6zya\u015flar\u0131na bo\u011fulurken, eve T\u00fcrk bayra\u011f\u0131 as\u0131ld\u0131. \u015eehidin fenala\u015fan babaannesi Hatice Akay, ambulansla hastaneye kald\u0131r\u0131ld\u0131.\u00a0<br \/>\nAilenin 2 \u00e7ocu\u011fundan biri olan 21 ya\u015f\u0131ndaki \u015fehidin, g\u00f6reve ba\u015flayal\u0131 hen\u00fcz bir ay oldu\u011fu \u00f6\u011frenildi. \u00a0<\/p>\n","protected":false},"excerpt":{"rendered":"<p>1. Sayfadan Devam Suriye&#8217;nin \u0130dlib kentinde d\u00fczenlenen hava sald\u0131r\u0131s\u0131nda \u015fehit olan 33 askerden biri olan Piyade Uzman \u00c7avu\u015f Osman Ak\u2019\u0131n Mersin&#8217;in Silifke il\u00e7esindeki ailesine ac\u0131 haberi Kaymakam Ersin Emiro\u011flu verdi.\u00a0 &hellip; <a href=\"https:\/\/mersinekonomipolitikagazetesi.com\/?p=6015\" class=\"more-link\">Devam\u0131n\u0131 Oku&#8230;<\/a><\/p>\n","protected":false},"author":1,"featured_media":0,"comment_status":"open","ping_status":"open","sticky":false,"template":"","format":"standard","meta":[],"categories":[],"tags":[],"_links":{"self":[{"href":"https:\/\/mersinekonomipolitikagazetesi.com\/index.php?rest_route=\/wp\/v2\/posts\/6015"}],"collection":[{"href":"https:\/\/mersinekonomipolitikagazetesi.com\/index.php?rest_route=\/wp\/v2\/posts"}],"about":[{"href":"https:\/\/mersinekonomipolitikagazetesi.com\/index.php?rest_route=\/wp\/v2\/types\/post"}],"author":[{"embeddable":true,"href":"https:\/\/mersinekonomipolitikagazetesi.com\/index.php?rest_route=\/wp\/v2\/users\/1"}],"replies":[{"embeddable":true,"href":"https:\/\/mersinekonomipolitikagazetesi.com\/index.php?rest_route=%2Fwp%2Fv2%2Fcomments&post=6015"}],"version-history":[{"count":0,"href":"https:\/\/mersinekonomipolitikagazetesi.com\/index.php?rest_route=\/wp\/v2\/posts\/6015\/revisions"}],"wp:attachment":[{"href":"https:\/\/mersinekonomipolitikagazetesi.com\/index.php?rest_route=%2Fwp%2Fv2%2Fmedia&parent=6015"}],"wp:term":[{"taxonomy":"category","embeddable":true,"href":"https:\/\/mersinekonomipolitikagazetesi.com\/index.php?rest_route=%2Fwp%2Fv2%2Fcategories&post=6015"},{"taxonomy":"post_tag","embeddable":true,"href":"https:\/\/mersinekonomipolitikagazetesi.com\/index.php?rest_route=%2Fwp%2Fv2%2Ftags&post=6015"}],"curies":[{"name":"wp","href":"https:\/\/api.w.org\/{rel}","templated":true}]}}