{"id":6016,"date":"2020-11-04T18:26:27","date_gmt":"2020-11-04T15:26:27","guid":{"rendered":"http:\/\/mersinekonomipolitikagazetesi.com\/?p=6016"},"modified":"2020-11-04T18:26:27","modified_gmt":"2020-11-04T15:26:27","slug":"camsari-yesil-alan-mersinin-en-buyuk-sorunlarindan-biri","status":"publish","type":"post","link":"https:\/\/mersinekonomipolitikagazetesi.com\/?p=6016","title":{"rendered":"\u00c7AMSARI: &#8220;YE\u015e\u0130L ALAN MERS\u0130N&#8217;\u0130N EN B\u00dcY\u00dcK  SORUNLARINDAN B\u0130R\u0130&#8221;"},"content":{"rendered":"<p>Mersin \u00dcniversitesi Koordinat\u00f6rl\u00fc\u011f\u00fcnde, &#8216;Sosyal \u0130novasyon \u0130\u00e7in Kentsel Ye\u015fil Alanlar Projesi&#8217; ba\u015flat\u0131ld\u0131. Akdeniz Belediyesi s\u0131n\u0131rlar\u0131 i\u00e7indeki kentsel ye\u015fil alanlar ile Yunanistan\u2019\u0131n Selanik kentine ba\u011fl\u0131 Delta Belediyesi s\u0131n\u0131rlar\u0131ndaki ye\u015fil alanlar d\u00fczenlenerek, artt\u0131r\u0131lacak.\u00a0<\/p>\n<p>T\u00fcrkiye ve Avrupa Birli\u011fi (AB) aras\u0131nda \u201c\u015eehir E\u015fle\u015ftirme Program\u0131\u201d kapsam\u0131nda desteklenen Sosyal \u0130novasyon \u0130\u00e7in Kentsel Ye\u015fil Alanlar Projesinin bilgilendirme toplant\u0131s\u0131 yap\u0131ld\u0131.\u00a0<br \/>\nMersin \u00dcniversitesi(ME\u00dc), Akdeniz Belediyesi, Yunanistan\u2019\u0131n Selanik kentinden Delta Belediyesi ile ANTIGONE Derne\u011finin payda\u015f oldu\u011fu projenin tan\u0131t\u0131m toplant\u0131s\u0131na, ME\u00dc Rekt\u00f6r\u00fc Prof. Dr. Ahmet \u00c7amsar\u0131, Do\u00e7. Dr. Esma Dumanl\u0131 Kad\u0131zade ile \u00f6\u011fretim elemanlar\u0131 kat\u0131ld\u0131. Mersin \u00dcniversitesi \u00c7iftlikk\u00f6y Kamp\u00fcs\u00fc&#8217;nde ger\u00e7ekle\u015ftirilen toplant\u0131da, Ye\u015fil alanlar\u0131n, Mersin\u2019in en b\u00fcy\u00fck sorunlar\u0131ndan biri oldu\u011funa dikkat \u00e7ekildi.\u00a0<\/p>\n<p>&#8220;Ana amac\u0131m\u0131z ye\u015fil alanlar\u0131 canland\u0131rmak&#8221;\u00a0<\/p>\n<p>Do\u00e7. Dr. Esma Dumanl\u0131 Kad\u0131zade, projenin toplam b\u00fct\u00e7esinin 120 bin 736 euro, s\u00fcresinin ise 15 ay oldu\u011funu belirtti.<br \/>\nKad\u0131zade, &#8220;Projede, karar alma s\u00fcre\u00e7lerini vatanda\u015flar\u0131m\u0131za b\u0131rakt\u0131\u011f\u0131m\u0131z aktif kat\u0131l\u0131m\u0131n sa\u011flanmas\u0131 ve ileti\u015fim faaliyetleri arac\u0131l\u0131\u011f\u0131yla kamuoyunun kentsel ye\u015fil alanlar\u0131n\u0131n faydalar\u0131na ili\u015fkin fark\u0131ndal\u0131\u011f\u0131 artt\u0131rmak amac\u0131 g\u00fcd\u00fcyoruz. ME\u00dc, Akdeniz il\u00e7esinde bulunan ye\u015fil alanlarda incelemelerde bulundu. Bu ye\u015fil alanlar\u0131n kullan\u0131m\u0131 ve kente faydas\u0131 i\u00e7in gerekli raporland\u0131rmalar ger\u00e7ekle\u015fti. Mersin&#8217;de Akdeniz b\u00f6lgesinde bulunan alanlar\u0131 canland\u0131rmak ana amac\u0131m\u0131z olacak.&#8221; dedi.\u00a0<\/p>\n<p>&#8220;G\u00fc\u00e7l\u00fc Olaca\u011f\u0131z\u201d<\/p>\n<p>Mersin \u00dcniversitesi Rekt\u00f6r\u00fc Prof. Dr. Ahmet \u00c7amsar\u0131, Proje Koordinat\u00f6rl\u00fc\u011f\u00fcne, S\u00fcrekli E\u011fitim Merkezi ve Proje Ofisi ile ba\u015flad\u0131klar\u0131n\u0131 belirtti.<br \/>\n\u00c7amsar\u0131, ye\u015fil alan\u0131n Mersin\u2019in en b\u00fcy\u00fck sorunlar\u0131ndan biri oldu\u011funa dikkat \u00e7ekerek, &#8220;O ye\u015fil alanlar\u0131n \u015fekli ve dizayn\u0131ndan ziyade i\u00e7eri\u011fi ve nas\u0131l olmas\u0131, hangi bitkilerin ne d\u00fczeyde olmas\u0131, eski Mersin\u2019e kadar d\u00fczeltilmesi, hangi binalar\u0131n\u0131n nas\u0131l kullan\u0131lmas\u0131 gerekti\u011fi, \u015fu an tek bu projeyle ilgili de\u011fil, birden fazla projeyle ve birden fazla belediyeyle ortakl\u0131k yaparak, \u00fcniversitemizin ve akademisyenlerimizin fikirleriyle \u015fekilleniyor. Akdeniz Belediyesi\u2019nde ve Ba\u015fkan Mustafa G\u00fcltak\u2019ta bu \u00e7al\u0131\u015fkanl\u0131k, bu heves ve hizmet a\u015fk\u0131; Mersin \u00dcniversitesinde de \u00e7al\u0131\u015fan projeci hocalar oldu\u011fu s\u00fcrece bir\u00e7ok projeyi hayata ge\u00e7ireceklerini vurgulad\u0131.<br \/>\n\u00c7amsar\u0131, \u201cBu proje, Akdeniz Belediyesi ile birlikte yapt\u0131\u011f\u0131m\u0131z en b\u00fcy\u00fck proje. Son ya\u015fananlar\u0131n hevesimizi, motivasyonumuzu k\u0131rmas\u0131na izin vermeyece\u011fiz. G\u00fc\u00e7l\u00fc olaca\u011f\u0131z. Biz de bu potansiyel var; ilimizde de \u00fclkemizde de var. Bu vatana, millete en k\u00fc\u00e7\u00fck katk\u0131m\u0131z bile olsa geri durmayaca\u011f\u0131z\u201d diye konu\u015ftu.\u00a0<\/p>\n<p>&#8220;Burslar konusunda duyarl\u0131l\u0131k artt\u0131&#8221;<\/p>\n<p>Rekt\u00f6r Prof. Dr. Ahmet \u00c7amsar\u0131 konu\u015fmas\u0131nda, &#8220;Sadece yerel y\u00f6netimler de\u011fil, Mersin Ticaret ve Sanayi Odas\u0131, Mersin Tarsus Organize Sanayi B\u00f6lgesi gibi odalar ve Mersin i\u015f d\u00fcnyas\u0131yla da bir\u00e7ok ortak proje y\u00fcr\u00fct\u00fcyoruz. Bizi sevindiren bir konu daha var; hem B\u00fcy\u00fck\u015fehir Belediyesi hem Ticaret ve Sanayi Odas\u0131 hem de i\u015fadamlar\u0131m\u0131z, bu sene \u00f6\u011frenci burslar\u0131 konusunda daha duyarl\u0131lar. \u00d6\u011frenciler bizim g\u00f6zbebe\u011fimiz. Onlar\u0131n rahat etmesi bizim a\u00e7\u0131m\u0131zdan \u00e7ok \u00f6nemli.\u201d ifadelerini kulland\u0131.<\/p>\n","protected":false},"excerpt":{"rendered":"<p>Mersin \u00dcniversitesi Koordinat\u00f6rl\u00fc\u011f\u00fcnde, &#8216;Sosyal \u0130novasyon \u0130\u00e7in Kentsel Ye\u015fil Alanlar Projesi&#8217; ba\u015flat\u0131ld\u0131. Akdeniz Belediyesi s\u0131n\u0131rlar\u0131 i\u00e7indeki kentsel ye\u015fil alanlar ile Yunanistan\u2019\u0131n Selanik kentine ba\u011fl\u0131 Delta Belediyesi s\u0131n\u0131rlar\u0131ndaki ye\u015fil alanlar d\u00fczenlenerek, artt\u0131r\u0131lacak.\u00a0 &hellip; <a href=\"https:\/\/mersinekonomipolitikagazetesi.com\/?p=6016\" class=\"more-link\">Devam\u0131n\u0131 Oku&#8230;<\/a><\/p>\n","protected":false},"author":1,"featured_media":0,"comment_status":"open","ping_status":"open","sticky":false,"template":"","format":"standard","meta":[],"categories":[],"tags":[],"_links":{"self":[{"href":"https:\/\/mersinekonomipolitikagazetesi.com\/index.php?rest_route=\/wp\/v2\/posts\/6016"}],"collection":[{"href":"https:\/\/mersinekonomipolitikagazetesi.com\/index.php?rest_route=\/wp\/v2\/posts"}],"about":[{"href":"https:\/\/mersinekonomipolitikagazetesi.com\/index.php?rest_route=\/wp\/v2\/types\/post"}],"author":[{"embeddable":true,"href":"https:\/\/mersinekonomipolitikagazetesi.com\/index.php?rest_route=\/wp\/v2\/users\/1"}],"replies":[{"embeddable":true,"href":"https:\/\/mersinekonomipolitikagazetesi.com\/index.php?rest_route=%2Fwp%2Fv2%2Fcomments&post=6016"}],"version-history":[{"count":0,"href":"https:\/\/mersinekonomipolitikagazetesi.com\/index.php?rest_route=\/wp\/v2\/posts\/6016\/revisions"}],"wp:attachment":[{"href":"https:\/\/mersinekonomipolitikagazetesi.com\/index.php?rest_route=%2Fwp%2Fv2%2Fmedia&parent=6016"}],"wp:term":[{"taxonomy":"category","embeddable":true,"href":"https:\/\/mersinekonomipolitikagazetesi.com\/index.php?rest_route=%2Fwp%2Fv2%2Fcategories&post=6016"},{"taxonomy":"post_tag","embeddable":true,"href":"https:\/\/mersinekonomipolitikagazetesi.com\/index.php?rest_route=%2Fwp%2Fv2%2Ftags&post=6016"}],"curies":[{"name":"wp","href":"https:\/\/api.w.org\/{rel}","templated":true}]}}