{"id":6017,"date":"2020-11-04T18:26:27","date_gmt":"2020-11-04T15:26:27","guid":{"rendered":"http:\/\/mersinekonomipolitikagazetesi.com\/?p=6017"},"modified":"2020-11-04T18:26:27","modified_gmt":"2020-11-04T15:26:27","slug":"kalem-tirasa-kadar-cinden-alarak-yanlis-yaptik","status":"publish","type":"post","link":"https:\/\/mersinekonomipolitikagazetesi.com\/?p=6017","title":{"rendered":"\u201cKALEM TIRA\u015eA KADAR \u00c7\u0130N\u2019DEN ALARAK YANLI\u015e YAPTIK\u201d"},"content":{"rendered":"<p>Mersin Ticaret ve Sanayi Odas\u0131(MTSO) T\u00fcrkiye S\u0131nai Kalk\u0131nma Bankas\u0131 Y\u00f6netim Kurulu Ba\u015fkan\u0131 Ersin \u00d6zince\u2019nin kat\u0131l\u0131m\u0131yla ger\u00e7ekle\u015ftirilen \u2018Ortado\u011fu\u2019daki Hareketlili\u011fin B\u00f6lgemize Yans\u0131mas\u0131 Konferans\u0131\u2019 d\u00fczenledi. Konu\u015fmac\u0131 olarak kat\u0131ld\u0131\u011f\u0131 toplant\u0131da sorular\u0131 da cevapland\u0131ran \u00d6zince, \u201cEmperyalizme direni\u015fte bir \u00e7ok \u00fclke T\u00fcrkiye\u2019yi \u00f6rnek alm\u0131\u015ft\u0131r.\u201d diye konu\u015ftu.<br \/>\n\u00a0<br \/>\nMTSO Konferans salonunda ger\u00e7ekle\u015ftirilen etkinlikte konu\u015fan Ersin \u00d6zince, Ortado\u011fu\u2019nun uzun y\u0131llar boyunca kaynamaya devam edece\u011fini d\u00fc\u015f\u00fcnd\u00fc\u011f\u00fcn\u00fc belirterek, \u201c100 sene \u00f6nce \u0130srail ile birlikte bir \u00e7ok devlet yoktu fakat yeni d\u00fcnyada yerini alan bir \u00e7ok \u00fclke var. D\u00fcnya 19\u2019uncu ve 20\u2019inci y\u00fczy\u0131l\u0131n icad\u0131 olan ulus devlet kavram\u0131n\u0131 s\u00fcrd\u00fcrmeye devam ediyor. Medeniyet birle\u015ftirici de\u011fil ayr\u0131\u015ft\u0131r\u0131c\u0131 d\u00f6nemini ya\u015f\u0131yor. Devletler ve toplumlar kendi kalelerini global etken ve global politikalardan korumalar\u0131 m\u0131 laz\u0131m diye d\u00fc\u015f\u00fcnmeye ba\u015flad\u0131lar. \u00c7\u00fcnk\u00fc \u00e7ok ciddi globalizasyon ile siyasettin yan\u0131nda ekonomik emperyalizm a\u011f\u0131r basmaya ba\u015flad\u0131\u201d dedi.<\/p>\n<p>T\u00fcrk kurtulu\u015f hareketiyle ilgili \u00f6zellikle emperyalizmle m\u00fccadelede Hindistan gibi \u00fclkelerden \u00f6rnek veren \u00d6zince, \u201cT\u00fcrkiye emperyalizme kar\u015f\u0131 kazan\u0131lan ba\u015far\u0131s\u0131ndan dolay\u0131 d\u00f6nemde \u00f6rnek bir rol olmu\u015ftur. \u00a0\u015eu anda s\u0131k\u0131nt\u0131lar yaratan co\u011frafyan\u0131n tamam\u0131 \u0130ngiliz ve Frans\u0131z i\u015fgali alt\u0131ndaki b\u00f6lgeler. D\u00fcnyan\u0131n her yerinde kolonile\u015fmi\u015f ve ezilen \u00fclkeler asl\u0131nda T\u00fcrkiye\u2019nin kurulu\u015f ile geli\u015fimini \u00f6rnek alm\u0131\u015flard\u0131r.\u201d diye belirtti.<\/p>\n<p>\u201c\u0130ktisadi hegemonya s\u00fcr\u00fcyor\u201d<br \/>\n\u00a0<br \/>\n\u0130ktisadi ba\u011f\u0131ms\u0131zl\u0131\u011f\u0131n \u00f6nemine vurgu yapan \u00d6zince, \u201cUlus devlet kavram\u0131 \u00a0devlet olabilmek i\u00e7in \u00a0ulusal unsur, siyaset, siyasi ba\u011f\u0131ms\u0131zl\u0131k, ulusal ekonomi ve ulusal politikalara ihtiya\u00e7 var. Ulus devlet kald\u0131\u011f\u0131 s\u00fcrece bunun ka\u00e7\u0131n\u0131lmaz oldu\u011funu d\u00fc\u015f\u00fcn\u00fcyorum. Ulusal olmayan bir politika g\u00fcd\u00fcld\u00fc\u011f\u00fcnde d\u00fcnyada her konuda hemen hemen geri kal\u0131yorsunuz. \u00c7in bug\u00fcn 5G \u00a0teknolojisini milyarlarca destekleyerek Avrupa\u2019n\u0131n alt yap\u0131s\u0131n\u0131 kurmay\u0131 hedefliyor. Uzun vadeli kredilerle de destekliyor. Bunun a\u00e7\u0131klamas\u0131 iktisadi hegemonyan\u0131n s\u00fcrd\u00fc\u011f\u00fc ger\u00e7e\u011fidir.\u201d ifadelerini kulland\u0131.<br \/>\n\u00a0<br \/>\n\u201cUlusal stratejilere ihtiya\u00e7 var\u201d<br \/>\n\u00a0<br \/>\nEkonomik y\u00f6nden ba\u011f\u0131ms\u0131zl\u0131\u011f\u0131n \u00f6nemine dikkat \u00e7eken \u00d6zince, \u201c100 y\u0131l \u00f6nce var olmayan \u0130srail Devleti\u2019nin dininin Kud\u00fcs olarak ABD ve di\u011fer devletlerce ba\u015fkent olarak tan\u0131mlanmas\u0131 maalesef bizim gibi strateji yapmayan \u00fclkelerin sadece seyircisi haline d\u00f6n\u00fc\u015fmesinden dolay\u0131 ortaya \u00e7\u0131k\u0131yor. Zannediyorum ki bu co\u011frafya hareketlenmeye devam edecektir. Bu s\u0131k\u0131nt\u0131lara \u00e7are kendi hayat\u0131mda \u00f6\u011frendi\u011fim kadar\u0131yla ticaretin m\u00fcmk\u00fcn k\u0131l\u0131nmas\u0131. Ticaret her kap\u0131y\u0131 a\u00e7ar. Mersin bu konuda as\u0131rlar \u00f6ncesine dayanan bir ge\u00e7mi\u015fe sahip. Her konuda ulusal stratejilere ihtiya\u00e7 var. Bunun i\u00e7erisinde Mersin ve y\u00f6resi de yer al\u0131yor. Mersin ve \u00e7evresinin milli projelerle her gelen y\u00f6netimle s\u00fcrekli de\u011fi\u015fen de\u011fil, \u00a0toplumla \u00a0birlikte siyaseten olmadan geli\u015ftirilmi\u015f ve faaliyette bulunacak stratejilere ihtiyac\u0131 var.\u201d diye konu\u015ftu.<\/p>\n<p>\u201cGeli\u015fim ulusal politikalarla ger\u00e7ekle\u015fir\u201d<br \/>\n\u00a0<br \/>\nYa\u015fad\u0131\u011f\u0131 an\u0131lardan \u00f6rnekler veren ve teknolojiden \u00f6rnekler sunan \u00d6zince teknolojinin \u00fcreticisinin yabanc\u0131 firmalar olmas\u0131ndan bahsederek, \u201cTelefon ve bilgisayarlar\u0131n \u00fcreticileri yabanc\u0131 yat\u0131r\u0131mc\u0131lar. Hi\u00e7 kendimize ait te\u00e7hizat ve yaz\u0131l\u0131m sahibi de\u011filiz. B\u00fct\u00fcn bunlara stratejiyle ba\u015flay\u0131p kendimize ait \u015feyler yaparak kendimize ve \u00fclkemize faydal\u0131 oluruz. Bunlar\u0131n hepsi ulusal politikalarla ger\u00e7ekle\u015fir.\u201d ifadelerini kulland\u0131.<\/p>\n<p>\u201cT\u00fcketimle b\u00fcy\u00fcmekle \u00f6v\u00fcnd\u00fck\u201d<\/p>\n<p>Politik yanl\u0131\u015flardan bahseden ve stratejik yetersizli\u011fe vurgu yapan \u00d6zince, \u201cKalem t\u0131ra\u015fa kadar \u00c7in\u2019den alarak yanl\u0131\u015f yapt\u0131k. Hep t\u00fcketimle b\u00fcy\u00fcmekle \u00f6v\u00fcnd\u00fck. Zaman\u0131nda yanl\u0131\u015f bir kelime kullanm\u0131\u015ft\u0131m, \u2018Neremiz b\u00fcy\u00fcyor iyi bakmak laz\u0131m\u2019 demi\u015ftim. Ak\u0131l y\u00f6n\u00fcm\u00fcz\u00fcn b\u00fcy\u00fcmesi laz\u0131m. Devletin stratejik olarak yol a\u00e7mas\u0131 gerekiyor. Atat\u00fcrk T\u00fcrkiye\u2019sinin en b\u00fcy\u00fck \u00f6nemi, \u00f6zel giri\u015fimin \u00f6nder oldu\u011fu bir ekonomik modeldir. Katma de\u011feri y\u00fcksek \u00fcr\u00fcnler \u00fcreterek ulusal ekonomimizi ve y\u00f6re \u00fcretimimizi desteklemek laz\u0131m.\u201d dedi.<br \/>\n\u00a0<br \/>\n\u201cYeter ki T\u00fcrkiye Cumhuriyeti kurulu\u015f ilkelerine d\u00f6ns\u00fcn\u201d<br \/>\n\u00a0<br \/>\nD\u00f6nemsel olaylara y\u00f6nelik k\u00f6t\u00fc d\u00fc\u015f\u00fcnmemeyi \u00f6neren \u00d6zince, \u201cBu d\u00f6nemlerin ge\u00e7ece\u011fini d\u00fc\u015f\u00fcn\u00fcyorum. Bizler gibi \u00e7ok olumsuz g\u00fcnler g\u00f6ren toplumlar\u0131n bunlar\u0131 a\u015faca\u011f\u0131na inan\u0131yorum. Yeter ki T\u00fcrkiye Cumhuriyeti \u00a0kurulu\u015f ilkelerine d\u00f6ns\u00fcn ve kendi istiklal ve ekonomik istikbaline tam anlam\u0131yla sahip \u00e7\u0131ks\u0131n.\u201d diye konu\u015ftu.<br \/>\nGer\u00e7ekle\u015ftirilen etkinli\u011fin ard\u0131ndan MTSO Ba\u015fkan\u0131 Ayhan K\u0131z\u0131ltan, MTSO Meclis Ba\u015fkan\u0131 Hamit \u0130zol ile birlikte T\u00fcrkiye S\u0131nai Kalk\u0131nma Bankas\u0131 Y\u00f6netim Kurulu Ba\u015fkan\u0131 Ersin \u00d6zince\u2019ye Atat\u00fcrk\u2019\u00fcn at \u00fczerindeki biblosunu hediye etti.\u00a0<\/p>\n","protected":false},"excerpt":{"rendered":"<p>Mersin Ticaret ve Sanayi Odas\u0131(MTSO) T\u00fcrkiye S\u0131nai Kalk\u0131nma Bankas\u0131 Y\u00f6netim Kurulu Ba\u015fkan\u0131 Ersin \u00d6zince\u2019nin kat\u0131l\u0131m\u0131yla ger\u00e7ekle\u015ftirilen \u2018Ortado\u011fu\u2019daki Hareketlili\u011fin B\u00f6lgemize Yans\u0131mas\u0131 Konferans\u0131\u2019 d\u00fczenledi. Konu\u015fmac\u0131 olarak kat\u0131ld\u0131\u011f\u0131 toplant\u0131da sorular\u0131 da cevapland\u0131ran \u00d6zince, &hellip; <a href=\"https:\/\/mersinekonomipolitikagazetesi.com\/?p=6017\" class=\"more-link\">Devam\u0131n\u0131 Oku&#8230;<\/a><\/p>\n","protected":false},"author":1,"featured_media":0,"comment_status":"open","ping_status":"open","sticky":false,"template":"","format":"standard","meta":[],"categories":[],"tags":[],"_links":{"self":[{"href":"https:\/\/mersinekonomipolitikagazetesi.com\/index.php?rest_route=\/wp\/v2\/posts\/6017"}],"collection":[{"href":"https:\/\/mersinekonomipolitikagazetesi.com\/index.php?rest_route=\/wp\/v2\/posts"}],"about":[{"href":"https:\/\/mersinekonomipolitikagazetesi.com\/index.php?rest_route=\/wp\/v2\/types\/post"}],"author":[{"embeddable":true,"href":"https:\/\/mersinekonomipolitikagazetesi.com\/index.php?rest_route=\/wp\/v2\/users\/1"}],"replies":[{"embeddable":true,"href":"https:\/\/mersinekonomipolitikagazetesi.com\/index.php?rest_route=%2Fwp%2Fv2%2Fcomments&post=6017"}],"version-history":[{"count":0,"href":"https:\/\/mersinekonomipolitikagazetesi.com\/index.php?rest_route=\/wp\/v2\/posts\/6017\/revisions"}],"wp:attachment":[{"href":"https:\/\/mersinekonomipolitikagazetesi.com\/index.php?rest_route=%2Fwp%2Fv2%2Fmedia&parent=6017"}],"wp:term":[{"taxonomy":"category","embeddable":true,"href":"https:\/\/mersinekonomipolitikagazetesi.com\/index.php?rest_route=%2Fwp%2Fv2%2Fcategories&post=6017"},{"taxonomy":"post_tag","embeddable":true,"href":"https:\/\/mersinekonomipolitikagazetesi.com\/index.php?rest_route=%2Fwp%2Fv2%2Ftags&post=6017"}],"curies":[{"name":"wp","href":"https:\/\/api.w.org\/{rel}","templated":true}]}}