{"id":6020,"date":"2020-11-04T18:26:27","date_gmt":"2020-11-04T15:26:27","guid":{"rendered":"http:\/\/mersinekonomipolitikagazetesi.com\/?p=6020"},"modified":"2020-11-04T18:26:27","modified_gmt":"2020-11-04T15:26:27","slug":"mersinli-sehit-uzman-onbasi-ibrahim-tuzel-son-yolculuguna-ugurlandi","status":"publish","type":"post","link":"https:\/\/mersinekonomipolitikagazetesi.com\/?p=6020","title":{"rendered":"Mersinli \u015eehit Uzman Onba\u015f\u0131 \u0130brahim T\u00fczel son yolculu\u011funa u\u011furland\u0131"},"content":{"rendered":"<div><span style=\"font-size: 12px;\">Mersinli \u015eehit Uzman Onba\u015f\u0131 \u0130brahim T\u00fczel&#8217;in Mersin&#8217;in Erdemli il\u00e7esindeki Ulu Cami biti\u015fi\u011findeki meydanda d\u00fczenlenen t\u00f6renin ard\u0131ndan son yolculu\u011funa u\u011furland\u0131.\u00a0<\/span><\/div>\n<div><span style=\"font-size: 12px;\">\u00a0 Suriye&#8217;nin \u0130dlib kentinde d\u00fczenlenen hava sald\u0131r\u0131s\u0131nda \u015fehit olan 33 askerden Uzman Onba\u015f\u0131 \u0130brahim T\u00fczel, memleketi Mersin&#8217;in Erdemli il\u00e7esinde d\u00fczenlenen t\u00f6renle g\u00f6zya\u015flar\u0131 ve dualarla son yolculu\u011funa u\u011furland\u0131.\u00a0<\/span><\/div>\n<div><span style=\"font-size: 12px;\">\u00a0 \u015eehidin cenaze namaz\u0131n\u0131 Mersin \u0130l M\u00fcft\u00fcs\u00fc \u015eaban Kondi taraf\u0131ndan k\u0131ld\u0131r\u0131ld\u0131.\u00a0<\/span><\/div>\n<div><span style=\"font-size: 12px;\">\u00a0 T\u00f6renine, K\u00fclt\u00fcr ve Turizm Bakan Yard\u0131mc\u0131s\u0131 Ahmet Misbah Demircan, TBMM Plan B\u00fct\u00e7e Komisyonu Ba\u015fkan\u0131 L\u00fctfi Elvan, Mersin Valisi Ali \u0130hsan Su, Mersin B\u00fcy\u00fck\u015fehir Belediye Ba\u015fkan\u0131 Vahap Se\u00e7er, AK Parti Mersin Milletvekili Ali Cumhur Ta\u015fk\u0131n, MHP Mersin Milletvekili Olcay K\u0131lavuz, Baki \u015eim\u015fek, Burdur Da\u011f Komando ve E\u011fitim Komutan\u0131 Tu\u011f General Aydo\u011fan Budak\u00e7\u0131, Akdeniz B\u00f6lge ve Garnizon Komutan\u0131 Tu\u011famiral Ercan Kire\u00e7tepe, Mersin \u0130l Jandarma Komutan\u0131 K\u0131demli Albay Necip \u00c7ulhao\u011flu, Erdemli Kaymakam\u0131 Avni Kula ve yakla\u015f\u0131k 10 bin Mersinli kat\u0131ld\u0131.\u00a0<\/span><\/div>\n<div><span style=\"font-size: 12px;\">\u00a0 \u015eehidin annesi G\u00fclten T\u00fczel, Babas\u0131 \u015euayip T\u00fczel ile asker oldu\u011fu \u00f6\u011frenilen ikizi Kas\u0131m T\u00fczel ve di\u011fer karde\u015fleri cenaze esnas\u0131nda g\u00f6zya\u015flar\u0131n\u0131 tutamad\u0131.\u00a0<\/span><\/div>\n<div><span style=\"font-size: 12px;\">\u00a0 \u015eehidin cenazesi t\u00f6renin ard\u0131ndan il\u00e7eye ba\u011fl\u0131 Alibeyli Mezarl\u0131\u011f\u0131&#8217;nda defnedildi<\/span><\/div>\n","protected":false},"excerpt":{"rendered":"<p>Mersinli \u015eehit Uzman Onba\u015f\u0131 \u0130brahim T\u00fczel&#8217;in Mersin&#8217;in Erdemli il\u00e7esindeki Ulu Cami biti\u015fi\u011findeki meydanda d\u00fczenlenen t\u00f6renin ard\u0131ndan son yolculu\u011funa u\u011furland\u0131.\u00a0 \u00a0 Suriye&#8217;nin \u0130dlib kentinde d\u00fczenlenen hava sald\u0131r\u0131s\u0131nda \u015fehit olan 33 askerden &hellip; <a href=\"https:\/\/mersinekonomipolitikagazetesi.com\/?p=6020\" class=\"more-link\">Devam\u0131n\u0131 Oku&#8230;<\/a><\/p>\n","protected":false},"author":1,"featured_media":0,"comment_status":"open","ping_status":"open","sticky":false,"template":"","format":"standard","meta":[],"categories":[],"tags":[],"_links":{"self":[{"href":"https:\/\/mersinekonomipolitikagazetesi.com\/index.php?rest_route=\/wp\/v2\/posts\/6020"}],"collection":[{"href":"https:\/\/mersinekonomipolitikagazetesi.com\/index.php?rest_route=\/wp\/v2\/posts"}],"about":[{"href":"https:\/\/mersinekonomipolitikagazetesi.com\/index.php?rest_route=\/wp\/v2\/types\/post"}],"author":[{"embeddable":true,"href":"https:\/\/mersinekonomipolitikagazetesi.com\/index.php?rest_route=\/wp\/v2\/users\/1"}],"replies":[{"embeddable":true,"href":"https:\/\/mersinekonomipolitikagazetesi.com\/index.php?rest_route=%2Fwp%2Fv2%2Fcomments&post=6020"}],"version-history":[{"count":0,"href":"https:\/\/mersinekonomipolitikagazetesi.com\/index.php?rest_route=\/wp\/v2\/posts\/6020\/revisions"}],"wp:attachment":[{"href":"https:\/\/mersinekonomipolitikagazetesi.com\/index.php?rest_route=%2Fwp%2Fv2%2Fmedia&parent=6020"}],"wp:term":[{"taxonomy":"category","embeddable":true,"href":"https:\/\/mersinekonomipolitikagazetesi.com\/index.php?rest_route=%2Fwp%2Fv2%2Fcategories&post=6020"},{"taxonomy":"post_tag","embeddable":true,"href":"https:\/\/mersinekonomipolitikagazetesi.com\/index.php?rest_route=%2Fwp%2Fv2%2Ftags&post=6020"}],"curies":[{"name":"wp","href":"https:\/\/api.w.org\/{rel}","templated":true}]}}