{"id":6022,"date":"2020-11-04T18:26:27","date_gmt":"2020-11-04T15:26:27","guid":{"rendered":"http:\/\/mersinekonomipolitikagazetesi.com\/?p=6022"},"modified":"2020-11-04T18:26:27","modified_gmt":"2020-11-04T15:26:27","slug":"mersinli-sehit-annesi-evladini-asker-selami-ile-ugurladi","status":"publish","type":"post","link":"https:\/\/mersinekonomipolitikagazetesi.com\/?p=6022","title":{"rendered":"Mersinli \u015fehit annesi, evlad\u0131n\u0131 asker selam\u0131 ile u\u011furlad\u0131"},"content":{"rendered":"<div><span style=\"font-size: 12px;\">Suriye&#8217;nin \u0130dlib b\u00f6lgesinde d\u00fczenlenen hava sald\u0131r\u0131s\u0131nda \u015fehit olan 33 askerden Astsubay \u00c7avu\u015f Mehmet Muhammet Akay (21), memleketi Mersin&#8217;de g\u00f6z ya\u015flar\u0131 aras\u0131nda son yolculu\u011funa u\u011furland\u0131.\u00a0<\/span><\/div>\n<div><span style=\"font-size: 12px;\">\u00a0 Ayn\u0131 sald\u0131r\u0131da Mersin&#8217;deki 3 \u015fehitten biri olan Akay i\u00e7in Mu\u011fdat Camii&#8217;nde t\u00f6ren d\u00fczenlendi. Ailesinin ya\u015fad\u0131\u011f\u0131 Toroslar il\u00e7esine ba\u011fl\u0131 Sel\u00e7uklar Mahallesi&#8217;ndeki evine son kez g\u00f6t\u00fcr\u00fclen \u015fehidin cenazesi, daha sonra t\u00f6ren i\u00e7in Mu\u011fdat Camii&#8217;nde getirildi. Burada askerlerin omzunda \u015fehidin T\u00fcrk bayra\u011f\u0131na sar\u0131l\u0131 tabuta cami avlusuna g\u00f6t\u00fcr\u00fcl\u00fcrken, yak\u0131nlar\u0131 g\u00f6zya\u015flar\u0131na bo\u011fuldu. \u015eehidin annesi Kezban ile babas\u0131 Osman Akay ve k\u0131z karde\u015fi Pelin Su&#8217;yu, yak\u0131nlar\u0131 ile g\u00f6revliler teselli etmeye \u00e7al\u0131\u015ft\u0131. Cenazede baba Osman Akay metanetini korumaya \u00e7al\u0131\u015f\u0131rken, anne Kezban Akay ile k\u0131z karde\u015fi Pelin Su, \u015fehidin tabutuna sar\u0131l\u0131p uzun s\u00fcre g\u00f6z ya\u015f\u0131 d\u00f6kt\u00fc. Evlad\u0131n\u0131n T\u00fcrk bayra\u011f\u0131na sar\u0131l\u0131 tabutu \u00f6n\u00fcnde asker selam\u0131 veren ac\u0131l\u0131 anne, askerlerin elinde bulunan o\u011flunun foto\u011fraf\u0131n\u0131 da defalarca \u00f6pt\u00fc. Anne Kezban Akay&#8217;\u0131, K\u00fclt\u00fcr ve Turizm Bakan Yard\u0131mc\u0131s\u0131 Nadir Alparslan, TBMM Plan ve B\u00fct\u00e7e Komisyonu Ba\u015fkan\u0131 L\u00fctfi Elvan ile Mersin Valisi Ali \u0130hsan Su teselli etmeye \u00e7al\u0131\u015ft\u0131.\u00a0<\/span><\/div>\n<div><span style=\"font-size: 12px;\">\u00a0 \u015eehit Akay i\u00e7in \u00f6\u011fle namaz\u0131n\u0131n ard\u0131ndan cenaze t\u00f6reni d\u00fczenlendi. T\u00f6rene, K\u00fclt\u00fcr ve Turizm Bakan Yard\u0131mc\u0131s\u0131 Nadir Alparslan, TBMM Plan ve B\u00fct\u00e7e Komisyonu Ba\u015fkan\u0131 L\u00fctfi Elvan, Vali Ali \u0130hsan Su, B\u00fcy\u00fck\u015fehir Belediye Ba\u015fkan\u0131 Vahap Se\u00e7er, Akdeniz B\u00f6lge ve Garnizon Komutan\u0131 Tu\u011famiral Ercan Kire\u00e7tepe, milletvekilleri, belediye ba\u015fkanlar\u0131, protokol \u00fcyeleri, askeri erkan ile \u015fehidin ailesi ve yak\u0131nlar\u0131 kat\u0131ld\u0131.\u00a0\u00a0<\/span><\/div>\n<div><span style=\"font-size: 12px;\">\u00a0 Cenaze namaz\u0131n\u0131n k\u0131l\u0131nmas\u0131n\u0131n ard\u0131ndan \u015fehidin cenazesi, top arabas\u0131na konuldu. \u015eehidin cenazesinin arkas\u0131nda bir s\u00fcre y\u00fcr\u00fcyen ailesine ve protokol \u00fcyelerine, \u00e7ok say\u0131da vatanda\u015f da destek odu. Y\u00fcr\u00fcy\u00fc\u015f s\u0131ras\u0131nda Akay&#8217;\u0131n anne ve babas\u0131 ile karde\u015fi g\u00f6zya\u015f\u0131 d\u00f6kt\u00fc. Y\u00fczlerce ki\u015finin kat\u0131ld\u0131\u011f\u0131 askeri t\u00f6renin ard\u0131ndan Mersin \u015eehir Mezarl\u0131\u011f\u0131&#8217;na g\u00f6t\u00fcr\u00fclen Akay&#8217;\u0131n cenazesi, \u015fehitlikte topra\u011fa verildi.\u00a0<\/span><\/div>\n<div><span style=\"font-size: 12px;\">\u00a0 Suriye&#8217;nin \u0130dlib kentinde rejim g\u00fc\u00e7leri taraf\u0131ndan T\u00fcrk askerlerine d\u00fczenlenen hava sald\u0131r\u0131s\u0131nda 33 Mehmet\u00e7ik \u015fehit olmu\u015f, 32 asker de yaralanm\u0131\u015ft\u0131.\u00a0\u00a0<\/span><\/div>\n<div><span style=\"font-size: 12px;\">\u00a0 2 karde\u015f olduklar\u0131 \u00f6\u011frenilen Akay&#8217;\u0131n, bir ay \u00f6nce g\u00f6reve ba\u015flad\u0131\u011f\u0131 ve bekar oldu\u011fu \u00f6\u011frenildi.\u00a0\u00a0<\/span><\/div>\n","protected":false},"excerpt":{"rendered":"<p>Suriye&#8217;nin \u0130dlib b\u00f6lgesinde d\u00fczenlenen hava sald\u0131r\u0131s\u0131nda \u015fehit olan 33 askerden Astsubay \u00c7avu\u015f Mehmet Muhammet Akay (21), memleketi Mersin&#8217;de g\u00f6z ya\u015flar\u0131 aras\u0131nda son yolculu\u011funa u\u011furland\u0131.\u00a0 \u00a0 Ayn\u0131 sald\u0131r\u0131da Mersin&#8217;deki 3 \u015fehitten &hellip; <a href=\"https:\/\/mersinekonomipolitikagazetesi.com\/?p=6022\" class=\"more-link\">Devam\u0131n\u0131 Oku&#8230;<\/a><\/p>\n","protected":false},"author":1,"featured_media":0,"comment_status":"open","ping_status":"open","sticky":false,"template":"","format":"standard","meta":[],"categories":[],"tags":[],"_links":{"self":[{"href":"https:\/\/mersinekonomipolitikagazetesi.com\/index.php?rest_route=\/wp\/v2\/posts\/6022"}],"collection":[{"href":"https:\/\/mersinekonomipolitikagazetesi.com\/index.php?rest_route=\/wp\/v2\/posts"}],"about":[{"href":"https:\/\/mersinekonomipolitikagazetesi.com\/index.php?rest_route=\/wp\/v2\/types\/post"}],"author":[{"embeddable":true,"href":"https:\/\/mersinekonomipolitikagazetesi.com\/index.php?rest_route=\/wp\/v2\/users\/1"}],"replies":[{"embeddable":true,"href":"https:\/\/mersinekonomipolitikagazetesi.com\/index.php?rest_route=%2Fwp%2Fv2%2Fcomments&post=6022"}],"version-history":[{"count":0,"href":"https:\/\/mersinekonomipolitikagazetesi.com\/index.php?rest_route=\/wp\/v2\/posts\/6022\/revisions"}],"wp:attachment":[{"href":"https:\/\/mersinekonomipolitikagazetesi.com\/index.php?rest_route=%2Fwp%2Fv2%2Fmedia&parent=6022"}],"wp:term":[{"taxonomy":"category","embeddable":true,"href":"https:\/\/mersinekonomipolitikagazetesi.com\/index.php?rest_route=%2Fwp%2Fv2%2Fcategories&post=6022"},{"taxonomy":"post_tag","embeddable":true,"href":"https:\/\/mersinekonomipolitikagazetesi.com\/index.php?rest_route=%2Fwp%2Fv2%2Ftags&post=6022"}],"curies":[{"name":"wp","href":"https:\/\/api.w.org\/{rel}","templated":true}]}}