{"id":6034,"date":"2020-11-04T18:26:28","date_gmt":"2020-11-04T15:26:28","guid":{"rendered":"http:\/\/mersinekonomipolitikagazetesi.com\/?p=6034"},"modified":"2020-11-04T18:26:28","modified_gmt":"2020-11-04T15:26:28","slug":"cocuklara-ilk-yardim-bilinci-asilaniyor","status":"publish","type":"post","link":"https:\/\/mersinekonomipolitikagazetesi.com\/?p=6034","title":{"rendered":"\u00c7ocuklara ilk yard\u0131m bilinci a\u015f\u0131lan\u0131yor"},"content":{"rendered":"<div><span style=\"font-size: 12px;\">\u00a0Mersin B\u00fcy\u00fck\u015fehir Belediyesi \u0130tfaiye Dairesi Ba\u015fkanl\u0131\u011f\u0131, \u00e7ocuklara ilk yard\u0131m bilincini a\u015f\u0131lamak i\u00e7in sosyal faaliyetlerine devam ediyor.\u00a0\u00a0<\/span><\/div>\n<div><span style=\"font-size: 12px;\">\u00a0 \u00c7ocuklarda ilk yard\u0131m bilincinin a\u015f\u0131lanmas\u0131 i\u00e7in d\u00fczenlenen sosyal faaliyetler kapsam\u0131nda, Mersin B\u00fcy\u00fck\u015fehir Belediyesi \u0130tfaiye Dairesi Ba\u015fkanl\u0131\u011f\u0131 Tarsus Grup Amirli\u011fi, ana s\u0131n\u0131f\u0131 \u00f6\u011frencilerini a\u011f\u0131rlad\u0131. Tarsus \u015eehit Yurdakul Alcan Ortaokulu b\u00fcnyesinde faaliyet g\u00f6steren ana s\u0131n\u0131f\u0131 \u00f6\u011frencileri, B\u00fcy\u00fck\u015fehir otob\u00fcsleriyle okullar\u0131ndan al\u0131narak, \u0130tfaiye Dairesi Ba\u015fkanl\u0131\u011f\u0131 Tarsus Grup Amirli\u011fi merkez tesislerine getirildi. \u015eube Sorumlusu Kenan Demirpolat ve itfaiye personeli taraf\u0131ndan kar\u015f\u0131lanan minik \u00f6\u011frencilere, itfaiye ekiplerinin yapt\u0131\u011f\u0131 faaliyetlerle ilgili a\u00e7\u0131klamalarda bulunuldu. Yang\u0131n veya kaza durumunda ne gibi \u00e7al\u0131\u015fmalar yap\u0131ld\u0131\u011f\u0131 konusunda bilgi verilen minik \u00f6\u011frencilere, ayr\u0131ca \u00e7al\u0131\u015fmalarda kullan\u0131lan aletler de yak\u0131ndan g\u00f6sterildi. Acil durumlarda 112\u2019nin aranmas\u0131 gerekti\u011fi miniklere anlat\u0131l\u0131rken, itfaiyecilerin g\u00f6rev alanlar\u0131 aras\u0131nda yer alan yang\u0131n s\u00f6nd\u00fcrme, can ve mal kayb\u0131n\u0131 engelleme, do\u011fal afetlere m\u00fcdahale, yaral\u0131lara ilk yard\u0131m ve trafik kazalar\u0131na m\u00fcdahale konusunda detayl\u0131 bilgi aktar\u0131ld\u0131. G\u00f6steri ama\u00e7l\u0131 itfaiye ara\u00e7lar\u0131ndan su s\u0131k\u0131ld\u0131\u011f\u0131 ziyaret s\u0131ras\u0131nda, temsili olarak 1 itfaiye eri, mafsall\u0131 ara\u00e7la \u00e7al\u0131\u015fma yapt\u0131.\u00a0<\/span><\/div>\n<div><span style=\"font-size: 12px;\">\u00a0 B\u00fcy\u00fck\u015fehir Belediye Ba\u015fkan\u0131 Vahap Se\u00e7er\u2019in g\u00f6nderdi\u011fi arma\u011fanlar\u0131n da\u011f\u0131t\u0131ld\u0131\u011f\u0131 ziyaret s\u0131ras\u0131nda minik \u00f6\u011frenciler, itfaiye personeline sorular sordu.\u00a0<\/span><\/div>\n","protected":false},"excerpt":{"rendered":"<p>\u00a0Mersin B\u00fcy\u00fck\u015fehir Belediyesi \u0130tfaiye Dairesi Ba\u015fkanl\u0131\u011f\u0131, \u00e7ocuklara ilk yard\u0131m bilincini a\u015f\u0131lamak i\u00e7in sosyal faaliyetlerine devam ediyor.\u00a0\u00a0 \u00a0 \u00c7ocuklarda ilk yard\u0131m bilincinin a\u015f\u0131lanmas\u0131 i\u00e7in d\u00fczenlenen sosyal faaliyetler kapsam\u0131nda, Mersin B\u00fcy\u00fck\u015fehir Belediyesi &hellip; <a href=\"https:\/\/mersinekonomipolitikagazetesi.com\/?p=6034\" class=\"more-link\">Devam\u0131n\u0131 Oku&#8230;<\/a><\/p>\n","protected":false},"author":1,"featured_media":0,"comment_status":"open","ping_status":"open","sticky":false,"template":"","format":"standard","meta":[],"categories":[],"tags":[],"_links":{"self":[{"href":"https:\/\/mersinekonomipolitikagazetesi.com\/index.php?rest_route=\/wp\/v2\/posts\/6034"}],"collection":[{"href":"https:\/\/mersinekonomipolitikagazetesi.com\/index.php?rest_route=\/wp\/v2\/posts"}],"about":[{"href":"https:\/\/mersinekonomipolitikagazetesi.com\/index.php?rest_route=\/wp\/v2\/types\/post"}],"author":[{"embeddable":true,"href":"https:\/\/mersinekonomipolitikagazetesi.com\/index.php?rest_route=\/wp\/v2\/users\/1"}],"replies":[{"embeddable":true,"href":"https:\/\/mersinekonomipolitikagazetesi.com\/index.php?rest_route=%2Fwp%2Fv2%2Fcomments&post=6034"}],"version-history":[{"count":0,"href":"https:\/\/mersinekonomipolitikagazetesi.com\/index.php?rest_route=\/wp\/v2\/posts\/6034\/revisions"}],"wp:attachment":[{"href":"https:\/\/mersinekonomipolitikagazetesi.com\/index.php?rest_route=%2Fwp%2Fv2%2Fmedia&parent=6034"}],"wp:term":[{"taxonomy":"category","embeddable":true,"href":"https:\/\/mersinekonomipolitikagazetesi.com\/index.php?rest_route=%2Fwp%2Fv2%2Fcategories&post=6034"},{"taxonomy":"post_tag","embeddable":true,"href":"https:\/\/mersinekonomipolitikagazetesi.com\/index.php?rest_route=%2Fwp%2Fv2%2Ftags&post=6034"}],"curies":[{"name":"wp","href":"https:\/\/api.w.org\/{rel}","templated":true}]}}