{"id":6035,"date":"2020-11-04T18:26:28","date_gmt":"2020-11-04T15:26:28","guid":{"rendered":"http:\/\/mersinekonomipolitikagazetesi.com\/?p=6035"},"modified":"2020-11-04T18:26:28","modified_gmt":"2020-11-04T15:26:28","slug":"1-ekmek-1-corba-projesi-semt-pazarlarinda","status":"publish","type":"post","link":"https:\/\/mersinekonomipolitikagazetesi.com\/?p=6035","title":{"rendered":"&#8220;1 Ekmek 1 \u00c7orba Projesi&#8221; semt pazarlar\u0131nda"},"content":{"rendered":"<div>\u00a0<\/div>\n<div><span style=\"font-size: 12px;\">\u00a0 MERS\u0130N (\u0130HA) &#8211; Mersin B\u00fcy\u00fck\u015fehir Belediyesi&#8217;nin &#8216;1 Ekmek 1 \u00c7orba Projesi&#8217;, semt pazarlar\u0131nda da vatanda\u015flara ula\u015fmaya ba\u015flad\u0131.\u00a0<\/span><\/div>\n<div><span style=\"font-size: 12px;\">\u00a0 B\u00fcy\u00fck\u015fehir Belediyesi Sosyal Hizmetler Dairesi Ba\u015fkanl\u0131\u011f\u0131 b\u00fcnyesinde g\u00f6rev yapan personel, bir bardak \u00e7orba sayesinde Hamidiye Mahallesi\u2019ndeki semt pazar\u0131nda dar gelirli 73 ya\u015f\u0131ndaki \u015eefika Karaku\u015f\u2019un ya\u015fam\u0131na uzand\u0131. Ekipler, 73 ya\u015f\u0131ndaki \u015eefika Karaku\u015f\u2019un a\u00e7t\u0131\u011f\u0131 stantta hi\u00e7bir \u015fey satmadan oturup bekledi\u011fini fark etti. Bir k\u0131z\u0131 ve iki torunu olan Karaku\u015f\u2019un yan\u0131na giderek kendisiyle tan\u0131\u015fan ekipler, Karaku\u015f\u2019un uzunca bir s\u00fcre pazarda esnafl\u0131k yapt\u0131\u011f\u0131n\u0131, ancak ge\u00e7irdi\u011fi bir kaza sonucu ekonomik s\u0131k\u0131nt\u0131lar ya\u015fad\u0131\u011f\u0131n\u0131 \u00f6\u011frendi. Satacak herhangi bir \u015feyi olmamas\u0131na ra\u011fmen pazarda stant a\u00e7may\u0131 s\u00fcrd\u00fcren Karaku\u015f\u2019a B\u00fcy\u00fck\u015fehir Belediyesi ekonomik destekte bulunarak kendisine yard\u0131m eli uzatt\u0131 ve dar gelirli Karaku\u015f\u2019u birinci dereceden halk kart sahibi yapt\u0131. Ya\u015fam\u0131ndan ve ba\u015f\u0131ndan ge\u00e7en kazadan bahseden Karaku\u015f, \u201cRamazan ay\u0131nda balkondan d\u00fc\u015ft\u00fcm. Bende \u015feker hastal\u0131\u011f\u0131, tansiyon ve kemik erimesi var. Burada baharat satard\u0131m. Kimseye muhta\u00e7 olmad\u0131m. D\u00fc\u015ft\u00fckten sonra her \u015fey gitti. Bu pazar a\u00e7\u0131ld\u0131\u011f\u0131ndan beri burada ekmek paras\u0131 kazand\u0131m\u201d dedi.\u00a0<\/span><\/div>\n<div><span style=\"font-size: 12px;\">\u00a0 2. b\u00f6lge semt pazar\u0131 g\u00f6revlisi \u015eaban Akg\u00fcn ise Karaku\u015f\u2019u uzun zamand\u0131r tan\u0131d\u0131klar\u0131n\u0131 dile getirerek, B\u00fcy\u00fck\u015fehir Belediyesi\u2019nin yard\u0131m eli uzatmas\u0131na sevindiklerini ifade etti. 1 Ekmek 1 \u00c7orba Projesinden de olduk\u00e7a memnun olduklar\u0131n\u0131 s\u00f6yleyen Akg\u00fcn, \u201c26 y\u0131ld\u0131r bu pazarday\u0131m. 26 y\u0131ldan beri \u015eefika Teyzemiz burada. Daha \u00f6nce baharat\u00e7\u0131l\u0131k yap\u0131yordu. \u00c7ok onurlu bir teyzemizdir. B\u00fcy\u00fck\u015fehir\u2019in 1 Ekmek 1 \u00c7orba Projesinden de hem esnaf hem de gelen m\u00fc\u015fteriler olduk\u00e7a memnun. G\u00fczel bir \u00e7orba, biz de tad\u0131na bakt\u0131k. Ba\u015fkan\u0131m\u0131z\u2019a te\u015fekk\u00fcr ederiz, g\u00fczel bir projeyi hayata ge\u00e7irdi\u201d diye konu\u015ftu.\u00a0<\/span><\/div>\n","protected":false},"excerpt":{"rendered":"<p>\u00a0 \u00a0 MERS\u0130N (\u0130HA) &#8211; Mersin B\u00fcy\u00fck\u015fehir Belediyesi&#8217;nin &#8216;1 Ekmek 1 \u00c7orba Projesi&#8217;, semt pazarlar\u0131nda da vatanda\u015flara ula\u015fmaya ba\u015flad\u0131.\u00a0 \u00a0 B\u00fcy\u00fck\u015fehir Belediyesi Sosyal Hizmetler Dairesi Ba\u015fkanl\u0131\u011f\u0131 b\u00fcnyesinde g\u00f6rev yapan personel, &hellip; <a href=\"https:\/\/mersinekonomipolitikagazetesi.com\/?p=6035\" class=\"more-link\">Devam\u0131n\u0131 Oku&#8230;<\/a><\/p>\n","protected":false},"author":1,"featured_media":0,"comment_status":"open","ping_status":"open","sticky":false,"template":"","format":"standard","meta":[],"categories":[],"tags":[],"_links":{"self":[{"href":"https:\/\/mersinekonomipolitikagazetesi.com\/index.php?rest_route=\/wp\/v2\/posts\/6035"}],"collection":[{"href":"https:\/\/mersinekonomipolitikagazetesi.com\/index.php?rest_route=\/wp\/v2\/posts"}],"about":[{"href":"https:\/\/mersinekonomipolitikagazetesi.com\/index.php?rest_route=\/wp\/v2\/types\/post"}],"author":[{"embeddable":true,"href":"https:\/\/mersinekonomipolitikagazetesi.com\/index.php?rest_route=\/wp\/v2\/users\/1"}],"replies":[{"embeddable":true,"href":"https:\/\/mersinekonomipolitikagazetesi.com\/index.php?rest_route=%2Fwp%2Fv2%2Fcomments&post=6035"}],"version-history":[{"count":0,"href":"https:\/\/mersinekonomipolitikagazetesi.com\/index.php?rest_route=\/wp\/v2\/posts\/6035\/revisions"}],"wp:attachment":[{"href":"https:\/\/mersinekonomipolitikagazetesi.com\/index.php?rest_route=%2Fwp%2Fv2%2Fmedia&parent=6035"}],"wp:term":[{"taxonomy":"category","embeddable":true,"href":"https:\/\/mersinekonomipolitikagazetesi.com\/index.php?rest_route=%2Fwp%2Fv2%2Fcategories&post=6035"},{"taxonomy":"post_tag","embeddable":true,"href":"https:\/\/mersinekonomipolitikagazetesi.com\/index.php?rest_route=%2Fwp%2Fv2%2Ftags&post=6035"}],"curies":[{"name":"wp","href":"https:\/\/api.w.org\/{rel}","templated":true}]}}