{"id":6039,"date":"2020-11-04T18:26:28","date_gmt":"2020-11-04T15:26:28","guid":{"rendered":"http:\/\/mersinekonomipolitikagazetesi.com\/?p=6039"},"modified":"2020-11-04T18:26:28","modified_gmt":"2020-11-04T15:26:28","slug":"urdunlu-cocuk-davasinda-tanik-tartismasi","status":"publish","type":"post","link":"https:\/\/mersinekonomipolitikagazetesi.com\/?p=6039","title":{"rendered":"\u00dcrd\u00fcnl\u00fc \u00e7ocuk davas\u0131nda &#8216;tan\u0131k&#8217; tart\u0131\u015fmas\u0131"},"content":{"rendered":"<div><span style=\"font-size: 12px;\">Mersin&#8217;de bir sitede \u00e7ocuklar aras\u0131nda \u00e7\u0131kan tart\u0131\u015fma sonras\u0131 \u00dcrd\u00fcnl\u00fc 5 ya\u015f\u0131ndaki \u00e7ocu\u011fa tokat att\u0131\u011f\u0131 iddias\u0131yla yarg\u0131lanan san\u0131k, 4. kez hakim kar\u015f\u0131s\u0131na \u00e7\u0131kt\u0131. Duru\u015fmada iki taraf\u0131n avukatlar\u0131 ma\u011fdurun tan\u0131\u011f\u0131ndan dolay\u0131 tart\u0131\u015ft\u0131. San\u0131k avukat\u0131 tan\u0131\u011fa m\u00fcdahale edilerek, s\u00f6ylemedi\u011fi s\u00f6zlerin s\u00f6yletildi\u011fini iddia ederken, ma\u011fdur avukat\u0131 da iddialar\u0131 kabul etmeyerek, sadece tan\u0131\u011f\u0131n s\u00f6zlerinin zapta yanl\u0131\u015f ge\u00e7mesinden dolay\u0131 d\u00fczeltmek amac\u0131yla konu\u015ftu\u011funu s\u00f6yledi.\u00a0\u00a0<\/span><\/div>\n<div><span style=\"font-size: 12px;\">\u00a0 21. Asliye Ceza Mahkemesindeki davan\u0131n 4. duru\u015fmas\u0131na \u00dcrd\u00fcnl\u00fc aile, tan\u0131klar ve taraf avukatlar\u0131 kat\u0131ld\u0131. Duru\u015fmada ma\u011fdurun tan\u0131\u011f\u0131 olan Monera Alokla dinlendi. Ma\u011fdur \u00e7ocu\u011fun teyzesi de olan Alokla, her hafta cumartesi g\u00fcnleri ailenin bir b\u00fcy\u00fc\u011f\u00fcnde topland\u0131klar\u0131n\u0131 belirterek, &#8220;O g\u00fcn de biz ablamlarda olay\u0131n oldu\u011funu yerdeydik. Sedra erkek karde\u015fini almak i\u00e7in a\u015fa\u011f\u0131 indi. O s\u0131rada san\u0131\u011f\u0131n e\u015fiyle tart\u0131\u015fmaya ba\u015flad\u0131. Bir s\u00fcre sonra olay yerine gelen Nadir, hi\u00e7bir \u015fey anlamadan, dinlemeden \u00e7ocu\u011fa vurdu, Sedra&#8217;y\u0131 itekledi. Ard\u0131ndan san\u0131\u011f\u0131n e\u015fi yukar\u0131dan bizim g\u00f6r\u00fcnt\u00fc \u00e7ekti\u011fimizi g\u00f6r\u00fcnce e\u015fine s\u00f6yledi ve o da evi ta\u015flamaya ba\u015flad\u0131. Olay\u0131n ard\u0131ndan san\u0131k Sedra&#8217;n\u0131n \u00fczerine y\u00fcr\u00fcd\u00fc ama ye\u011fenim hemen yukar\u0131 \u00e7\u0131kt\u0131&#8221; dedi.\u00a0<\/span><\/div>\n<div><span style=\"font-size: 12px;\">\u00a0<\/span><\/div>\n<div><span style=\"font-size: 12px;\">\u00a0 Tan\u0131k tart\u0131\u015fmas\u0131\u00a0<\/span><\/div>\n<div><span style=\"font-size: 12px;\">\u00a0 Tan\u0131k dinleme s\u0131ras\u0131nda 2 taraf avukat\u0131 aras\u0131nda tart\u0131\u015fma ya\u015fand\u0131. San\u0131k avukat\u0131, b\u00f6yle bir tan\u0131k dinlemesinin kabul edilmemesi gerekti\u011fini belirterek, &#8220;5 ki\u015fi birden sanki ifade veriyor. Tan\u0131\u011f\u0131n s\u00f6ylemedi\u011fi \u015feyler d\u0131\u015far\u0131dan m\u00fcdahale edilerek s\u00f6yletiliyor. Bu tan\u0131k dinleme yasas\u0131na ayk\u0131r\u0131d\u0131r ve kesinlikle kabul edilmemesi gerekir. Olay kamera g\u00f6r\u00fcnt\u00fcleriyle ortadad\u0131r. Onun d\u0131\u015f\u0131ndaki hi\u00e7bir su\u00e7lamalar\u0131 kabul etmiyoruz. M\u00fcvekkilimin beraatine karar verilmesini istiyoruz&#8221; \u015feklinde konu\u015ftu.\u00a0\u00a0<\/span><\/div>\n<div><span style=\"font-size: 12px;\">\u00a0 Ma\u011fdur avukat\u0131 da tan\u0131\u011fa herhangi bir m\u00fcdahalelerinin olmad\u0131\u011f\u0131n\u0131 vurgulayarak, &#8220;Yeminli terc\u00fcman \u00e7eviriyi yapmaktad\u0131r. Herkesin g\u00f6z\u00fc \u00f6n\u00fcnde olan bir \u015feye m\u00fcdahale etme \u015fans\u0131m\u0131z yoktur. Biz sadece tan\u0131\u011f\u0131n s\u00f6yledi\u011fi s\u00f6zlerin ve yaz\u0131lan baz\u0131 isim yanl\u0131\u015flar\u0131n\u0131 d\u00fczeltilmesi i\u00e7in s\u00f6z ald\u0131k. Hakk\u0131m\u0131zdaki m\u00fcdahale iddialar\u0131n\u0131 kesinlikle kabul etmiyoruz. Biz beyanlar\u0131m\u0131z\u0131 daha \u00f6nce s\u00f6yledik. San\u0131ktan \u015fikayet\u00e7iyiz ve gereken cezay\u0131 almas\u0131n\u0131 talep ediyoruz&#8221; ifadelerini kulland\u0131.\u00a0<\/span><\/div>\n<div><span style=\"font-size: 12px;\">\u00a0 Mahkeme heyeti, duru\u015fman\u0131n hakiminin izinde olmas\u0131ndan dolay\u0131 esasa ili\u015fkin karar\u0131 onun vermesi i\u00e7in duru\u015fmay\u0131 9 Mart tarihine erteledi.\u00a0<\/span><\/div>\n<div><span style=\"font-size: 12px;\">\u00a0<\/span><\/div>\n<div><span style=\"font-size: 12px;\">\u00a0 Olay\u0131n ge\u00e7mi\u015fi\u00a0<\/span><\/div>\n<div><span style=\"font-size: 12px;\">\u00a0 Mersin&#8217;in merkez Mezitli il\u00e7esindeki bir sitenin bah\u00e7esinde oynayan \u00e7ocuklar aras\u0131nda tart\u0131\u015fma \u00e7\u0131km\u0131\u015f, tart\u0131\u015fma sonras\u0131 Nadir K. 5 ya\u015f\u0131ndaki \u00dcrd\u00fcn vatanda\u015f\u0131 A.K.&#8217;yi tokatlayarak yere devirmi\u015fti. Sosyal medyada yer alan olaya ili\u015fkin g\u00f6r\u00fcnt\u00fcler ise b\u00fcy\u00fck tepki \u00e7ekmi\u015fti. G\u00f6r\u00fcnt\u00fclerin ortaya \u00e7\u0131kmas\u0131n\u0131n ard\u0131ndan g\u00f6zalt\u0131na al\u0131nan zanl\u0131 hakk\u0131nda \u00f6nce ev hapsi karar\u0131 verilmi\u015f, ard\u0131ndan Mersin Cumhuriyet Ba\u015fsavc\u0131l\u0131\u011f\u0131n\u0131n itiraz\u0131 \u00fczerine tutuklanm\u0131\u015ft\u0131. 40 g\u00fcn cezaevinde kalan Nadir K., 2. duru\u015fmada tutuksuz yarg\u0131lanmak \u00fczere tahliye edilmi\u015fti.\u00a0<\/span><\/div>\n","protected":false},"excerpt":{"rendered":"<p>Mersin&#8217;de bir sitede \u00e7ocuklar aras\u0131nda \u00e7\u0131kan tart\u0131\u015fma sonras\u0131 \u00dcrd\u00fcnl\u00fc 5 ya\u015f\u0131ndaki \u00e7ocu\u011fa tokat att\u0131\u011f\u0131 iddias\u0131yla yarg\u0131lanan san\u0131k, 4. kez hakim kar\u015f\u0131s\u0131na \u00e7\u0131kt\u0131. Duru\u015fmada iki taraf\u0131n avukatlar\u0131 ma\u011fdurun tan\u0131\u011f\u0131ndan dolay\u0131 tart\u0131\u015ft\u0131. &hellip; <a href=\"https:\/\/mersinekonomipolitikagazetesi.com\/?p=6039\" class=\"more-link\">Devam\u0131n\u0131 Oku&#8230;<\/a><\/p>\n","protected":false},"author":1,"featured_media":0,"comment_status":"open","ping_status":"open","sticky":false,"template":"","format":"standard","meta":[],"categories":[],"tags":[],"_links":{"self":[{"href":"https:\/\/mersinekonomipolitikagazetesi.com\/index.php?rest_route=\/wp\/v2\/posts\/6039"}],"collection":[{"href":"https:\/\/mersinekonomipolitikagazetesi.com\/index.php?rest_route=\/wp\/v2\/posts"}],"about":[{"href":"https:\/\/mersinekonomipolitikagazetesi.com\/index.php?rest_route=\/wp\/v2\/types\/post"}],"author":[{"embeddable":true,"href":"https:\/\/mersinekonomipolitikagazetesi.com\/index.php?rest_route=\/wp\/v2\/users\/1"}],"replies":[{"embeddable":true,"href":"https:\/\/mersinekonomipolitikagazetesi.com\/index.php?rest_route=%2Fwp%2Fv2%2Fcomments&post=6039"}],"version-history":[{"count":0,"href":"https:\/\/mersinekonomipolitikagazetesi.com\/index.php?rest_route=\/wp\/v2\/posts\/6039\/revisions"}],"wp:attachment":[{"href":"https:\/\/mersinekonomipolitikagazetesi.com\/index.php?rest_route=%2Fwp%2Fv2%2Fmedia&parent=6039"}],"wp:term":[{"taxonomy":"category","embeddable":true,"href":"https:\/\/mersinekonomipolitikagazetesi.com\/index.php?rest_route=%2Fwp%2Fv2%2Fcategories&post=6039"},{"taxonomy":"post_tag","embeddable":true,"href":"https:\/\/mersinekonomipolitikagazetesi.com\/index.php?rest_route=%2Fwp%2Fv2%2Ftags&post=6039"}],"curies":[{"name":"wp","href":"https:\/\/api.w.org\/{rel}","templated":true}]}}