{"id":6040,"date":"2020-11-04T18:26:28","date_gmt":"2020-11-04T15:26:28","guid":{"rendered":"http:\/\/mersinekonomipolitikagazetesi.com\/?p=6040"},"modified":"2020-11-04T18:26:28","modified_gmt":"2020-11-04T15:26:28","slug":"vali-su-sehit-emrah-sahinin-mevlitine-katildi","status":"publish","type":"post","link":"https:\/\/mersinekonomipolitikagazetesi.com\/?p=6040","title":{"rendered":"Vali Su, \u015eehit Emrah \u015eahin\u2019in mevlitine kat\u0131ld\u0131"},"content":{"rendered":"<div><span style=\"font-size: 12px;\">\u00a0Mersin Valisi Ali \u0130hsan Su, Mardin\u2019in Darge\u00e7it il\u00e7esinde 2 Mart 2016 tarihinde b\u00f6l\u00fcc\u00fc ter\u00f6r \u00f6rg\u00fct\u00fcne y\u00f6nelik d\u00fczenlenen operasyonda \u015fehit olan Jandarma \u00d6zel Harekat Komando \u00dcste\u011fmen Emrah \u015eahin\u2019in \u015fehadetinin 4\u2019\u00fcnc\u00fc y\u0131l\u0131 dolay\u0131s\u0131yla d\u00fczenlenen mevlite kat\u0131ld\u0131.\u00a0<\/span><\/div>\n<div><span style=\"font-size: 12px;\">\u00a0 Yunus Emre K\u00fclt\u00fcr Merkezinde d\u00fczenlenen programa Vali Su\u2019nun yan\u0131 s\u0131ra Akdeniz B\u00f6lge ve Garnizon Komutan\u0131 Tu\u011famiral Ercan Kire\u00e7tepe, Mersin Milletvekili Hac\u0131 \u00d6zkan, Akdeniz Kaymakam\u0131 Muhittin Pamuk, Toroslar Kaymakam\u0131 Ahmet Hikmet \u015eahin, il protokol\u00fc, sivil toplum kurulu\u015flar\u0131n\u0131n temsilcileri, \u015fehidin ailesi ve yak\u0131nlar\u0131 ile vatanda\u015flar kat\u0131ld\u0131.\u00a0<\/span><\/div>\n<div><span style=\"font-size: 12px;\">\u00a0 Vali Su\u2019nun \u015eehit Emrah \u015eahin\u2019in ailesiyle yak\u0131ndan ilgilendi\u011fi program, Kur\u2019an-\u0131 Kerim tilavetinin ard\u0131ndan Mevlid-i \u015eerif okunmas\u0131 ve \u015fehidin ruhuna dua edilmesiyle sona erdi.\u00a0<\/span><\/div>\n","protected":false},"excerpt":{"rendered":"<p>\u00a0Mersin Valisi Ali \u0130hsan Su, Mardin\u2019in Darge\u00e7it il\u00e7esinde 2 Mart 2016 tarihinde b\u00f6l\u00fcc\u00fc ter\u00f6r \u00f6rg\u00fct\u00fcne y\u00f6nelik d\u00fczenlenen operasyonda \u015fehit olan Jandarma \u00d6zel Harekat Komando \u00dcste\u011fmen Emrah \u015eahin\u2019in \u015fehadetinin 4\u2019\u00fcnc\u00fc y\u0131l\u0131 &hellip; <a href=\"https:\/\/mersinekonomipolitikagazetesi.com\/?p=6040\" class=\"more-link\">Devam\u0131n\u0131 Oku&#8230;<\/a><\/p>\n","protected":false},"author":1,"featured_media":0,"comment_status":"open","ping_status":"open","sticky":false,"template":"","format":"standard","meta":[],"categories":[],"tags":[],"_links":{"self":[{"href":"https:\/\/mersinekonomipolitikagazetesi.com\/index.php?rest_route=\/wp\/v2\/posts\/6040"}],"collection":[{"href":"https:\/\/mersinekonomipolitikagazetesi.com\/index.php?rest_route=\/wp\/v2\/posts"}],"about":[{"href":"https:\/\/mersinekonomipolitikagazetesi.com\/index.php?rest_route=\/wp\/v2\/types\/post"}],"author":[{"embeddable":true,"href":"https:\/\/mersinekonomipolitikagazetesi.com\/index.php?rest_route=\/wp\/v2\/users\/1"}],"replies":[{"embeddable":true,"href":"https:\/\/mersinekonomipolitikagazetesi.com\/index.php?rest_route=%2Fwp%2Fv2%2Fcomments&post=6040"}],"version-history":[{"count":0,"href":"https:\/\/mersinekonomipolitikagazetesi.com\/index.php?rest_route=\/wp\/v2\/posts\/6040\/revisions"}],"wp:attachment":[{"href":"https:\/\/mersinekonomipolitikagazetesi.com\/index.php?rest_route=%2Fwp%2Fv2%2Fmedia&parent=6040"}],"wp:term":[{"taxonomy":"category","embeddable":true,"href":"https:\/\/mersinekonomipolitikagazetesi.com\/index.php?rest_route=%2Fwp%2Fv2%2Fcategories&post=6040"},{"taxonomy":"post_tag","embeddable":true,"href":"https:\/\/mersinekonomipolitikagazetesi.com\/index.php?rest_route=%2Fwp%2Fv2%2Ftags&post=6040"}],"curies":[{"name":"wp","href":"https:\/\/api.w.org\/{rel}","templated":true}]}}