{"id":6041,"date":"2020-11-04T18:26:28","date_gmt":"2020-11-04T15:26:28","guid":{"rendered":"http:\/\/mersinekonomipolitikagazetesi.com\/?p=6041"},"modified":"2020-11-04T18:26:28","modified_gmt":"2020-11-04T15:26:28","slug":"ortak-bildiride-saldiriyi-kinayan-kiziltan-uzuluruz-ama-hep-ayakta-kaliriz","status":"publish","type":"post","link":"https:\/\/mersinekonomipolitikagazetesi.com\/?p=6041","title":{"rendered":"Ortak bildiride sald\u0131r\u0131y\u0131 k\u0131nayan K\u0131z\u0131ltan:  \u00dcz\u00fcl\u00fcr\u00fcz ama hep ayakta kal\u0131r\u0131z"},"content":{"rendered":"<div><span style=\"font-size: 12px;\">Mersin, Suriye \u0130dlib\u2019de d\u00fczenlenen hain sald\u0131r\u0131 sonucu \u015fehit d\u00fc\u015fen T\u00fcrk askerlerinin \u015fehit edilmesi kar\u015f\u0131s\u0131nda yek y\u00fcrek oldu. Mersin Ticaret ve Sanayi Odas\u0131 (MTSO) ba\u015fta olmak \u00fczere T\u00fcrkiye Odalar ve Borsalar Birli\u011fine (TOBB) ba\u011fl\u0131\u00a0 oda, sendika, sivil toplum kurulu\u015fu, dernek ve meslek \u00f6rg\u00fctleri ortak bildiri ile sald\u0131r\u0131y\u0131 k\u0131nad\u0131.<\/span><\/div>\n<div>\u00a0<\/div>\n<div><span style=\"font-size: 12px;\">\u00a0<\/span><\/div>\n<div>\u00a0<\/div>\n<div><span style=\"font-size: 12px;\">\u201c\u00dcz\u00fcl\u00fcr\u00fcz ama biz \u00fclke olarak hep ayakta kal\u0131r\u0131z.\u201d<\/span><\/div>\n<div>\u00a0<\/div>\n<div><span style=\"font-size: 12px;\">\u00a0<\/span><\/div>\n<div>\u00a0<\/div>\n<div><span style=\"font-size: 12px;\">Son zamanlarda \u00fclkenin zor g\u00fcnler ge\u00e7irdi\u011fine vurgu yapan ve ortak bildiriyi okuyan Mersin Ticaret ve Sanayi Odas\u0131 Ba\u015fkan\u0131 Ayhan K\u0131z\u0131ltan, \u201c\u00dcz\u00fcl\u00fcr\u00fcz ama biz \u00fclke olarak hep ayakta kal\u0131r\u0131z. Mersin zor g\u00fcnlerde hep birlikte m\u00fccadele eder. Bizim b\u00f6l\u00fcnmez b\u00fct\u00fcnl\u00fc\u011f\u00fcm\u00fcz\u00fc, birlikteli\u011fimizi ve bundan ald\u0131\u011f\u0131m\u0131z g\u00fcc\u00fc b\u00fct\u00fcn d\u00fcnyaya g\u00f6sterecektir bu birlikteli\u011fimiz. Milli duygular\u0131m\u0131z\u0131n doru\u011fa \u00e7\u0131kt\u0131\u011f\u0131 bir g\u00fcn bug\u00fcn. \u00dclkemiz bug\u00fcne kadar oldu\u011fu gibi bundan sonra da T\u00fcrk toplumunun deste\u011fi ve g\u00fcc\u00fcyle her t\u00fcrl\u00fc zorlu\u011fun \u00fcstesinden gelecektir.\u201d diye konu\u015ftu.<\/span><\/div>\n<div>\u00a0<\/div>\n<div><span style=\"font-size: 12px;\">\u00a0<\/span><\/div>\n<div>\u00a0<\/div>\n<div><span style=\"font-size: 12px;\">\u201cKahraman askerlerimizin ruhlar\u0131 \u015fad olsun\u201d<\/span><\/div>\n<div>\u00a0<\/div>\n<div><span style=\"font-size: 12px;\">\u00a0<\/span><\/div>\n<div>\u00a0<\/div>\n<div><span style=\"font-size: 12px;\">81 ilde T\u00fcrkiye\u2019nin \u00f6nde gelen 30\u2019a yak\u0131n meslek \u00f6rg\u00fct\u00fc, sendika konfederasyonu ve sivil toplum kurulu\u015funun, hep birlikte bu a\u00e7\u0131klamay\u0131 yapt\u0131\u011f\u0131n\u0131 belirten K\u0131z\u0131ltan, \u201cBizler, her kritik d\u00f6nemde milletimizin ve devletimizin yan\u0131nda durduk. \u00dcstlendi\u011fimiz sorumlulu\u011fun hakk\u0131n\u0131 vererek hareket ettik. Bug\u00fcn de \u0130dlib\u2019de ger\u00e7ekle\u015fen hain sald\u0131r\u0131ya ili\u015fkin, ortak tepkimizi g\u00f6steriyoruz. \u00d6ncelikle vatan\u0131n huzuru, g\u00fcvenli\u011fi ve mazlumlar\u0131 m\u00fcdafaa etmek \u00fczere \u00fcstlendikleri g\u00f6revde \u015fehit olan t\u00fcm kahraman askerlerimizin ruhlar\u0131 \u015fad olsun, Rabbim \u015fehitlerimizin mekan\u0131n\u0131 cennet eylesin; yak\u0131nlar\u0131na sab\u0131r ve metanet, yaral\u0131lar\u0131m\u0131za acil \u015fifalar nasip eylesin. Milletimizin ba\u015f\u0131 sa\u011f olsun\u201d dedi.<\/span><\/div>\n<div>\u00a0<\/div>\n<div><span style=\"font-size: 12px;\">\u00a0<\/span><\/div>\n<div>\u00a0<\/div>\n<div><span style=\"font-size: 12px;\">\u00a0<\/span><\/div>\n<div>\u00a0<\/div>\n<div><span style=\"font-size: 12px;\">\u201cRejime kar\u015f\u0131 sessiz kalmam\u0131z beklenemez\u201d<\/span><\/div>\n<div>\u00a0<\/div>\n<div><span style=\"font-size: 12px;\">\u00a0<\/span><\/div>\n<div>\u00a0<\/div>\n<div><span style=\"font-size: 12px;\">T\u00fcrk askerlerinin \u0130dlib\u2019de, hem \u00fclke s\u0131n\u0131rlar\u0131n\u0131 hem de mazlumlar\u0131 korudu\u011funa vurgu yapan K\u0131z\u0131ltan, \u201cSuriye\u2019de ya\u015fanan zul\u00fcmlere, y\u00fcz binlerce sivilin zalimce katledilmesine, milyonlar\u0131n evinden, topra\u011f\u0131ndan s\u00fcr\u00fclmesine d\u00fcnya sessiz kald\u0131. T\u00fcrkiye\u2019nin bar\u0131\u015f ve huzur odakl\u0131 \u00e7abalar\u0131ysa ne yaz\u0131k ki, pek \u00e7ok \u00fclkede kar\u015f\u0131l\u0131k g\u00f6rmedi. Buradan tekrar sesleniyoruz. Kar\u015f\u0131m\u0131zda, insanl\u0131ktan nasibini almam\u0131\u015f, t\u00fcm ahlaki, insani ve dini de\u011ferleri hi\u00e7e sayan, kendi yurtta\u015flar\u0131n\u0131 bile topraklar\u0131ndan eden, canlar\u0131na kasteden zihniyete sahip bir rejim bulunuyor. Suriye\u2019yi her ge\u00e7en g\u00fcn daha da a\u011f\u0131r bir y\u0131k\u0131ma s\u00fcr\u00fckl\u00fcyor. Rejim g\u00fc\u00e7leri son olarak da yap\u0131lan anla\u015fmalara uymayarak, askerlerimizi kalle\u015f\u00e7e pusuya d\u00fc\u015f\u00fcrd\u00fc. Bu sald\u0131r\u0131 asla kabul edilemez. Masum insanlar\u0131 katleden ve \u00fclkemizin g\u00fcvenli\u011fine de a\u00e7\u0131k tehdit olu\u015fturan bu rejim unsurlar\u0131na kar\u015f\u0131 sessiz kalmam\u0131z beklenemez. Tarihi ve k\u00fclt\u00fcrel ba\u011flar\u0131m\u0131z bulunan, rejimin zulm\u00fcnden ka\u00e7an Suriyeli karde\u015flerimizin ya\u015fama hakk\u0131n\u0131 korumak tarihi, insan\u0131 ve vicdani sorumlulu\u011fumuzdur\u201d diye ifade etti.<\/span><\/div>\n<div>\u00a0<\/div>\n<div><span style=\"font-size: 12px;\">\u00a0<\/span><\/div>\n<div>\u00a0<\/div>\n<div><span style=\"font-size: 12px;\">\u00a0<\/span><\/div>\n<div>\u00a0<\/div>\n<div><span style=\"font-size: 12px;\">\u00a0<\/span><\/div>\n<div>\u00a0<\/div>\n<div><span style=\"font-size: 12px;\">\u201cAl\u0131nacak her karar\u0131n, at\u0131lacak her ad\u0131m\u0131n arkas\u0131nday\u0131z\u201d<\/span><\/div>\n<div>\u00a0<\/div>\n<div><span style=\"font-size: 12px;\">\u00a0<\/span><\/div>\n<div>\u00a0<\/div>\n<div><span style=\"font-size: 12px;\">\u00a0 T\u00fcrk devletinin ve ordusunun, bug\u00fcne kadar, F\u0131rat Kalkan\u0131, Zeytin Dal\u0131 ve Bar\u0131\u015f P\u0131nar\u0131 harekatlar\u0131yla ter\u00f6r \u00f6rg\u00fctlerine ve destek\u00e7ilerine gereken cevab\u0131 en g\u00fc\u00e7l\u00fc \u015fekilde verdi\u011fini dile getiren K\u0131z\u0131ltan, \u201cElbette bu ac\u0131mas\u0131z sald\u0131r\u0131n\u0131n sahipleri bunun bedelini \u00f6deyecektir. Bahar Kalkan\u0131 harekat\u0131yla da bu bedeli \u00f6demeye ba\u015flam\u0131\u015flard\u0131r. \u015eunu da herkes bilsin ki biz her t\u00fcrl\u00fc zorlu\u011fu a\u015fmas\u0131n\u0131 bilen bir milletiz. Mevzubahis vatan olunca, t\u00fcm siyasi ve fikri ayr\u0131l\u0131klar\u0131 bir tarafta b\u0131rak\u0131r\u0131z. \u0130\u015fte \u015fimdi de birlik ve beraberlik i\u00e7inde hareket ediyor, sab\u0131r ve dayan\u0131\u015fma g\u00f6steriyoruz. \u00dclkemizin menfaatlerini her \u015feyin \u00fcst\u00fcnde tutuyoruz. Bug\u00fcn her zamankinden daha g\u00fc\u00e7l\u00fc \u015fekilde biriz, b\u00fct\u00fcn\u00fcz ve birlikteyiz. T\u00fcrkiye\u2019nin t\u00fcm kesimlerini temsil eden mesleki ve sivil toplum \u00f6rg\u00fctleri olarak, bayra\u011f\u0131m\u0131z\u0131n alt\u0131nda kenetlendik. Katil rejime kar\u015f\u0131 kararl\u0131 \u015fekilde m\u00fccadele eden devletimizin ve kahraman ordumuzun yan\u0131nday\u0131z. Al\u0131nacak her karar\u0131n, at\u0131lacak her ad\u0131m\u0131n arkas\u0131nday\u0131z. Cenab\u0131 Hak \u00fclkemizi korusun, milletimizin birli\u011fini ve dirli\u011fini muhafaza etsin, ordumuzu muzaffer k\u0131ls\u0131n.\u201d dedi.<\/span><\/div>\n","protected":false},"excerpt":{"rendered":"<p>Mersin, Suriye \u0130dlib\u2019de d\u00fczenlenen hain sald\u0131r\u0131 sonucu \u015fehit d\u00fc\u015fen T\u00fcrk askerlerinin \u015fehit edilmesi kar\u015f\u0131s\u0131nda yek y\u00fcrek oldu. Mersin Ticaret ve Sanayi Odas\u0131 (MTSO) ba\u015fta olmak \u00fczere T\u00fcrkiye Odalar ve Borsalar &hellip; <a href=\"https:\/\/mersinekonomipolitikagazetesi.com\/?p=6041\" class=\"more-link\">Devam\u0131n\u0131 Oku&#8230;<\/a><\/p>\n","protected":false},"author":1,"featured_media":0,"comment_status":"open","ping_status":"open","sticky":false,"template":"","format":"standard","meta":[],"categories":[],"tags":[],"_links":{"self":[{"href":"https:\/\/mersinekonomipolitikagazetesi.com\/index.php?rest_route=\/wp\/v2\/posts\/6041"}],"collection":[{"href":"https:\/\/mersinekonomipolitikagazetesi.com\/index.php?rest_route=\/wp\/v2\/posts"}],"about":[{"href":"https:\/\/mersinekonomipolitikagazetesi.com\/index.php?rest_route=\/wp\/v2\/types\/post"}],"author":[{"embeddable":true,"href":"https:\/\/mersinekonomipolitikagazetesi.com\/index.php?rest_route=\/wp\/v2\/users\/1"}],"replies":[{"embeddable":true,"href":"https:\/\/mersinekonomipolitikagazetesi.com\/index.php?rest_route=%2Fwp%2Fv2%2Fcomments&post=6041"}],"version-history":[{"count":0,"href":"https:\/\/mersinekonomipolitikagazetesi.com\/index.php?rest_route=\/wp\/v2\/posts\/6041\/revisions"}],"wp:attachment":[{"href":"https:\/\/mersinekonomipolitikagazetesi.com\/index.php?rest_route=%2Fwp%2Fv2%2Fmedia&parent=6041"}],"wp:term":[{"taxonomy":"category","embeddable":true,"href":"https:\/\/mersinekonomipolitikagazetesi.com\/index.php?rest_route=%2Fwp%2Fv2%2Fcategories&post=6041"},{"taxonomy":"post_tag","embeddable":true,"href":"https:\/\/mersinekonomipolitikagazetesi.com\/index.php?rest_route=%2Fwp%2Fv2%2Ftags&post=6041"}],"curies":[{"name":"wp","href":"https:\/\/api.w.org\/{rel}","templated":true}]}}