{"id":6043,"date":"2020-11-04T18:26:28","date_gmt":"2020-11-04T15:26:28","guid":{"rendered":"http:\/\/mersinekonomipolitikagazetesi.com\/?p=6043"},"modified":"2020-11-04T18:26:28","modified_gmt":"2020-11-04T15:26:28","slug":"630-yillik-caminin-restorasyonu-iki-yilda-tamamlanamadi","status":"publish","type":"post","link":"https:\/\/mersinekonomipolitikagazetesi.com\/?p=6043","title":{"rendered":"630 y\u0131ll\u0131k caminin restorasyonu iki y\u0131lda tamamlanamad\u0131"},"content":{"rendered":"<div><span style=\"font-size: 12px;\">Mersin\u2019in Mut il\u00e7esinde 630 y\u0131ll\u0131k tarihi Laal Pa\u015fa Camii\u2019nin restorasyonunun 2 y\u0131l\u0131 ge\u00e7mesine ra\u011fmen tamamlanmad\u0131.\u00a0<\/span><\/div>\n<div><span style=\"font-size: 12px;\">\u00a0 Vak\u0131flar B\u00f6lge M\u00fcd\u00fcrl\u00fc\u011f\u00fcnce restorasyonuna 5 May\u0131s 2017 tarihinde ba\u015flan\u0131p 5 Nisan 2019 tarihinde bitmesi gereken Laal Pa\u015fa Camii&#8217;nin restorasyonunun hala bitirilememesi y\u00f6re halk\u0131n\u0131n tepkisine neden oldu.\u00a0<\/span><\/div>\n<div><span style=\"font-size: 12px;\">\u00a0 Mut Kaymakam\u0131 Muammer K\u00f6ken, g\u00f6reve ba\u015flamadan \u00f6nce restorasyon ihalesini alan m\u00fcteahhidin i\u015ften vazge\u00e7mek istedi\u011fini \u00f6\u011frendi\u011fini belirterek, &#8220;Bitirece\u011fi s\u00fcre\u00e7 az kald\u0131\u011f\u0131 i\u00e7in Vak\u0131flar B\u00f6lge M\u00fcd\u00fcrl\u00fc\u011f\u00fc de sen yapmaya devam et biz seni te\u015fvik edelim. Yard\u0131mc\u0131 olal\u0131m demi\u015f. Ek s\u00fcrede verilmi\u015f. M\u00fcteahhit g\u00f6r\u00fcn\u00fc\u015fe g\u00f6re iyi niyetli de\u011fil galiba. M\u00fcft\u00fc beyin bana s\u00f6yledi\u011fi gibi Vak\u0131flar B\u00f6lge M\u00fcd\u00fcrl\u00fc\u011f\u00fc m\u00fcteahhidin cezas\u0131n\u0131 kesip, s\u00f6zle\u015fmesini fesh edip kendisi yapacak. Ramazan&#8217;a yeti\u015ftirilmesi i\u00e7in biz de \u00e7aba harc\u0131yoruz&#8221; dedi.\u00a0<\/span><\/div>\n<div><span style=\"font-size: 12px;\">\u00a0 Laal Pa\u015fa Camii, Karamano\u011fullar\u0131 \u0130brahim Bey\u2019in emirleri ile Laal Pa\u015fa taraf\u0131ndan yapt\u0131r\u0131ld\u0131. Kare planl\u0131 ve orta kubbeli olan cami d\u00fczg\u00fcn kesme ta\u015flarla in\u015fa edildi. Kitabesine g\u00f6re iki defa onar\u0131m g\u00f6ren caminin bah\u00e7esinde 2 adet t\u00fcrbe bulunuyor. K\u00fcmbetlerin birinde 3 adet, di\u011ferinde ise 4 adet mezar yer al\u0131yor. Evliya \u00c7elebi Seyahat-Namesi\u2019ne g\u00f6re Laal Pa\u015fa bu k\u00fcmbetlerin birisinde yat\u0131yor.\u00a0<\/span><\/div>\n","protected":false},"excerpt":{"rendered":"<p>Mersin\u2019in Mut il\u00e7esinde 630 y\u0131ll\u0131k tarihi Laal Pa\u015fa Camii\u2019nin restorasyonunun 2 y\u0131l\u0131 ge\u00e7mesine ra\u011fmen tamamlanmad\u0131.\u00a0 \u00a0 Vak\u0131flar B\u00f6lge M\u00fcd\u00fcrl\u00fc\u011f\u00fcnce restorasyonuna 5 May\u0131s 2017 tarihinde ba\u015flan\u0131p 5 Nisan 2019 tarihinde bitmesi &hellip; <a href=\"https:\/\/mersinekonomipolitikagazetesi.com\/?p=6043\" class=\"more-link\">Devam\u0131n\u0131 Oku&#8230;<\/a><\/p>\n","protected":false},"author":1,"featured_media":0,"comment_status":"open","ping_status":"open","sticky":false,"template":"","format":"standard","meta":[],"categories":[],"tags":[],"_links":{"self":[{"href":"https:\/\/mersinekonomipolitikagazetesi.com\/index.php?rest_route=\/wp\/v2\/posts\/6043"}],"collection":[{"href":"https:\/\/mersinekonomipolitikagazetesi.com\/index.php?rest_route=\/wp\/v2\/posts"}],"about":[{"href":"https:\/\/mersinekonomipolitikagazetesi.com\/index.php?rest_route=\/wp\/v2\/types\/post"}],"author":[{"embeddable":true,"href":"https:\/\/mersinekonomipolitikagazetesi.com\/index.php?rest_route=\/wp\/v2\/users\/1"}],"replies":[{"embeddable":true,"href":"https:\/\/mersinekonomipolitikagazetesi.com\/index.php?rest_route=%2Fwp%2Fv2%2Fcomments&post=6043"}],"version-history":[{"count":0,"href":"https:\/\/mersinekonomipolitikagazetesi.com\/index.php?rest_route=\/wp\/v2\/posts\/6043\/revisions"}],"wp:attachment":[{"href":"https:\/\/mersinekonomipolitikagazetesi.com\/index.php?rest_route=%2Fwp%2Fv2%2Fmedia&parent=6043"}],"wp:term":[{"taxonomy":"category","embeddable":true,"href":"https:\/\/mersinekonomipolitikagazetesi.com\/index.php?rest_route=%2Fwp%2Fv2%2Fcategories&post=6043"},{"taxonomy":"post_tag","embeddable":true,"href":"https:\/\/mersinekonomipolitikagazetesi.com\/index.php?rest_route=%2Fwp%2Fv2%2Ftags&post=6043"}],"curies":[{"name":"wp","href":"https:\/\/api.w.org\/{rel}","templated":true}]}}