{"id":6051,"date":"2020-11-04T18:26:30","date_gmt":"2020-11-04T15:26:30","guid":{"rendered":"http:\/\/mersinekonomipolitikagazetesi.com\/?p=6051"},"modified":"2020-11-04T18:26:30","modified_gmt":"2020-11-04T15:26:30","slug":"silifkede-meyve-festivali","status":"publish","type":"post","link":"https:\/\/mersinekonomipolitikagazetesi.com\/?p=6051","title":{"rendered":"Silifke\u2019de meyve festivali"},"content":{"rendered":"<div><span style=\"font-size: 12px;\">Mersin&#8217;in Silifke il\u00e7esindeki bir ilkokulda d\u00fczenlenen meyve festivalinde, C vitaminin faydalar\u0131 anlat\u0131ld\u0131.\u00a0 \u00a0<\/span><\/div>\n<div><span style=\"font-size: 12px;\">\u00a0 Atayurt ilkokulunda d\u00fczenlenen etkinlikte, \u00f6\u011frenciler aras\u0131nda portakal yeme ve portakal s\u0131kma yar\u0131\u015fmalar\u0131 yap\u0131ld\u0131. C vitamininin \u00f6nemi \u00e7ocuklara anlat\u0131l\u0131rken, k\u0131\u015f g\u00fcn\u00fcnde meyve yemenin, taze s\u0131k\u0131lm\u0131\u015f meyve suyu i\u00e7menin faydalar\u0131 anlat\u0131ld\u0131.\u00a0<\/span><\/div>\n<div><span style=\"font-size: 12px;\">\u00a0 Etkinli\u011fin, &#8216;beslenme dostu okullar&#8217; program\u0131 kapsam\u0131nda d\u00fczenlendi\u011fini belirten Silifke \u0130l\u00e7e Milli E\u011fitim M\u00fcd\u00fcr\u00fc \u015eerafettin \u00c7ift\u00e7i, &#8220;&#8216;Sa\u011fl\u0131kl\u0131 okul&#8217; projesi kapsam\u0131nda \u00e7ocuklar\u0131m\u0131za vitaminli meyve al\u0131\u015fkanl\u0131\u011f\u0131 kazand\u0131rmak i\u00e7in okul y\u00f6netimi ve \u00f6\u011fretmenlerimizle b\u00f6yle bir karar al\u0131p, bu etkinli\u011fi d\u00fczenledik. \u00c7ocuklar\u0131m\u0131za meyve al\u0131\u015fkanl\u0131\u011f\u0131 kazand\u0131rmay\u0131 ama\u00e7l\u0131yoruz. Okul y\u00f6netimi, \u00f6\u011fretmenlerimiz ve okulumuzun de\u011ferli velilerinin katk\u0131lar\u0131yla b\u00f6yle g\u00fczel bir etkinlik meydana getirildi. Etkinlikte meyveler tek tek s\u0131k\u0131larak minik \u00f6\u011frencilere ikram edildi. \u00c7ocuklar\u0131m\u0131z\u0131 hastal\u0131ktan korumak en b\u00fcy\u00fck hedefimizdir&#8221; dedi.\u00a0<\/span><\/div>\n","protected":false},"excerpt":{"rendered":"<p>Mersin&#8217;in Silifke il\u00e7esindeki bir ilkokulda d\u00fczenlenen meyve festivalinde, C vitaminin faydalar\u0131 anlat\u0131ld\u0131.\u00a0 \u00a0 \u00a0 Atayurt ilkokulunda d\u00fczenlenen etkinlikte, \u00f6\u011frenciler aras\u0131nda portakal yeme ve portakal s\u0131kma yar\u0131\u015fmalar\u0131 yap\u0131ld\u0131. C vitamininin \u00f6nemi &hellip; <a href=\"https:\/\/mersinekonomipolitikagazetesi.com\/?p=6051\" class=\"more-link\">Devam\u0131n\u0131 Oku&#8230;<\/a><\/p>\n","protected":false},"author":1,"featured_media":0,"comment_status":"open","ping_status":"open","sticky":false,"template":"","format":"standard","meta":[],"categories":[],"tags":[],"_links":{"self":[{"href":"https:\/\/mersinekonomipolitikagazetesi.com\/index.php?rest_route=\/wp\/v2\/posts\/6051"}],"collection":[{"href":"https:\/\/mersinekonomipolitikagazetesi.com\/index.php?rest_route=\/wp\/v2\/posts"}],"about":[{"href":"https:\/\/mersinekonomipolitikagazetesi.com\/index.php?rest_route=\/wp\/v2\/types\/post"}],"author":[{"embeddable":true,"href":"https:\/\/mersinekonomipolitikagazetesi.com\/index.php?rest_route=\/wp\/v2\/users\/1"}],"replies":[{"embeddable":true,"href":"https:\/\/mersinekonomipolitikagazetesi.com\/index.php?rest_route=%2Fwp%2Fv2%2Fcomments&post=6051"}],"version-history":[{"count":0,"href":"https:\/\/mersinekonomipolitikagazetesi.com\/index.php?rest_route=\/wp\/v2\/posts\/6051\/revisions"}],"wp:attachment":[{"href":"https:\/\/mersinekonomipolitikagazetesi.com\/index.php?rest_route=%2Fwp%2Fv2%2Fmedia&parent=6051"}],"wp:term":[{"taxonomy":"category","embeddable":true,"href":"https:\/\/mersinekonomipolitikagazetesi.com\/index.php?rest_route=%2Fwp%2Fv2%2Fcategories&post=6051"},{"taxonomy":"post_tag","embeddable":true,"href":"https:\/\/mersinekonomipolitikagazetesi.com\/index.php?rest_route=%2Fwp%2Fv2%2Ftags&post=6051"}],"curies":[{"name":"wp","href":"https:\/\/api.w.org\/{rel}","templated":true}]}}