{"id":6052,"date":"2020-11-04T18:26:30","date_gmt":"2020-11-04T15:26:30","guid":{"rendered":"http:\/\/mersinekonomipolitikagazetesi.com\/?p=6052"},"modified":"2020-11-04T18:26:30","modified_gmt":"2020-11-04T15:26:30","slug":"nazim-evrenden-ikinci-kitap-citaya-hayatinin-dersi","status":"publish","type":"post","link":"https:\/\/mersinekonomipolitikagazetesi.com\/?p=6052","title":{"rendered":"NAZIM EVREN\u2019DEN \u0130K\u0130NC\u0130 K\u0130TAP  \u2018\u00c7itaya Hayat\u0131n\u0131n Dersi\u2019"},"content":{"rendered":"<div><span style=\"font-size: 12px;\">10 Ya\u015f\u0131nda kitap yazan Naz\u0131m Evren Hizmet\u00e7i ikinci kitab\u0131n\u0131 da tamamlad\u0131. \u0130lk kitab\u0131 desteklerle haz\u0131rlanan Naz\u0131m\u2019\u0131n ikinci kitab\u0131n\u0131n ad\u0131 \u2018\u00c7itaya Hayat\u0131n\u0131n Dersi\u2019 oldu.<\/span><\/div>\n<div>\u00a0<\/div>\n<div><span style=\"font-size: 12px;\">Tarsus Hasan Karamehmet \u0130lkokulu\u2019nda 4\u2019\u00fcnc\u00fc s\u0131n\u0131fta okuyan Naz\u0131m Evren Hizmet\u00e7i, \u2018Kep\u00e7e Kulakl\u0131 Ke\u00e7i\u2019 eseriyle herkesi \u015fa\u015f\u0131rtm\u0131\u015ft\u0131. Naz\u0131m\u2019\u0131n yazmay\u0131 sevmesi ve yetene\u011fi hayallerini ger\u00e7ekle\u015ftirmeye devam etmesine neden oldu. \u0130kinci kitab\u0131n\u0131 yazan Naz\u0131m eserine \u2018\u00c7itaya Hayat\u0131n\u0131n Dersi\u2019 ad\u0131n\u0131 verdi. Okul etkinliklerinde dikkat \u00e7eken Naz\u0131m yazmaktan zevk ald\u0131\u011f\u0131n\u0131 ve devam edece\u011fini belirtti.<\/span><\/div>\n<div>\u00a0<\/div>\n<div><span style=\"font-size: 12px;\">Ailesi ba\u015far\u0131lar\u0131na destek oluyor<\/span><\/div>\n<div>\u00a0<\/div>\n<div><span style=\"font-size: 12px;\">\u0130lk eserinin ders ve at\u00f6lye sonucu ortaya \u00e7\u0131kt\u0131\u011f\u0131n\u0131 belirten ve kitap yazma yetene\u011finin sonradan ke\u015ffedildi\u011fini vurgulayan anne G\u00fcl Hizmet\u00e7i, ailesi olarak daha \u00f6nce bu yetene\u011finin bilinmedi\u011fini s\u00f6yleyerek, \u201cNaz\u0131m bir\u00e7ok kez d\u00fc\u015f\u00fcncelere dalarak hayal d\u00fcnyas\u0131nda kurgular geli\u015ftiriyor. 2 yada 3 ay \u00f6ncesinde s\u0131n\u0131f \u00f6\u011fretmenleri hikaye yazmalar\u0131 gerekti\u011fini s\u00f6yleyerek bir yazarl\u0131k yar\u0131\u015fmas\u0131 oldu\u011funu dile getirmi\u015fti. Bizler bu etkinlik sonras\u0131 Naz\u0131m Evren\u2019i ke\u015ffettik.\u201d diye konu\u015fmu\u015ftu.<\/span><\/div>\n<div>\u00a0<\/div>\n<div><span style=\"font-size: 12px;\">Etkinlik sonucunda ortaya \u00e7\u0131kt\u0131<\/span><\/div>\n<div>\u00a0<\/div>\n<div><span style=\"font-size: 12px;\">S\u0131n\u0131fta ger\u00e7ekle\u015ftirilen etkinlik sonras\u0131nda yazd\u0131\u011f\u0131 kitap ile \u00f6\u011fretmenini etkileyen 10 ya\u015f\u0131ndaki Naz\u0131m Evren yazd\u0131\u011f\u0131 fabl t\u00fcr\u00fc \u00f6yk\u00fc ile herkesi \u015fa\u015f\u0131rtt\u0131. Kep\u00e7e Kulakl\u0131 Ke\u00e7i ile\u00a0 ders veren ve arkada\u015flar\u0131na \u00f6rnek olan Naz\u0131m Evren \u00f6\u011fretmeninin s\u00fcrpriz bir \u015fekilde \u00e7ok be\u011fendi\u011fi yaz\u0131y\u0131 kitap haline getirdi. Yazd\u0131\u011f\u0131 yaz\u0131n\u0131n kitap olarak ortaya konulmas\u0131 ailede ve kendisinde heyecana neden oldu. Naz\u0131m Evren Hizmet\u00e7i\u2019nin \u00f6\u011fretmeni Hakan Yapar ise, \u201cNaz\u0131m Evren \u00e7ok ba\u015far\u0131l\u0131 ve zeki bir \u00e7ocuk. Edebiyat ve bilim konular\u0131nda ise \u00f6zellikle ba\u015far\u0131l\u0131. \u0130sterim ki her zaman g\u00fczel eserler ortaya koysun.\u201d diyerek destek olduklar\u0131n\u0131 belirtmi\u015fti.<\/span><\/div>\n<div>\u00a0<\/div>\n<div><span style=\"font-size: 12px;\">\u00d6\u011fretmenleri destek vermi\u015fti<\/span><\/div>\n<div>\u00a0<\/div>\n<div><span style=\"font-size: 12px;\">Tarsus Hasan Karamehmet \u0130lkokulu M\u00fcd\u00fcr\u00fc Hasan Do\u011fan da Naz\u0131m Evren Hizmet\u00e7i\u2019ye s\u00fcrpriz yaparak, \u2018Kep\u00e7e Kulakl\u0131 Ke\u00e7i\u2019 kitab\u0131na sponsor olarak 1000 adet bast\u0131rm\u0131\u015f ve karne hediyesi olarak b\u00fct\u00fcn \u00e7ocuklara da\u011f\u0131tarak desteklemi\u015ft<\/span><\/div>\n","protected":false},"excerpt":{"rendered":"<p>10 Ya\u015f\u0131nda kitap yazan Naz\u0131m Evren Hizmet\u00e7i ikinci kitab\u0131n\u0131 da tamamlad\u0131. \u0130lk kitab\u0131 desteklerle haz\u0131rlanan Naz\u0131m\u2019\u0131n ikinci kitab\u0131n\u0131n ad\u0131 \u2018\u00c7itaya Hayat\u0131n\u0131n Dersi\u2019 oldu. \u00a0 Tarsus Hasan Karamehmet \u0130lkokulu\u2019nda 4\u2019\u00fcnc\u00fc s\u0131n\u0131fta &hellip; <a href=\"https:\/\/mersinekonomipolitikagazetesi.com\/?p=6052\" class=\"more-link\">Devam\u0131n\u0131 Oku&#8230;<\/a><\/p>\n","protected":false},"author":1,"featured_media":0,"comment_status":"open","ping_status":"open","sticky":false,"template":"","format":"standard","meta":[],"categories":[],"tags":[],"_links":{"self":[{"href":"https:\/\/mersinekonomipolitikagazetesi.com\/index.php?rest_route=\/wp\/v2\/posts\/6052"}],"collection":[{"href":"https:\/\/mersinekonomipolitikagazetesi.com\/index.php?rest_route=\/wp\/v2\/posts"}],"about":[{"href":"https:\/\/mersinekonomipolitikagazetesi.com\/index.php?rest_route=\/wp\/v2\/types\/post"}],"author":[{"embeddable":true,"href":"https:\/\/mersinekonomipolitikagazetesi.com\/index.php?rest_route=\/wp\/v2\/users\/1"}],"replies":[{"embeddable":true,"href":"https:\/\/mersinekonomipolitikagazetesi.com\/index.php?rest_route=%2Fwp%2Fv2%2Fcomments&post=6052"}],"version-history":[{"count":0,"href":"https:\/\/mersinekonomipolitikagazetesi.com\/index.php?rest_route=\/wp\/v2\/posts\/6052\/revisions"}],"wp:attachment":[{"href":"https:\/\/mersinekonomipolitikagazetesi.com\/index.php?rest_route=%2Fwp%2Fv2%2Fmedia&parent=6052"}],"wp:term":[{"taxonomy":"category","embeddable":true,"href":"https:\/\/mersinekonomipolitikagazetesi.com\/index.php?rest_route=%2Fwp%2Fv2%2Fcategories&post=6052"},{"taxonomy":"post_tag","embeddable":true,"href":"https:\/\/mersinekonomipolitikagazetesi.com\/index.php?rest_route=%2Fwp%2Fv2%2Ftags&post=6052"}],"curies":[{"name":"wp","href":"https:\/\/api.w.org\/{rel}","templated":true}]}}