{"id":6053,"date":"2020-11-04T18:26:30","date_gmt":"2020-11-04T15:26:30","guid":{"rendered":"http:\/\/mersinekonomipolitikagazetesi.com\/?p=6053"},"modified":"2020-11-04T18:26:30","modified_gmt":"2020-11-04T15:26:30","slug":"beyaz-miting-cozum-olmazsa-saglik-calisanlari-17-nisanda-is-birakacaklar","status":"publish","type":"post","link":"https:\/\/mersinekonomipolitikagazetesi.com\/?p=6053","title":{"rendered":"BEYAZ M\u0130T\u0130NG \u00c7\u00d6Z\u00dcM OLMAZSA SA\u011eLIK \u00c7ALI\u015eANLARI   17 N\u0130SAN\u2019DA \u0130\u015e BIRAKACAKLAR"},"content":{"rendered":"<div><span style=\"font-size: 12px;\">Mersin Tabip Odas\u0131 Ankara\u2019da ger\u00e7ekle\u015fecek \u2018B\u00fcy\u00fck Beyaz Mitingi\u2019 i\u00e7in a\u00e7\u0131klamalar\u0131na devam ediyor. Sa\u011fl\u0131kta \u015fiddetin engellenmesi gerekti\u011fini vurgulayan Mersin Tabip Odas\u0131 Ba\u015fkan\u0131 Mehmet Antmen, \u201cSorunlar\u0131m\u0131za bir \u00e7\u00f6z\u00fcm \u00fcretilemezse 17 Nisan\u2019da t\u00fcm T\u00fcrkiye\u2019de eczaneler hari\u00e7 i\u015f b\u0131rakma etkinli\u011fi yap\u0131lacak\u201d dedi. A\u00e7\u0131klama Mersin Tabip Odas\u0131,\u00a0 Mersin Eczac\u0131 Odas\u0131, Ses Mersin \u015eubesi, MAHDER, Birinci Basamak Sa\u011fl\u0131k \u00c7al\u0131\u015fanlar\u0131 Birlik Dayan\u0131\u015fma Sendikas\u0131 ad\u0131na ger\u00e7ekle\u015ftirildi.\u00a0<\/span><\/div>\n<div>\u00a0<\/div>\n<div><span style=\"font-size: 12px;\">Sa\u011fl\u0131kta \u015fiddet ortam\u0131n\u0131n 20 y\u0131la yak\u0131n bir s\u00fcredir s\u00fcren sa\u011fl\u0131kta d\u00f6n\u00fc\u015f\u00fcm ile artt\u0131\u011f\u0131n\u0131 daha \u00f6nce defalarca anlatmaya \u00e7al\u0131\u015ft\u0131klar\u0131n\u0131 belirten Antmen,\u00a0 \u201c\u00dclkemizde gerek genel anlamda \u015fiddet ve gerekse de sa\u011fl\u0131kta \u015fiddet bitmek bilmiyor. Belki biz yeterince anlatamad\u0131k, belki idareciler bizi duymazdan geldiler ve bug\u00fcne dek bu konu ile ilgili hi\u00e7bir \u00f6nlem al\u0131nmad\u0131. Bu nedenlerle; Ba\u015fta, her g\u00fcn ortalama 40 sa\u011fl\u0131k \u00e7al\u0131\u015fan\u0131n\u0131n ya\u015fad\u0131\u011f\u0131 fiziksel, psikolojik ve s\u00f6zel \u015fiddetin sona ermesini, TBMM\u2019de bekleyen \u2018Sa\u011fl\u0131kta \u015fiddeti \u00f6nleme yasa tasar\u0131s\u0131n\u0131n\u2019 yasala\u015fmas\u0131n\u0131, yeni \u00f6l\u00fcmler ya\u015fanmadan \u00f6nerdi\u011fimiz acil tedbirlerin al\u0131nmas\u0131n\u0131 sa\u011flamak i\u00e7in; Her ge\u00e7en g\u00fcn de\u011fersizle\u015ftirilen ve piyasan\u0131n s\u0131radan bir unsuru, maliyet kalemi haline getirilmeye \u00e7al\u0131\u015f\u0131lan eme\u011fimizin kar\u015f\u0131l\u0131\u011f\u0131n\u0131 alabilmek i\u00e7in, Hekim, di\u015f hekimi, eczac\u0131, veteriner, psikolog, biyolog, hem\u015fire, laborant, sosyal hizmet uzman\u0131, diyetisyen, sa\u011fl\u0131k memuru, ebe, acil t\u0131p teknisyeni, anestezi teknisyeni, radyoloji teknisyeni, \u00e7evre sa\u011fl\u0131\u011f\u0131 teknisyeni, onkoloji teknisyeni, optisyen, fizyoterapist, aile sa\u011fl\u0131\u011f\u0131 \u00e7al\u0131\u015fan\u0131, t\u0131bbi sekreter ve sa\u011fl\u0131k hizmet sunumunda yer al\u0131p burada ad\u0131n\u0131 anamad\u0131\u011f\u0131m\u0131z b\u00fct\u00fcn mesai arkada\u015flar\u0131m\u0131zla ve sa\u011fl\u0131k hakk\u0131na sahip \u00e7\u0131k\u0131p, sa\u011fl\u0131ktaki \u015fiddetin kendisine ve hastas\u0131na da zarar verdi\u011fini d\u00fc\u015f\u00fcnen yurtta\u015flar\u0131m\u0131zla birlikte 15 Mart Pazar g\u00fcn\u00fc Ankara\u2019da beyaz miting\u2019 de bulu\u015faca\u011f\u0131z.\u201d diye konu\u015ftu.<\/span><\/div>\n<div>\u00a0<\/div>\n<div><span style=\"font-size: 12px;\">\u00c7\u00f6z\u00fcm olmazsa 17 Nisan\u2019da i\u015f b\u0131rakma etkinli\u011fi yap\u0131lacak<\/span><\/div>\n<div>\u00a0<\/div>\n<div><span style=\"font-size: 12px;\">Ankara\u2019da ger\u00e7ekle\u015fecek \u2018Beyaz Miting\u2019e ra\u011fmen sorunlar\u0131m\u0131za bir \u00e7\u00f6z\u00fcm \u00fcretilemezse 17 Nisan\u2019da t\u00fcm T\u00fcrkiye\u2019de eczaneler hari\u00e7 i\u015f b\u0131rakma etkinli\u011fi yap\u0131laca\u011f\u0131n\u0131 s\u00f6yleyen Antmen, \u201cBizler bug\u00fcne dek bu a\u00e7\u0131klamalar\u0131 de\u011fi\u015fik hastanelerde yapt\u0131k ve her seferinde ayr\u0131 konulara de\u011finmeye \u00e7al\u0131\u015ft\u0131k. Bug\u00fcn bu a\u00e7\u0131klamay\u0131 burada yapmam\u0131z\u0131n nedeni de \u015fehir hastanelerinin sorunlar\u0131na bir kez daha dikkat \u00e7ekmektir. Zira \u015eehir hastaneleri hem \u00e7al\u0131\u015fanlar i\u00e7in, hem halk\u0131m\u0131z i\u00e7in sorun \u00fcretmeye devam etmektedir. \u00c7al\u0131\u015fanlar t\u00fckenmi\u015flik sendromu ya\u015famaya, sorunlarla ba\u015f edememeye ve i\u015f g\u00fcvenceleri a\u00e7\u0131s\u0131ndan ciddi kayg\u0131lar ta\u015f\u0131maya devam ederken, halk\u0131n sa\u011fl\u0131k hakk\u0131na ula\u015f\u0131m\u0131 da her ge\u00e7en g\u00fcn biraz daha zorla\u015fmaktad\u0131r.\u201d \u015feklinde konu\u015ftu.<\/span><\/div>\n<div>\u00a0<\/div>\n<div><span style=\"font-size: 12px;\">\u201c\u015eehir hastaneleri ihale \u015fartnameleri kamuoyuyla payla\u015f\u0131lmal\u0131\u201d<\/span><\/div>\n<div>\u00a0<\/div>\n<div><span style=\"font-size: 12px;\">\u015eehir Hastaneleri i\u00e7in \u00f6nlemlerin bir an \u00f6nce al\u0131nmas\u0131n\u0131 talep ettiklerini vurgulayan Antmen, \u201cHastanelerdeki \u00e7al\u0131\u015fma ortamlar\u0131 bir an \u00f6nce d\u00fczeltilmeli. Bug\u00fcne kadar a\u00e7\u0131lan \u015fehir hastaneleri sa\u011fl\u0131k bakanl\u0131\u011f\u0131na devredilmeli, yap\u0131m a\u015famas\u0131nda olan K\u00d6\u0130 finansmanl\u0131 hastanelerin genel b\u00fct\u00e7eden finanse edilmesi sa\u011flanmal\u0131d\u0131r. \u015eehir hastanelerinin ba\u015flang\u0131c\u0131ndan bu yana ger\u00e7ekle\u015ftirilen t\u00fcm kamu zararlar\u0131 talep edilmeli, \u015fehir hastaneleri ihale \u015fartnameleri kamuoyuyla payla\u015f\u0131lmal\u0131 ve\u00a0 d\u00fcnyada reddedilen b\u00fcy\u00fck \u00f6l\u00e7ekli hastane yap\u0131m\u0131ndan vazge\u00e7ilmelidir. Kapat\u0131lan hastanelerin tekrar hizmete a\u00e7\u0131lmas\u0131 i\u00e7in \u00e7al\u0131\u015fmalar ba\u015flat\u0131lmal\u0131, yeni a\u00e7\u0131lacak hastaneler halk\u0131n kolayca sa\u011fl\u0131k hizmetine ula\u015faca\u011f\u0131 yerlere yap\u0131lmal\u0131 ve bu s\u00fcre\u00e7te b\u00fcy\u00fck zarar g\u00f6ren uzmanl\u0131k e\u011fitimlerinin telafisi biran \u00f6nce sa\u011flanmal\u0131d\u0131r.\u201d ifadelerini kulland\u0131.<\/span><\/div>\n","protected":false},"excerpt":{"rendered":"<p>Mersin Tabip Odas\u0131 Ankara\u2019da ger\u00e7ekle\u015fecek \u2018B\u00fcy\u00fck Beyaz Mitingi\u2019 i\u00e7in a\u00e7\u0131klamalar\u0131na devam ediyor. Sa\u011fl\u0131kta \u015fiddetin engellenmesi gerekti\u011fini vurgulayan Mersin Tabip Odas\u0131 Ba\u015fkan\u0131 Mehmet Antmen, \u201cSorunlar\u0131m\u0131za bir \u00e7\u00f6z\u00fcm \u00fcretilemezse 17 Nisan\u2019da t\u00fcm &hellip; <a href=\"https:\/\/mersinekonomipolitikagazetesi.com\/?p=6053\" class=\"more-link\">Devam\u0131n\u0131 Oku&#8230;<\/a><\/p>\n","protected":false},"author":1,"featured_media":0,"comment_status":"open","ping_status":"open","sticky":false,"template":"","format":"standard","meta":[],"categories":[],"tags":[],"_links":{"self":[{"href":"https:\/\/mersinekonomipolitikagazetesi.com\/index.php?rest_route=\/wp\/v2\/posts\/6053"}],"collection":[{"href":"https:\/\/mersinekonomipolitikagazetesi.com\/index.php?rest_route=\/wp\/v2\/posts"}],"about":[{"href":"https:\/\/mersinekonomipolitikagazetesi.com\/index.php?rest_route=\/wp\/v2\/types\/post"}],"author":[{"embeddable":true,"href":"https:\/\/mersinekonomipolitikagazetesi.com\/index.php?rest_route=\/wp\/v2\/users\/1"}],"replies":[{"embeddable":true,"href":"https:\/\/mersinekonomipolitikagazetesi.com\/index.php?rest_route=%2Fwp%2Fv2%2Fcomments&post=6053"}],"version-history":[{"count":0,"href":"https:\/\/mersinekonomipolitikagazetesi.com\/index.php?rest_route=\/wp\/v2\/posts\/6053\/revisions"}],"wp:attachment":[{"href":"https:\/\/mersinekonomipolitikagazetesi.com\/index.php?rest_route=%2Fwp%2Fv2%2Fmedia&parent=6053"}],"wp:term":[{"taxonomy":"category","embeddable":true,"href":"https:\/\/mersinekonomipolitikagazetesi.com\/index.php?rest_route=%2Fwp%2Fv2%2Fcategories&post=6053"},{"taxonomy":"post_tag","embeddable":true,"href":"https:\/\/mersinekonomipolitikagazetesi.com\/index.php?rest_route=%2Fwp%2Fv2%2Ftags&post=6053"}],"curies":[{"name":"wp","href":"https:\/\/api.w.org\/{rel}","templated":true}]}}