{"id":6054,"date":"2020-11-04T18:26:30","date_gmt":"2020-11-04T15:26:30","guid":{"rendered":"http:\/\/mersinekonomipolitikagazetesi.com\/?p=6054"},"modified":"2020-11-04T18:26:30","modified_gmt":"2020-11-04T15:26:30","slug":"2012-2017-yillari-arasi-8023-isci-hayatini-kaybetti","status":"publish","type":"post","link":"https:\/\/mersinekonomipolitikagazetesi.com\/?p=6054","title":{"rendered":"2012 2017 y\u0131llar\u0131 aras\u0131 8023 i\u015f\u00e7i hayat\u0131n\u0131 kaybetti"},"content":{"rendered":"<div><span style=\"font-size: 12px;\">T\u00fcrk M\u00fchendis ve Mimar Odalar\u0131 Birli\u011fi (TMMOB), 3 Mart \u201c\u0130\u015f Cinayetlerine Kar\u015f\u0131 M\u00fccadele G\u00fcn\u00fc\u201d dolay\u0131s\u0131yla bas\u0131n a\u00e7\u0131klamas\u0131 ger\u00e7ekle\u015ftirdi.<\/span><\/div>\n<div>\u00a0<\/div>\n<div><span style=\"font-size: 12px;\">2020\u2019ler T\u00fcrkiye\u2019sinde emek\u00e7ilerin, i\u015fyerlerinde can vermeye devam etti\u011fi vurgulanan a\u00e7\u0131klamada, her y\u0131l, Kozlu facias\u0131nda kaybetti\u011fimiz yurtta\u015flar\u0131m\u0131z\u0131n en az 6 kat\u0131 i\u015f cinayetlerinde hayat\u0131n\u0131 kaybetti\u011fi ifade edildi.\u00a0<\/span><\/div>\n<div><span style=\"font-size: 12px;\">T\u00fcrk M\u00fchendis ve Mimar Odalar\u0131 Birli\u011fi (TMMOB) Ba\u015fak\u0131n Seyfettin Atar, \u201c\u0130\u015fyerlerinde insanlar \u00f6l\u00fcyor,\u00a0 i\u015fverenler ve devlet \u00f6l\u00fcmleri seyrediyor.\u00a0 \u00d6nlem almayan i\u015fverenlere yapt\u0131r\u0131m uygulanm\u0131yor, i\u015fyerleri y\u0131llard\u0131r, i\u015f\u00e7i sa\u011fl\u0131\u011f\u0131, i\u015f g\u00fcvenli\u011fi y\u00f6n\u00fcnden denetlenmedi\u011fi gibi, \u00f6l\u00fcml\u00fc i\u015f kazalar\u0131n\u0131n oldu\u011fu i\u015fyerlerinde, i\u015f kazalar\u0131n\u0131 incelemek \u00fczere bile i\u015f m\u00fcfetti\u015fi g\u00f6revlendirmiyor. Her g\u00fcn en az 5 i\u015f\u00e7inin i\u015fyerlerinde i\u015f cinayetlerinde hayat\u0131n\u0131 kaybetmesi art\u0131k haber niteli\u011fi bile ta\u015f\u0131m\u0131yor. H\u00fck\u00fcmet yetkililerinin i\u015f cinayetleri ile ilgisi ba\u015f sa\u011fl\u0131\u011f\u0131 dilemenin \u00f6tesine ge\u00e7miyor.\u201d \u015feklinde konu\u015ftu.\u00a0<\/span><\/div>\n<div><span style=\"font-size: 12px;\">\u00dclkemizde i\u015f kazas\u0131 ve meslek hastal\u0131klar\u0131na ili\u015fkin istatistikler SGK taraf\u0131ndan tutularak kamuoyu ile payla\u015f\u0131lmakta oldu\u011funu s\u00f6yleyen Atar, \u201cEn son 2017 y\u0131llar\u0131na ili\u015fkin veriler a\u00e7\u0131klanm\u0131\u015ft\u0131r. 2020 y\u0131l\u0131 Mart ay\u0131na gelinmi\u015f olmas\u0131na ra\u011fmen 2018 ve 2019 y\u0131llar\u0131na ait veriler kamuoyu ile payla\u015f\u0131lmam\u0131\u015ft\u0131r.\u00a0<\/span><\/div>\n<div><span style=\"font-size: 12px;\">SGK taraf\u0131ndan 2017 y\u0131l\u0131na kadar a\u00e7\u0131klanan istatistiklere g\u00f6re, 2012 y\u0131l\u0131nda 74.871 kazada 744 emek\u00e7i, 2013 y\u0131l\u0131nda 191.389 kazada 1.360 emek\u00e7i, 2014 y\u0131l\u0131nda 221.336 kazada 1.626 emek\u00e7i, 2015 y\u0131l\u0131nda 241.547 kazada 1.252 emek\u00e7i, 2016 y\u0131l\u0131nda 286.068 kazada 1.405 emek\u00e7i, 2017 y\u0131l\u0131nda 359.766 kazada 1.636 emek\u00e7i, i\u015f cinayetlerinde hayat\u0131n\u0131 kaybetti.\u201d dedi.<\/span><\/div>\n<div><span style=\"font-size: 12px;\">Atar \u015f\u00f6yle devam etti;\u00a0<\/span><\/div>\n<div><span style=\"font-size: 12px;\">\u201c2017 y\u0131l\u0131nda bir \u00f6nceki y\u0131la g\u00f6re i\u015f kazas\u0131 say\u0131s\u0131 y\u00fczde 25 oran\u0131nda, i\u015f kazalar\u0131 sonucu \u00f6l\u00fcm y\u00fczde 16 oran\u0131nda artm\u0131\u015ft\u0131r. 2017 y\u0131l\u0131na kadar a\u00e7\u0131klanan rakamlar\u0131n seyrine bakt\u0131\u011f\u0131m\u0131zda hen\u00fcz a\u00e7\u0131klanmam\u0131\u015f 2018 ve 2019 verileri korku uyand\u0131rmaktad\u0131r. Bu verilerin SGK taraf\u0131ndan a\u00e7\u0131klanamamas\u0131n\u0131n sebebi nedir? \u00dclkemizde emek\u00e7ilerinin hayatlar\u0131n\u0131n \u00f6nleyici \u00e7al\u0131\u015fmalardan daha ucuz oldu\u011fu kamuoyundan gizlenmek mi istenmektedir? Bir kez daha Sosyal G\u00fcvenlik Kurumu\u2019nu g\u00f6reve, emek\u00e7ilerin hayat\u0131n\u0131 ilgilendiren bu bilgileri kamuoyu ile payla\u015fmaya davet ediyoruz!\u201d<\/span><\/div>\n<div><span style=\"font-size: 12px;\">2012 y\u0131l\u0131nda, \u201ci\u015f sa\u011fl\u0131\u011f\u0131 g\u00fcvenli\u011finde devrim\u201d s\u00f6ylemleri ile 6331 say\u0131l\u0131 \u0130\u015f Sa\u011fl\u0131\u011f\u0131 G\u00fcvenli\u011fi Kanunu \u00e7\u0131kart\u0131ld\u0131\u011f\u0131n\u0131 ifade eden Atar, \u201c2012 y\u0131l\u0131ndan bu yana i\u015f kazalar\u0131 ve \u00f6l\u00fcmlerde azalma bir yana, hem kaza say\u0131s\u0131 hem de \u00f6l\u00fcmler artt\u0131. 6331 say\u0131l\u0131 \u0130\u015f Sa\u011fl\u0131\u011f\u0131 G\u00fcvenli\u011fi Yasas\u0131nda \u201d i\u015fyerlerinde i\u015f sa\u011fl\u0131\u011f\u0131 g\u00fcvenli\u011finin sa\u011flanmas\u0131 i\u015fveren y\u00fck\u00fcml\u00fcl\u00fc\u011f\u00fcndedir\u201d denilmesine ra\u011fmen,\u00a0 uygulamada i\u015f sa\u011fl\u0131\u011f\u0131 g\u00fcvenli\u011fi hizmetleri hem piyasala\u015ft\u0131r\u0131ld\u0131 hem de sorumluluk i\u015f g\u00fcvenli\u011fi uzmanlar\u0131n\u0131n omzuna y\u00fcklendi. Her kazadan sonra mutlaka i\u015f g\u00fcvenli\u011fi uzmanlar\u0131 g\u00f6zalt\u0131na al\u0131nd\u0131, hatta tutukland\u0131. Oysa 6331 say\u0131l\u0131 \u0130\u015f Sa\u011fl\u0131\u011f\u0131 ve G\u00fcvenli\u011fi Kanununun 8. Maddesinde de belirtildi\u011fi \u00fczere, i\u015f g\u00fcvenli\u011fi uzmanl\u0131\u011f\u0131 hizmeti \u201c\u0130\u015fverene i\u015f sa\u011fl\u0131\u011f\u0131 ve g\u00fcvenli\u011fi ile ilgili konularda rehberlik ve dan\u0131\u015fmanl\u0131k yapmak\u201d; yine Kanunun 6. Maddesi gerek\u00e7esinde belirtildi\u011fi \u00fczere de i\u015fverene \u201cprofesyonel yard\u0131m\u201d kapsam\u0131ndad\u0131r. Bu h\u00fck\u00fcmlere ra\u011fmen ikincil mevzuatta i\u015f g\u00fcvenli\u011fi uzman\u0131n\u0131n g\u00f6rev kapsam\u0131n\u0131 rehberlik d\u0131\u015f\u0131nda de\u011ferlendiren h\u00fck\u00fcmler de\u011fi\u015ftirilmelidir. \u0130\u015f G\u00fcvenli\u011fi Uzmanlar\u0131; i\u015fverenin yapmad\u0131\u011f\u0131 veya yapamad\u0131\u011f\u0131 \u00e7al\u0131\u015fmalar\u0131n takip\u00e7isi ve sorumlusu olmamal\u0131d\u0131r.<\/span><\/div>\n<div><span style=\"font-size: 12px;\">Bu anlay\u0131\u015fla, i\u015f g\u00fcvenli\u011fi uzmanlar\u0131 ve meslekta\u015flar\u0131m\u0131z\u0131n i\u015f yeri kaynakl\u0131 kazalara meslek ve hastal\u0131klar\u0131na yakalanmad\u0131\u011f\u0131n\u0131, etkilenmedi\u011fini d\u00fc\u015f\u00fcnmek, kamuoyuna b\u00f6yle yans\u0131mas\u0131na sebep olmak ak\u0131l d\u0131\u015f\u0131d\u0131r. \u0130\u015fverenin ihmali, devletin \u00fczerine d\u00fc\u015feni yapmamas\u0131 nedeniyle, uzmanlar ve meslekta\u015flar\u0131m\u0131z da t\u00fcm emek\u00e7ilerle ayn\u0131 kaderi payla\u015fmaktad\u0131r. Sadece bu y\u0131l bas\u0131na yans\u0131yan haberlerde meslekta\u015flar\u0131m\u0131z\u0131n y\u00fcksekten d\u00fc\u015fme, elektrik \u00e7arpmas\u0131, y\u00fck alt\u0131nda kalma, i\u015f makinesi alt\u0131na kalma, mekanik ar\u0131zalar sebebiyle ya\u015famlar\u0131n\u0131 kaybettiklerini, sakat kald\u0131klar\u0131n\u0131 g\u00f6rmekteyiz.\u201d \u015feklinde konu\u015ftu.<\/span><\/div>\n","protected":false},"excerpt":{"rendered":"<p>T\u00fcrk M\u00fchendis ve Mimar Odalar\u0131 Birli\u011fi (TMMOB), 3 Mart \u201c\u0130\u015f Cinayetlerine Kar\u015f\u0131 M\u00fccadele G\u00fcn\u00fc\u201d dolay\u0131s\u0131yla bas\u0131n a\u00e7\u0131klamas\u0131 ger\u00e7ekle\u015ftirdi. \u00a0 2020\u2019ler T\u00fcrkiye\u2019sinde emek\u00e7ilerin, i\u015fyerlerinde can vermeye devam etti\u011fi vurgulanan a\u00e7\u0131klamada, her &hellip; <a href=\"https:\/\/mersinekonomipolitikagazetesi.com\/?p=6054\" class=\"more-link\">Devam\u0131n\u0131 Oku&#8230;<\/a><\/p>\n","protected":false},"author":1,"featured_media":0,"comment_status":"open","ping_status":"open","sticky":false,"template":"","format":"standard","meta":[],"categories":[],"tags":[],"_links":{"self":[{"href":"https:\/\/mersinekonomipolitikagazetesi.com\/index.php?rest_route=\/wp\/v2\/posts\/6054"}],"collection":[{"href":"https:\/\/mersinekonomipolitikagazetesi.com\/index.php?rest_route=\/wp\/v2\/posts"}],"about":[{"href":"https:\/\/mersinekonomipolitikagazetesi.com\/index.php?rest_route=\/wp\/v2\/types\/post"}],"author":[{"embeddable":true,"href":"https:\/\/mersinekonomipolitikagazetesi.com\/index.php?rest_route=\/wp\/v2\/users\/1"}],"replies":[{"embeddable":true,"href":"https:\/\/mersinekonomipolitikagazetesi.com\/index.php?rest_route=%2Fwp%2Fv2%2Fcomments&post=6054"}],"version-history":[{"count":0,"href":"https:\/\/mersinekonomipolitikagazetesi.com\/index.php?rest_route=\/wp\/v2\/posts\/6054\/revisions"}],"wp:attachment":[{"href":"https:\/\/mersinekonomipolitikagazetesi.com\/index.php?rest_route=%2Fwp%2Fv2%2Fmedia&parent=6054"}],"wp:term":[{"taxonomy":"category","embeddable":true,"href":"https:\/\/mersinekonomipolitikagazetesi.com\/index.php?rest_route=%2Fwp%2Fv2%2Fcategories&post=6054"},{"taxonomy":"post_tag","embeddable":true,"href":"https:\/\/mersinekonomipolitikagazetesi.com\/index.php?rest_route=%2Fwp%2Fv2%2Ftags&post=6054"}],"curies":[{"name":"wp","href":"https:\/\/api.w.org\/{rel}","templated":true}]}}