{"id":6057,"date":"2020-11-04T18:26:30","date_gmt":"2020-11-04T15:26:30","guid":{"rendered":"http:\/\/mersinekonomipolitikagazetesi.com\/?p=6057"},"modified":"2020-11-04T18:26:30","modified_gmt":"2020-11-04T15:26:30","slug":"akdenizde-kadin-egitimleri-projesi-basliyor","status":"publish","type":"post","link":"https:\/\/mersinekonomipolitikagazetesi.com\/?p=6057","title":{"rendered":"Akdeniz&#8217;de &#8216;Kad\u0131n E\u011fitimleri Projesi&#8217; ba\u015fl\u0131yor"},"content":{"rendered":"<div><span style=\"font-size: 12px;\">Akdeniz Belediyesi ile T\u00fcrk Kad\u0131nlar Konseyi Derne\u011fi Mersin \u015eubesi aras\u0131nda, kad\u0131nlara y\u00f6nelik sa\u011fl\u0131k, hukuk ve psikoloji alanlar\u0131nda uzman ki\u015filer arac\u0131l\u0131\u011f\u0131yla konferanslar verilmesini kapsayan protokol imzaland\u0131.\u00a0 \u00a0<\/span><\/div>\n<div><span style=\"font-size: 12px;\">\u00a0 Protokol imza t\u00f6reninde konu\u015fan T\u00fcrk Kad\u0131nlar Konseyi Derne\u011fi Mersin \u015eube Ba\u015fkan\u0131 Belgin G\u00fcra\u011fa\u00e7, projenin sekiz haftal\u0131k uzun soluklu bir \u00e7al\u0131\u015fma olaca\u011f\u0131n\u0131 ifade ederek, \u201cKad\u0131n E\u011fitimleri Projesi\u2019 (KADEP) ad\u0131yla kad\u0131nlara y\u00f6nelik e\u011fitimler planlad\u0131k. Alan\u0131nda uzman ki\u015filer kad\u0131nlar\u0131m\u0131za \u00e7e\u015fitli e\u011fitim ve konferanslar verecek. Belediye Ba\u015fkan\u0131m\u0131z da bu konuda \u00e7ok duyarl\u0131. O nedenle ilk projemizi, Akdeniz Belediyesi ile ba\u015flatma karar\u0131 ald\u0131k&#8221; dedi.\u00a0<\/span><\/div>\n<div><span style=\"font-size: 12px;\">\u00a0 \u201cKad\u0131nlara y\u00f6nelik projelere b\u00fcy\u00fck \u00f6nem veriyoruz\u201d\u00a0<\/span><\/div>\n<div><span style=\"font-size: 12px;\">\u00a0 Akdeniz Belediye Ba\u015fkan\u0131 Mustafa G\u00fcltak ise T\u00fcrk Kad\u0131nlar Konseyi Derne\u011fi ile daha \u00f6nce de g\u00f6r\u00fc\u015fme yapt\u0131klar\u0131n\u0131 belirtti, kad\u0131n\u0131 \u00f6nemsediklerini ve kad\u0131n\u0131n toplumda \u00e7ok \u00f6nemli bir yeri oldu\u011funu s\u00f6yledi. \u201c\u0130mzalad\u0131\u011f\u0131m\u0131z protokolle, bundan sonra birlikte bir y\u00fcr\u00fcy\u00fc\u015f ger\u00e7ekle\u015ftirece\u011fiz\u201d diyen G\u00fcltak, \u201cMersin\u2019de belediyeler olarak, hen\u00fcz resmiyette olmasa dahi, ilk kez 2 kooperatif kuran bir belediyeyiz. Kad\u0131nlara y\u00f6nelik bu t\u00fcr proje ve \u00e7al\u0131\u015fmalar\u0131 ger\u00e7ekten \u00e7ok \u00f6nemsiyoruz. \u0130n\u015fallah hep beraber, Akdeniz\u2019in dezavantajl\u0131 b\u00f6lgelerinde ya\u015fayan kad\u0131nlara y\u00f6nelik \u00e7ok \u00f6nemli ve g\u00fczel projeler hayata ge\u00e7irece\u011fiz\u201d ifadelerini kulland\u0131.\u00a0<\/span><\/div>\n<div><span style=\"font-size: 12px;\">\u00a0 Konu\u015fmalar\u0131n ard\u0131ndan Ba\u015fkan G\u00fcltak ve Dernek Ba\u015fkan\u0131 Belgin G\u00fcra\u011fa\u00e7 aras\u0131nda protokol imzaland\u0131.\u00a0<\/span><\/div>\n","protected":false},"excerpt":{"rendered":"<p>Akdeniz Belediyesi ile T\u00fcrk Kad\u0131nlar Konseyi Derne\u011fi Mersin \u015eubesi aras\u0131nda, kad\u0131nlara y\u00f6nelik sa\u011fl\u0131k, hukuk ve psikoloji alanlar\u0131nda uzman ki\u015filer arac\u0131l\u0131\u011f\u0131yla konferanslar verilmesini kapsayan protokol imzaland\u0131.\u00a0 \u00a0 \u00a0 Protokol imza t\u00f6reninde &hellip; <a href=\"https:\/\/mersinekonomipolitikagazetesi.com\/?p=6057\" class=\"more-link\">Devam\u0131n\u0131 Oku&#8230;<\/a><\/p>\n","protected":false},"author":1,"featured_media":0,"comment_status":"open","ping_status":"open","sticky":false,"template":"","format":"standard","meta":[],"categories":[],"tags":[],"_links":{"self":[{"href":"https:\/\/mersinekonomipolitikagazetesi.com\/index.php?rest_route=\/wp\/v2\/posts\/6057"}],"collection":[{"href":"https:\/\/mersinekonomipolitikagazetesi.com\/index.php?rest_route=\/wp\/v2\/posts"}],"about":[{"href":"https:\/\/mersinekonomipolitikagazetesi.com\/index.php?rest_route=\/wp\/v2\/types\/post"}],"author":[{"embeddable":true,"href":"https:\/\/mersinekonomipolitikagazetesi.com\/index.php?rest_route=\/wp\/v2\/users\/1"}],"replies":[{"embeddable":true,"href":"https:\/\/mersinekonomipolitikagazetesi.com\/index.php?rest_route=%2Fwp%2Fv2%2Fcomments&post=6057"}],"version-history":[{"count":0,"href":"https:\/\/mersinekonomipolitikagazetesi.com\/index.php?rest_route=\/wp\/v2\/posts\/6057\/revisions"}],"wp:attachment":[{"href":"https:\/\/mersinekonomipolitikagazetesi.com\/index.php?rest_route=%2Fwp%2Fv2%2Fmedia&parent=6057"}],"wp:term":[{"taxonomy":"category","embeddable":true,"href":"https:\/\/mersinekonomipolitikagazetesi.com\/index.php?rest_route=%2Fwp%2Fv2%2Fcategories&post=6057"},{"taxonomy":"post_tag","embeddable":true,"href":"https:\/\/mersinekonomipolitikagazetesi.com\/index.php?rest_route=%2Fwp%2Fv2%2Ftags&post=6057"}],"curies":[{"name":"wp","href":"https:\/\/api.w.org\/{rel}","templated":true}]}}