{"id":6058,"date":"2020-11-04T18:26:30","date_gmt":"2020-11-04T15:26:30","guid":{"rendered":"http:\/\/mersinekonomipolitikagazetesi.com\/?p=6058"},"modified":"2020-11-04T18:26:30","modified_gmt":"2020-11-04T15:26:30","slug":"yesilbogaz-multecilerin-insanca-yasama-hakkina-saygi-gosterilmeli","status":"publish","type":"post","link":"https:\/\/mersinekonomipolitikagazetesi.com\/?p=6058","title":{"rendered":"Ye\u015filbo\u011faz: &#8220;M\u00fcltecilerin insanca ya\u015fama hakk\u0131na sayg\u0131 g\u00f6sterilmeli&#8221;"},"content":{"rendered":"<div><span style=\"font-size: 12px;\">Mersin Barosu Ba\u015fkan\u0131 Bilgin Ye\u015filbo\u011faz, Ortado\u011fu\u2019daki sava\u015flar\u0131n, d\u0131\u015f \u00fclkelerin deste\u011fiyle her ge\u00e7en g\u00fcn bir insanl\u0131k dram\u0131na sahne oldu\u011funu s\u00f6yledi.\u00a0 \u00a0<\/span><\/div>\n<div><span style=\"font-size: 12px;\">\u00a0 M\u00fcltecilerin ya\u015fad\u0131\u011f\u0131 insanl\u0131k dram\u0131n\u0131 de\u011ferlendiren Ye\u015filbo\u011faz, &#8220;Uzun s\u00fcreden beri s\u00fcrd\u00fcr\u00fclen gerek Ortado\u011fu\u2019daki sava\u015f, gerekse Suriye\u2019deki i\u00e7 sava\u015f, d\u0131\u015f \u00fclkelerin deste\u011fiyle her ge\u00e7en g\u00fcn bir insanl\u0131k dram\u0131na sahne olmaktad\u0131r. Bunun ac\u0131s\u0131n\u0131 maalesef i\u00e7 sava\u015flara s\u00fcr\u00fcklenen, yurdundan kopar\u0131lm\u0131\u015f \u00fclkenin kadim insanlar\u0131 ya\u015famaktad\u0131r. En \u00e7ok da kad\u0131nlar ve \u00e7ocuklar ma\u011fdur olmaktad\u0131r. En son 36 \u015fehidimizin oldu\u011fu menfur sald\u0131r\u0131 sonras\u0131, \u00fclkemizde y\u0131llarca misafir olarak kalan ve art\u0131k bu \u00fclkenin birer ger\u00e7e\u011fi olan Suriyeli ve di\u011fer g\u00f6\u00e7men vatanda\u015flar\u0131m\u0131za, kap\u0131lar\u0131n\u0131n a\u00e7\u0131ld\u0131\u011f\u0131n\u0131n duyurulmas\u0131 \u00fczerine, Kap\u0131kule s\u0131n\u0131r kap\u0131s\u0131 olmak \u00fczere, bir\u00e7ok s\u0131n\u0131r kap\u0131s\u0131ndan yurt d\u0131\u015f\u0131na gitme, yeni hayatlar kurma m\u00fccadelesi veren m\u00fcltecilerin ya\u015fad\u0131klar\u0131, insanl\u0131k dram\u0131na sahne oluyor. S\u0131n\u0131rda bir insanl\u0131k dram\u0131 ya\u015fan\u0131yor. Botlar devriliyor, insanlar \u00f6l\u00fcyor. D\u00fcn Aylan bebek \u00f6ld\u00fc\u011f\u00fcnde, herkes \u015fapkas\u0131n\u0131 al\u0131p \u00f6n\u00fcne koymu\u015ftu ama bu timsah g\u00f6zya\u015flar\u0131 maalesef uzun s\u00fcrmedi. \u015eu an yine \u00e7ocuklar \u00f6l\u00fcyor. Bu insanl\u0131k dram\u0131n\u0131n bir an \u00f6nce son bulmas\u0131 gerekiyor\u201d dedi.\u00a0<\/span><\/div>\n<div><span style=\"font-size: 12px;\">\u00a0 \u00dclkelerin, s\u0131n\u0131rda ya\u015fanan insanl\u0131k dram\u0131na g\u00f6z\u00fcn\u00fc kapatmamas\u0131 gerekti\u011fini vurgulayan Ye\u015filbo\u011faz, \u201cSadece Birle\u015fmi\u015f Milletler M\u00fclteciler Y\u00fcksek Komiserli\u011fi\u2019nin koymu\u015f oldu\u011fu bir tak\u0131m kurallar, \u0130nsan Haklar\u0131 Evrensel Beyannamesi gibi mevzuatlarla m\u00fcltecilere bir imk\u00e2n sa\u011flanmas\u0131 m\u00fcmk\u00fcn de\u011fildir. Bunlar\u0131n ya\u015fam, bar\u0131nma, sa\u011fl\u0131k, e\u011fitim ve insanca ya\u015fama hakk\u0131na, devletlerin sayg\u0131 g\u00f6stermesi ve bu soruna el atmas\u0131 gerekiyor. Bir an \u00f6nce t\u00fcm \u00fclkelerin bir araya gelerek, bu insanlar\u0131n gelece\u011fi hakk\u0131nda bir \u00e7\u00f6z\u00fcm bulmas\u0131 gerekiyor\u201d ifadelerini kulland\u0131.\u00a0<\/span><\/div>\n","protected":false},"excerpt":{"rendered":"<p>Mersin Barosu Ba\u015fkan\u0131 Bilgin Ye\u015filbo\u011faz, Ortado\u011fu\u2019daki sava\u015flar\u0131n, d\u0131\u015f \u00fclkelerin deste\u011fiyle her ge\u00e7en g\u00fcn bir insanl\u0131k dram\u0131na sahne oldu\u011funu s\u00f6yledi.\u00a0 \u00a0 \u00a0 M\u00fcltecilerin ya\u015fad\u0131\u011f\u0131 insanl\u0131k dram\u0131n\u0131 de\u011ferlendiren Ye\u015filbo\u011faz, &#8220;Uzun s\u00fcreden beri &hellip; <a href=\"https:\/\/mersinekonomipolitikagazetesi.com\/?p=6058\" class=\"more-link\">Devam\u0131n\u0131 Oku&#8230;<\/a><\/p>\n","protected":false},"author":1,"featured_media":0,"comment_status":"open","ping_status":"open","sticky":false,"template":"","format":"standard","meta":[],"categories":[],"tags":[],"_links":{"self":[{"href":"https:\/\/mersinekonomipolitikagazetesi.com\/index.php?rest_route=\/wp\/v2\/posts\/6058"}],"collection":[{"href":"https:\/\/mersinekonomipolitikagazetesi.com\/index.php?rest_route=\/wp\/v2\/posts"}],"about":[{"href":"https:\/\/mersinekonomipolitikagazetesi.com\/index.php?rest_route=\/wp\/v2\/types\/post"}],"author":[{"embeddable":true,"href":"https:\/\/mersinekonomipolitikagazetesi.com\/index.php?rest_route=\/wp\/v2\/users\/1"}],"replies":[{"embeddable":true,"href":"https:\/\/mersinekonomipolitikagazetesi.com\/index.php?rest_route=%2Fwp%2Fv2%2Fcomments&post=6058"}],"version-history":[{"count":0,"href":"https:\/\/mersinekonomipolitikagazetesi.com\/index.php?rest_route=\/wp\/v2\/posts\/6058\/revisions"}],"wp:attachment":[{"href":"https:\/\/mersinekonomipolitikagazetesi.com\/index.php?rest_route=%2Fwp%2Fv2%2Fmedia&parent=6058"}],"wp:term":[{"taxonomy":"category","embeddable":true,"href":"https:\/\/mersinekonomipolitikagazetesi.com\/index.php?rest_route=%2Fwp%2Fv2%2Fcategories&post=6058"},{"taxonomy":"post_tag","embeddable":true,"href":"https:\/\/mersinekonomipolitikagazetesi.com\/index.php?rest_route=%2Fwp%2Fv2%2Ftags&post=6058"}],"curies":[{"name":"wp","href":"https:\/\/api.w.org\/{rel}","templated":true}]}}