{"id":6059,"date":"2020-11-04T18:26:30","date_gmt":"2020-11-04T15:26:30","guid":{"rendered":"http:\/\/mersinekonomipolitikagazetesi.com\/?p=6059"},"modified":"2020-11-04T18:26:30","modified_gmt":"2020-11-04T15:26:30","slug":"mersin-barosundan-madde-bagimliligi-ile-mucadele-egitimi","status":"publish","type":"post","link":"https:\/\/mersinekonomipolitikagazetesi.com\/?p=6059","title":{"rendered":"Mersin Barosu&#8217;ndan madde ba\u011f\u0131ml\u0131l\u0131\u011f\u0131 ile m\u00fccadele e\u011fitimi"},"content":{"rendered":"<div><span style=\"font-size: 12px;\">Mersin Barosu avukatlar\u0131 taraf\u0131ndan Tarsus Belediyesi personelleri, Tarsus Esnaf Odalar\u0131 \u00fcyeleri, Tarsus Ula\u015f\u0131m A.\u015e ile Tarsus Kamyoncular Kooperatifi \u00fcyeleri ve Tarsus Halk E\u011fitim Merkezi \u00e7al\u0131\u015fanlar\u0131na y\u00f6nelik, madde ba\u011f\u0131ml\u0131l\u0131\u011f\u0131 ile m\u00fccadele e\u011fitimi verildi.\u00a0 \u00a0<\/span><\/div>\n<div><span style=\"font-size: 12px;\">\u00a0 Mersin Barosu, Tarsus Belediyesi, \u0130l\u00e7e Sa\u011fl\u0131k M\u00fcd\u00fcrl\u00fc\u011f\u00fc ve Milli E\u011fitim M\u00fcd\u00fcrl\u00fc\u011f\u00fc i\u015fbirli\u011finde, hizmet i\u00e7i e\u011fitim seminerleri kapsam\u0131nda kurumlarda ger\u00e7ekle\u015ftirilen e\u011fitimde, Mersin Barosu \u00fcyesi T\u00fcrkan \u00d6z\u00fcm \u00d6z ve Yasemin Cing\u00f6z, madde ba\u011f\u0131ml\u0131l\u0131\u011f\u0131n\u0131n ki\u015fisel de\u011fil, toplumsal bir sorun oldu\u011funu, bu nedenle herkesin bu konuda bilin\u00e7lenmesi gerekti\u011fini s\u00f6ylediler.\u00a0<\/span><\/div>\n<div><span style=\"font-size: 12px;\">\u00a0 Uyu\u015fturucu veya uyar\u0131c\u0131 madde imal ve ticaretinin cezai yapt\u0131r\u0131mlar\u0131n\u0131n anlat\u0131ld\u0131\u011f\u0131 e\u011fitimde ayr\u0131ca, madde kullan\u0131m\u0131ndaki art\u0131\u015f\u0131n ve azalman\u0131n, \u00fclkenin sosyal, ekonomik ve siyasi fakt\u00f6rlerinin de \u00f6nemli etken oldu\u011fu belirtilerek, bu nedenle madde ba\u011f\u0131ml\u0131l\u0131\u011f\u0131na kar\u015f\u0131 toplumsal m\u00fccadele olmad\u0131k\u00e7a, bireysel m\u00fccadelenin yeterli \u00e7\u00f6z\u00fcm yolu olmayaca\u011f\u0131 vurguland\u0131.\u00a0<\/span><\/div>\n","protected":false},"excerpt":{"rendered":"<p>Mersin Barosu avukatlar\u0131 taraf\u0131ndan Tarsus Belediyesi personelleri, Tarsus Esnaf Odalar\u0131 \u00fcyeleri, Tarsus Ula\u015f\u0131m A.\u015e ile Tarsus Kamyoncular Kooperatifi \u00fcyeleri ve Tarsus Halk E\u011fitim Merkezi \u00e7al\u0131\u015fanlar\u0131na y\u00f6nelik, madde ba\u011f\u0131ml\u0131l\u0131\u011f\u0131 ile m\u00fccadele &hellip; <a href=\"https:\/\/mersinekonomipolitikagazetesi.com\/?p=6059\" class=\"more-link\">Devam\u0131n\u0131 Oku&#8230;<\/a><\/p>\n","protected":false},"author":1,"featured_media":0,"comment_status":"open","ping_status":"open","sticky":false,"template":"","format":"standard","meta":[],"categories":[],"tags":[],"_links":{"self":[{"href":"https:\/\/mersinekonomipolitikagazetesi.com\/index.php?rest_route=\/wp\/v2\/posts\/6059"}],"collection":[{"href":"https:\/\/mersinekonomipolitikagazetesi.com\/index.php?rest_route=\/wp\/v2\/posts"}],"about":[{"href":"https:\/\/mersinekonomipolitikagazetesi.com\/index.php?rest_route=\/wp\/v2\/types\/post"}],"author":[{"embeddable":true,"href":"https:\/\/mersinekonomipolitikagazetesi.com\/index.php?rest_route=\/wp\/v2\/users\/1"}],"replies":[{"embeddable":true,"href":"https:\/\/mersinekonomipolitikagazetesi.com\/index.php?rest_route=%2Fwp%2Fv2%2Fcomments&post=6059"}],"version-history":[{"count":0,"href":"https:\/\/mersinekonomipolitikagazetesi.com\/index.php?rest_route=\/wp\/v2\/posts\/6059\/revisions"}],"wp:attachment":[{"href":"https:\/\/mersinekonomipolitikagazetesi.com\/index.php?rest_route=%2Fwp%2Fv2%2Fmedia&parent=6059"}],"wp:term":[{"taxonomy":"category","embeddable":true,"href":"https:\/\/mersinekonomipolitikagazetesi.com\/index.php?rest_route=%2Fwp%2Fv2%2Fcategories&post=6059"},{"taxonomy":"post_tag","embeddable":true,"href":"https:\/\/mersinekonomipolitikagazetesi.com\/index.php?rest_route=%2Fwp%2Fv2%2Ftags&post=6059"}],"curies":[{"name":"wp","href":"https:\/\/api.w.org\/{rel}","templated":true}]}}