{"id":6060,"date":"2020-11-04T18:26:30","date_gmt":"2020-11-04T15:26:30","guid":{"rendered":"http:\/\/mersinekonomipolitikagazetesi.com\/?p=6060"},"modified":"2020-11-04T18:26:30","modified_gmt":"2020-11-04T15:26:30","slug":"gultak-mahalle-sakinleriyle-bir-araya-geldi","status":"publish","type":"post","link":"https:\/\/mersinekonomipolitikagazetesi.com\/?p=6060","title":{"rendered":"G\u00fcltak, mahalle sakinleriyle bir araya geldi"},"content":{"rendered":"<div><span style=\"font-size: 12px;\">Akdeniz Belediye Ba\u015fkan\u0131 Mustafa G\u00fcltak, Bah\u00e7e Mahallesi sakinlerini dinledi.\u00a0 \u00a0<\/span><\/div>\n<div><span style=\"font-size: 12px;\">\u00a0 G\u00fcltak, \u2018g\u00f6n\u00fcl bulu\u015fmalar\u0131\u2019 kapsam\u0131nda mahalleleri ziyaret ederek vatanda\u015flarla bir araya gelmeyi, s\u0131k\u0131nt\u0131lar\u0131 mahallinde dinleyerek \u00e7\u00f6zmeye devam ediyor. Bu kapsamda Bah\u00e7e Mahallesi\u2019ni ziyaret eden G\u00fcltak, Bah\u00e7ekent Sitesi sakinleriyle bir araya gelerek vatanda\u015flar\u0131n sorunlar\u0131n\u0131 dinledi, \u00e7\u00f6z\u00fcm\u00fc i\u00e7in ilgili ba\u015fkan yard\u0131mc\u0131lar\u0131 ve birim m\u00fcd\u00fcrlerine talimat verdi.\u00a0<\/span><\/div>\n<div><span style=\"font-size: 12px;\">\u00a0 \u201cAkdeniz i\u00e7in s\u00f6z\u00fc olan herkesi dinlemeye haz\u0131r\u0131z\u201d\u00a0<\/span><\/div>\n<div><span style=\"font-size: 12px;\">\u00a0 Mahalle ziyaretleri hakk\u0131nda a\u00e7\u0131klama yapan G\u00fcltak, \u201cHalk\u0131m\u0131z\u0131n her daim emrindeyiz. Bu nedenle her f\u0131rsatta mahallelerimizi ziyaret ediyoruz. \u0130nsanlar\u0131m\u0131z bizi \u00e7a\u011f\u0131rd\u0131\u011f\u0131nda da mutlaka geliriz, onlar\u0131 dinleriz. \u0130nsanlar\u0131m\u0131z\u0131n terk etti\u011fi de\u011fil, tercih etti\u011fi, daha ya\u015fan\u0131labilir, sa\u011fl\u0131kl\u0131, temiz ve d\u00fczenli bir Akdeniz i\u00e7in var g\u00fcc\u00fcm\u00fczle \u00e7al\u0131\u015f\u0131yor, hizmet veriyoruz.\u00a0<\/span><\/div>\n<div><span style=\"font-size: 12px;\">\u00a0 Akdeniz\u2019in ve Mersin\u2019in gelece\u011fi i\u00e7in s\u00f6z s\u00f6ylemek isteyen, fikri olan herkesle her zaman bulu\u015fmaya ve dinlemeye haz\u0131r\u0131z. D\u00f6rt duvar aras\u0131na s\u0131k\u0131\u015f\u0131p kalmadan, insanlar\u0131m\u0131z aras\u0131nda hi\u00e7bir ay\u0131r\u0131m yapmadan b\u00fct\u00fcn mahallelerimizi ziyaret etmeye, her ya\u015f ve kesimden insan\u0131m\u0131zla bir araya gelerek ya\u015fad\u0131klar\u0131 sorunlar\u0131n\u0131, talep ve \u00f6nerilerini mahallinde dinlemeye ve en k\u0131sa s\u00fcrede \u00e7\u00f6z\u00fcm \u00fcretmeye devam edece\u011fiz\u201d dedi.\u00a0<\/span><\/div>\n","protected":false},"excerpt":{"rendered":"<p>Akdeniz Belediye Ba\u015fkan\u0131 Mustafa G\u00fcltak, Bah\u00e7e Mahallesi sakinlerini dinledi.\u00a0 \u00a0 \u00a0 G\u00fcltak, \u2018g\u00f6n\u00fcl bulu\u015fmalar\u0131\u2019 kapsam\u0131nda mahalleleri ziyaret ederek vatanda\u015flarla bir araya gelmeyi, s\u0131k\u0131nt\u0131lar\u0131 mahallinde dinleyerek \u00e7\u00f6zmeye devam ediyor. Bu kapsamda &hellip; <a href=\"https:\/\/mersinekonomipolitikagazetesi.com\/?p=6060\" class=\"more-link\">Devam\u0131n\u0131 Oku&#8230;<\/a><\/p>\n","protected":false},"author":1,"featured_media":0,"comment_status":"open","ping_status":"open","sticky":false,"template":"","format":"standard","meta":[],"categories":[],"tags":[],"_links":{"self":[{"href":"https:\/\/mersinekonomipolitikagazetesi.com\/index.php?rest_route=\/wp\/v2\/posts\/6060"}],"collection":[{"href":"https:\/\/mersinekonomipolitikagazetesi.com\/index.php?rest_route=\/wp\/v2\/posts"}],"about":[{"href":"https:\/\/mersinekonomipolitikagazetesi.com\/index.php?rest_route=\/wp\/v2\/types\/post"}],"author":[{"embeddable":true,"href":"https:\/\/mersinekonomipolitikagazetesi.com\/index.php?rest_route=\/wp\/v2\/users\/1"}],"replies":[{"embeddable":true,"href":"https:\/\/mersinekonomipolitikagazetesi.com\/index.php?rest_route=%2Fwp%2Fv2%2Fcomments&post=6060"}],"version-history":[{"count":0,"href":"https:\/\/mersinekonomipolitikagazetesi.com\/index.php?rest_route=\/wp\/v2\/posts\/6060\/revisions"}],"wp:attachment":[{"href":"https:\/\/mersinekonomipolitikagazetesi.com\/index.php?rest_route=%2Fwp%2Fv2%2Fmedia&parent=6060"}],"wp:term":[{"taxonomy":"category","embeddable":true,"href":"https:\/\/mersinekonomipolitikagazetesi.com\/index.php?rest_route=%2Fwp%2Fv2%2Fcategories&post=6060"},{"taxonomy":"post_tag","embeddable":true,"href":"https:\/\/mersinekonomipolitikagazetesi.com\/index.php?rest_route=%2Fwp%2Fv2%2Ftags&post=6060"}],"curies":[{"name":"wp","href":"https:\/\/api.w.org\/{rel}","templated":true}]}}