{"id":6061,"date":"2020-11-04T18:26:30","date_gmt":"2020-11-04T15:26:30","guid":{"rendered":"http:\/\/mersinekonomipolitikagazetesi.com\/?p=6061"},"modified":"2020-11-04T18:26:30","modified_gmt":"2020-11-04T15:26:30","slug":"sehit-gumruk-memuru-son-yolculuguna-ugurlandi","status":"publish","type":"post","link":"https:\/\/mersinekonomipolitikagazetesi.com\/?p=6061","title":{"rendered":"\u015eehit g\u00fcmr\u00fck memuru son yolculu\u011funa u\u011furland\u0131"},"content":{"rendered":"<div><span style=\"font-size: 12px;\">A\u011fr\u0131\u2019n\u0131n Do\u011fubayaz\u0131t il\u00e7esinde G\u00fcrbulak G\u00fcmr\u00fck M\u00fcd\u00fcrl\u00fc\u011f\u00fc \u00e7al\u0131\u015fanlar\u0131na y\u00f6nelik d\u00fczenlenen roketli sald\u0131r\u0131 sonucu \u015fehit olan g\u00fcmr\u00fck memuru \u00d6zg\u00fcr Kavastan\u2019\u0131n cenazesi, memleketi Mersin&#8217;in Mut il\u00e7esinde topra\u011fa verildi.\u00a0<\/span><\/div>\n<div><span style=\"font-size: 12px;\">\u00a0 Mut Devlet Hastanesi morgundan al\u0131nan \u00d6zg\u00fcr Kavastan\u2019\u0131n (29) cenazesi, Mut il\u00e7esindeki Do\u011fanc\u0131 Mahallesi&#8217;ndeki evine getirilerek yak\u0131nlar\u0131ndan helallik al\u0131nd\u0131. Cenaze, buradan Mut Meydan Mahallesi&#8217;ndeki \u015eehit Ey\u00fcp Kahraman Camii&#8217;ne g\u00f6t\u00fcr\u00fcld\u00fc. T\u00f6rene \u015fehidin ailesi ve yak\u0131nlar\u0131n\u0131n yan\u0131 s\u0131ra Ticaret Bakan Yard\u0131mc\u0131s\u0131 Gonca Y\u0131lmaz Batur, Mersin Valisi Ali \u0130hsan Su, \u0130l Jandarma Alay Komutan\u0131 Albay Necip \u00c7ar\u0131k\u00e7\u0131o\u011flu, \u0130l Emniyet M\u00fcd\u00fcr\u00fc Mehmet \u015eahne, Mut Belediye Ba\u015fkan\u0131 Volkan \u015eeker, askeri\u00a0 ve m\u00fclki erkan ile vatanda\u015flar kat\u0131ld\u0131. \u015eehidin cenazesi, \u00f6\u011fle namaz\u0131n\u0131 m\u00fcteakip k\u0131l\u0131nan cenaze namaz\u0131n\u0131n ard\u0131ndan Mut Belediye Mezarl\u0131\u011f\u0131&#8217;na defnedildi. \u015eehidin naa\u015f\u0131 g\u00f6t\u00fcr\u00fcl\u00fcrken annesi M\u00fcnevver ve karde\u015fi \u00d6znur\u2019u yak\u0131nlar\u0131 teskin etmeye \u00e7al\u0131\u015ft\u0131.\u00a0\u00a0<\/span><\/div>\n","protected":false},"excerpt":{"rendered":"<p>A\u011fr\u0131\u2019n\u0131n Do\u011fubayaz\u0131t il\u00e7esinde G\u00fcrbulak G\u00fcmr\u00fck M\u00fcd\u00fcrl\u00fc\u011f\u00fc \u00e7al\u0131\u015fanlar\u0131na y\u00f6nelik d\u00fczenlenen roketli sald\u0131r\u0131 sonucu \u015fehit olan g\u00fcmr\u00fck memuru \u00d6zg\u00fcr Kavastan\u2019\u0131n cenazesi, memleketi Mersin&#8217;in Mut il\u00e7esinde topra\u011fa verildi.\u00a0 \u00a0 Mut Devlet Hastanesi morgundan &hellip; <a href=\"https:\/\/mersinekonomipolitikagazetesi.com\/?p=6061\" class=\"more-link\">Devam\u0131n\u0131 Oku&#8230;<\/a><\/p>\n","protected":false},"author":1,"featured_media":0,"comment_status":"open","ping_status":"open","sticky":false,"template":"","format":"standard","meta":[],"categories":[],"tags":[],"_links":{"self":[{"href":"https:\/\/mersinekonomipolitikagazetesi.com\/index.php?rest_route=\/wp\/v2\/posts\/6061"}],"collection":[{"href":"https:\/\/mersinekonomipolitikagazetesi.com\/index.php?rest_route=\/wp\/v2\/posts"}],"about":[{"href":"https:\/\/mersinekonomipolitikagazetesi.com\/index.php?rest_route=\/wp\/v2\/types\/post"}],"author":[{"embeddable":true,"href":"https:\/\/mersinekonomipolitikagazetesi.com\/index.php?rest_route=\/wp\/v2\/users\/1"}],"replies":[{"embeddable":true,"href":"https:\/\/mersinekonomipolitikagazetesi.com\/index.php?rest_route=%2Fwp%2Fv2%2Fcomments&post=6061"}],"version-history":[{"count":0,"href":"https:\/\/mersinekonomipolitikagazetesi.com\/index.php?rest_route=\/wp\/v2\/posts\/6061\/revisions"}],"wp:attachment":[{"href":"https:\/\/mersinekonomipolitikagazetesi.com\/index.php?rest_route=%2Fwp%2Fv2%2Fmedia&parent=6061"}],"wp:term":[{"taxonomy":"category","embeddable":true,"href":"https:\/\/mersinekonomipolitikagazetesi.com\/index.php?rest_route=%2Fwp%2Fv2%2Fcategories&post=6061"},{"taxonomy":"post_tag","embeddable":true,"href":"https:\/\/mersinekonomipolitikagazetesi.com\/index.php?rest_route=%2Fwp%2Fv2%2Ftags&post=6061"}],"curies":[{"name":"wp","href":"https:\/\/api.w.org\/{rel}","templated":true}]}}