{"id":6062,"date":"2020-11-04T18:26:30","date_gmt":"2020-11-04T15:26:30","guid":{"rendered":"http:\/\/mersinekonomipolitikagazetesi.com\/?p=6062"},"modified":"2020-11-04T18:26:30","modified_gmt":"2020-11-04T15:26:30","slug":"ses-mersinde-olagan-kurul-gerceklesti","status":"publish","type":"post","link":"https:\/\/mersinekonomipolitikagazetesi.com\/?p=6062","title":{"rendered":"SES MERS\u0130N\u2019DE OLA\u011eAN KURUL GER\u00c7EKLE\u015eT\u0130"},"content":{"rendered":"<div><span style=\"font-size: 12px;\">Sa\u011fl\u0131k ve Sosyal Hizmet Emek\u00e7ileri Sendikas\u0131(SES) Mersin \u015eubesi\u2019nin 10. Ola\u011fan Genel Kurulu, E\u011fitim Sen toplant\u0131 salonunda ger\u00e7ekle\u015ftirildi.<\/span><\/div>\n<div>\u00a0<\/div>\n<div><span style=\"font-size: 12px;\">Toplam 107 delege ile ger\u00e7ekle\u015ftirilen genel kuruluna delegelerin kat\u0131l\u0131m\u0131 y\u00fczde 80 civar\u0131nda olurken, KESK bile\u015fenleri olmak \u00fczere, Emek ve Demokrasi Platformunu olu\u015fturan kurum temsilcilerinden SYKP, N\u00fckleer Kar\u015f\u0131t\u0131 Platformu, Halkevleri, \u00c7HD, Mersin Barosu, Genel i\u015f, Alevi K\u00fclt\u00fcr Derne\u011fi, Tabip Odas\u0131, \u0130HD, Dersimliler Derne\u011fi, HDP \u0130l \u00f6rg\u00fct\u00fc ve \u00e7ok say\u0131da kurum, siyasi parti ve derneklerinin de yo\u011fun kat\u0131l\u0131m\u0131 oldu.<\/span><\/div>\n<div>\u00a0<\/div>\n<div><span style=\"font-size: 12px;\">SES genel kuruluna ilgi yo\u011fun oldu<\/span><\/div>\n<div>\u00a0<\/div>\n<div><span style=\"font-size: 12px;\">SES kurucu \u00fcyelerinin de kat\u0131l\u0131m sa\u011flad\u0131\u011f\u0131 10. Ola\u011fan Genel Kurulu Mersin Tabip Odas\u0131 Ba\u015fkan\u0131 Dr. Mehmet Antmen&#8217;i divan ba\u015fkanl\u0131\u011f\u0131nda, ba\u015fkan yard\u0131mc\u0131l\u0131\u011f\u0131n\u0131n emekli \u00fcye Naciye G\u00fcl ve \u00fcye Belgin B\u00fcy\u00fckak\u0131l\u0131 taraf\u0131ndan ger\u00e7ekle\u015ftirildi. SES genel kurulunca faaliyet raporlar\u0131n\u0131n okunmas\u0131 ve aklanmas\u0131 sonras\u0131nda E\u015f Ba\u015fkanlar\u0131 \u00d6zge G\u00f6nc\u00fc ve Y\u0131lmaz Bozkurt&#8217;un ayr\u0131ca kat\u0131l\u0131mc\u0131 kurumlar\u0131n temsilcilerinin konu\u015fmalar\u0131 ilgiyle takip edildi.<\/span><\/div>\n<div>\u00a0<\/div>\n<div><span style=\"font-size: 12px;\">3 kad\u0131n, 4 erkek y\u00f6netici se\u00e7ildi<\/span><\/div>\n<div>\u00a0<\/div>\n<div><span style=\"font-size: 12px;\">Tek listeyle gidilen se\u00e7imlerde Mersin \u015eehir Hastanesi, Toros Devlet Hastanesi, Aile ve Sosyal Politikalar \u0130l M\u00fcd\u00fcrl\u00fc\u011f\u00fc, \u00dcniversite Hastanesi ve \u0130l Sa\u011fl\u0131k M\u00fcd\u00fcrl\u00fc\u011f\u00fcnde \u00e7al\u0131\u015fanlar\u0131ndan olu\u015fan ve b\u00f6ylece t\u00fcm b\u00fcy\u00fck birim \u00e7al\u0131\u015fanlar\u0131n\u0131 temsiline dayanan bir y\u00f6netim kurulu olu\u015fturulmas\u0131 hedeflendi\u011fi a\u00e7\u0131kland\u0131.<\/span><\/div>\n<div><span style=\"font-size: 12px;\">Y\u00f6netim Kuruluna se\u00e7ilen Doktor Zeki Sinan Do\u011fan, Mimar \u00d6zge G\u00f6nc\u00fc, Teknik Hizmetler \u00dcmit Babacan, Hem\u015fire Filiz \u00c7elebi, Hem\u015fire Sevgi Ba\u015fkavak, Sosyolog Emrah Keven, Sosyal Hizmet Uzman\u0131 Bayram D\u00f6len olmak \u00fczere 3 kad\u0131n, 4 erkek y\u00f6netici se\u00e7ildi.<\/span><\/div>\n<div>\u00a0<\/div>\n<div><span style=\"font-size: 12px;\">&#8220;Daha g\u00fczel yar\u0131nlar i\u00e7in&#8221;\u00a0\u00a0<\/span><\/div>\n<div>\u00a0<\/div>\n<div><span style=\"font-size: 12px;\">SES Mersin taraf\u0131ndan yap\u0131lan kurul sonras\u0131nda, \u201cT\u00fcm anlay\u0131\u015flar\u0131n temsil edilece\u011fi bir y\u00f6netim olu\u015fturulmas\u0131 gayretinin meyvelerini verdi\u011fi genel kurulumuz KESK ve SES m\u00fccadele tarihinde \u00f6nemli bir role ve eme\u011fe sahip E\u015f Ba\u015fkan\u0131m\u0131z Y\u0131lmaz Bozkurt&#8217;un emekli olmas\u0131 nedeni ile son genel kurulu oldu. Bu y\u00f6n\u00fcyle ayr\u0131 bir \u00f6neme sahip olan genel kurulumuzu m\u00fccadele tarihimize not d\u00fc\u015ferek, 2023 d\u00f6nemi genel kuruluna kadar emek vermeye, m\u00fccadele etmeye ve daha g\u00fczel yar\u0131nlar i\u00e7in hep birlikte \u00e7al\u0131\u015fmaya ba\u015flad\u0131k.\u201d \u015feklinde a\u00e7\u0131klama yap\u0131ld\u0131<\/span><\/div>\n","protected":false},"excerpt":{"rendered":"<p>Sa\u011fl\u0131k ve Sosyal Hizmet Emek\u00e7ileri Sendikas\u0131(SES) Mersin \u015eubesi\u2019nin 10. Ola\u011fan Genel Kurulu, E\u011fitim Sen toplant\u0131 salonunda ger\u00e7ekle\u015ftirildi. \u00a0 Toplam 107 delege ile ger\u00e7ekle\u015ftirilen genel kuruluna delegelerin kat\u0131l\u0131m\u0131 y\u00fczde 80 civar\u0131nda &hellip; <a href=\"https:\/\/mersinekonomipolitikagazetesi.com\/?p=6062\" class=\"more-link\">Devam\u0131n\u0131 Oku&#8230;<\/a><\/p>\n","protected":false},"author":1,"featured_media":0,"comment_status":"open","ping_status":"open","sticky":false,"template":"","format":"standard","meta":[],"categories":[],"tags":[],"_links":{"self":[{"href":"https:\/\/mersinekonomipolitikagazetesi.com\/index.php?rest_route=\/wp\/v2\/posts\/6062"}],"collection":[{"href":"https:\/\/mersinekonomipolitikagazetesi.com\/index.php?rest_route=\/wp\/v2\/posts"}],"about":[{"href":"https:\/\/mersinekonomipolitikagazetesi.com\/index.php?rest_route=\/wp\/v2\/types\/post"}],"author":[{"embeddable":true,"href":"https:\/\/mersinekonomipolitikagazetesi.com\/index.php?rest_route=\/wp\/v2\/users\/1"}],"replies":[{"embeddable":true,"href":"https:\/\/mersinekonomipolitikagazetesi.com\/index.php?rest_route=%2Fwp%2Fv2%2Fcomments&post=6062"}],"version-history":[{"count":0,"href":"https:\/\/mersinekonomipolitikagazetesi.com\/index.php?rest_route=\/wp\/v2\/posts\/6062\/revisions"}],"wp:attachment":[{"href":"https:\/\/mersinekonomipolitikagazetesi.com\/index.php?rest_route=%2Fwp%2Fv2%2Fmedia&parent=6062"}],"wp:term":[{"taxonomy":"category","embeddable":true,"href":"https:\/\/mersinekonomipolitikagazetesi.com\/index.php?rest_route=%2Fwp%2Fv2%2Fcategories&post=6062"},{"taxonomy":"post_tag","embeddable":true,"href":"https:\/\/mersinekonomipolitikagazetesi.com\/index.php?rest_route=%2Fwp%2Fv2%2Ftags&post=6062"}],"curies":[{"name":"wp","href":"https:\/\/api.w.org\/{rel}","templated":true}]}}