{"id":6069,"date":"2020-11-04T18:26:31","date_gmt":"2020-11-04T15:26:31","guid":{"rendered":"http:\/\/mersinekonomipolitikagazetesi.com\/?p=6069"},"modified":"2020-11-04T18:26:31","modified_gmt":"2020-11-04T15:26:31","slug":"sehit-olmaya-boyle-gittiler-kardesim-sehit-olmaya-gulerek-eglenerek-dugune-gider-gibi-gitti","status":"publish","type":"post","link":"https:\/\/mersinekonomipolitikagazetesi.com\/?p=6069","title":{"rendered":"\u015eehit olmaya b\u00f6yle gittiler &#8220;Karde\u015fim \u015fehit olmaya g\u00fclerek,  e\u011flenerek, d\u00fc\u011f\u00fcne gider gibi gitti&#8221;"},"content":{"rendered":"<p>Suriye&#8217;nin \u0130dlib kentinde d\u00fczenlenen hava sald\u0131r\u0131s\u0131nda \u015fehit olan askerlerden Uzman Onba\u015f\u0131 \u0130brahim T\u00fczel&#8217;in ayn\u0131 timde g\u00f6rev yapt\u0131\u011f\u0131 arkada\u015flar\u0131yla birlikte askeri ara\u00e7 i\u00e7inde \u00e7ekilmi\u015f son g\u00f6r\u00fcnt\u00fcleri ortaya \u00e7\u0131kt\u0131.\u00a0<br \/>\n\u0130dlib \u015fehidinin Mersin&#8217;in Erdemli il\u00e7esindeki ailesiyle payla\u015ft\u0131\u011f\u0131 son g\u00f6r\u00fcnt\u00fclerde askerlerin \u00e7alan m\u00fczi\u011fe e\u015flik etti\u011fi g\u00f6r\u00fcl\u00fcyor. Karde\u015finin hareketli ve g\u00fcler y\u00fczl\u00fc oldu\u011funu ifade eden \u015fehidin Uzman Onba\u015f\u0131&#8217;n\u0131n ikizi Kas\u0131m T\u00fczel, &#8220;\u015eehit olmaya g\u00fclerek, e\u011flenerek, d\u00fc\u011f\u00fcne gider gibi gitti. Vatan\u0131 milleti i\u00e7in yapmayaca\u011f\u0131 hi\u00e7bir \u015fey yoktu&#8221; dedi.\u00a0<\/p>\n<p>&#8220;Onun b\u0131rakt\u0131\u011f\u0131 bayra\u011f\u0131 ben elime ald\u0131m&#8221;<br \/>\n\u00a0<br \/>\nKas\u0131m T\u00fczel, &#8220;\u015eehit \u0130brahim T\u00fczel&#8217;in ikiziyim. Karde\u015fimle biz hep beraberdik, yan yanayd\u0131k. O uzman \u00e7avu\u015fluk i\u00e7in gitti, kazand\u0131. Bu kutsal mesle\u011fe beni de \u00e7a\u011f\u0131rd\u0131, davet etti. Onun b\u0131rakt\u0131\u011f\u0131 bayra\u011f\u0131 ben elime ald\u0131m. \u00d6m\u00fcr boyu da kan\u0131m\u0131n son damlas\u0131na kadar da ta\u015f\u0131maya haz\u0131r\u0131m&#8221; diye konu\u015ftu.\u00a0<br \/>\nKarde\u015finin e\u011flenceli bir insan oldu\u011funu ifade eden T\u00fczel, &#8220;\u00c7ok g\u00fcler y\u00fczl\u00fcyd\u00fc. \u015eehit olmaya g\u00fclerek, e\u011flenerek, d\u00fc\u011f\u00fcne gider gibi gitti. Vatan\u0131 milleti i\u00e7in yapmayaca\u011f\u0131 hi\u00e7bir \u015fey yoktu. Elinden gelen her \u015feyi yapt\u0131. Hakk\u0131yla da \u015fehit oldu. Vatan sa\u011f olsun&#8221; \u015feklinde konu\u015ftu.\u00a0<\/p>\n<p>&#8220;Mesle\u011fini gurur duyarak yap\u0131yordu&#8221;<br \/>\n\u00a0<br \/>\n\u015eehit T\u00fczel&#8217;in a\u011fabeyi Muhammet T\u00fczel de, &#8220;Videoyu \u0130dlib&#8217;e giderken g\u00f6nderdi. Bekle bizi Suriye geliyoruz, d\u00fc\u011f\u00fcn\u00fcm\u00fcz var bizim diyerek gidiyorlar. Karde\u015fim \u00e7ok hareketli biriydi. Yapt\u0131\u011f\u0131 mesle\u011fini de gurur duyarak yap\u0131yordu&#8221; dedi.\u00a0<br \/>\n\u015eehit \u0130brahim T\u00fczel&#8217;in ablas\u0131 Yasemin \u00d6zt\u00fcrk de karde\u015finin son olarak kendisiyle konu\u015ftu\u011funu ve 3 aylar dolay\u0131s\u0131yla oru\u00e7 tutmak istedi\u011fini s\u00f6yledi\u011fini belirtti.\u00a0<br \/>\n\u00d6zt\u00fcrk, &#8220;Benim 4 tane erkek karde\u015fim vard\u0131, biri \u015fehit oldu. Allah&#8217;\u0131m devletimize, milletimize zeval vermesin, bayra\u011f\u0131m\u0131z inmesin, ezan\u0131m\u0131z dinmesin. 3 karde\u015fim erkek daha var, gerekirse onlar da \u015fehit olur, gerekirse biz de gideriz&#8221; dedi.\u00a0<\/p>\n<p>&#8220;O\u011fullar\u0131m var, gerekirse ben de giderim&#8221;<br \/>\n\u00a0<br \/>\nBaba \u015euayip T\u00fczel ise, &#8220;D\u00fc\u011f\u00fcne gider gibi gittiler. Baba sen hi\u00e7 merak etme vatan\u0131m\u0131z devletimiz i\u00e7in \u00e7al\u0131\u015faca\u011f\u0131z dediler. Biz de yollad\u0131k. Arkas\u0131ndan 2 tane daha karde\u015fi var. Biri uzman \u00e7avu\u015f, k\u00fc\u00e7\u00fc\u011f\u00fc var o da aday. Devletimiz vatan\u0131m\u0131z sa\u011f olsun, ne yap\u0131yorsak \u00fclkemiz i\u00e7in yap\u0131yoruz. Son olarak &#8216;ben \u015fehit olaca\u011f\u0131m baba a\u011flama arkamdan&#8217; dedi. Devletimiz milletimiz sa\u011f olsun o\u011flum, arkanda 2 tane 3 tane daha var, gerekirse ben de giderim dedim&#8221; \u015feklinde konu\u015ftu.\u00a0<br \/>\n\u015eehidin evinde \u0130dlib sald\u0131r\u0131s\u0131ndan bu yana Kur&#8217;an-\u0131 Kerim okunup, t\u00fcm askerler i\u00e7in dua ediliyor.\u00a0<br \/>\n\u00d6te yandan, payla\u015f\u0131lan g\u00f6r\u00fcnt\u00fclerde \u00e7alan m\u00fczi\u011fe e\u015flik eden askerlerin mutlu olduklar\u0131 g\u00f6r\u00fcn\u00fcyor. G\u00f6r\u00fcnt\u00fclerde \u015fehit \u0130brahim T\u00fczel, ellerini kald\u0131r\u0131p, ba\u015f\u0131n\u0131 sallay\u0131p m\u00fczi\u011fe e\u015flik ediyor. Bir ba\u015fka g\u00f6r\u00fcnt\u00fcde ise \u015fehit T\u00fczel bulundu\u011fu nokta \u00f6n\u00fcndeki binan\u0131n i\u00e7ine ate\u015f ediyor. \u00a0<\/p>\n","protected":false},"excerpt":{"rendered":"<p>Suriye&#8217;nin \u0130dlib kentinde d\u00fczenlenen hava sald\u0131r\u0131s\u0131nda \u015fehit olan askerlerden Uzman Onba\u015f\u0131 \u0130brahim T\u00fczel&#8217;in ayn\u0131 timde g\u00f6rev yapt\u0131\u011f\u0131 arkada\u015flar\u0131yla birlikte askeri ara\u00e7 i\u00e7inde \u00e7ekilmi\u015f son g\u00f6r\u00fcnt\u00fcleri ortaya \u00e7\u0131kt\u0131.\u00a0 \u0130dlib \u015fehidinin Mersin&#8217;in &hellip; <a href=\"https:\/\/mersinekonomipolitikagazetesi.com\/?p=6069\" class=\"more-link\">Devam\u0131n\u0131 Oku&#8230;<\/a><\/p>\n","protected":false},"author":1,"featured_media":0,"comment_status":"open","ping_status":"open","sticky":false,"template":"","format":"standard","meta":[],"categories":[],"tags":[],"_links":{"self":[{"href":"https:\/\/mersinekonomipolitikagazetesi.com\/index.php?rest_route=\/wp\/v2\/posts\/6069"}],"collection":[{"href":"https:\/\/mersinekonomipolitikagazetesi.com\/index.php?rest_route=\/wp\/v2\/posts"}],"about":[{"href":"https:\/\/mersinekonomipolitikagazetesi.com\/index.php?rest_route=\/wp\/v2\/types\/post"}],"author":[{"embeddable":true,"href":"https:\/\/mersinekonomipolitikagazetesi.com\/index.php?rest_route=\/wp\/v2\/users\/1"}],"replies":[{"embeddable":true,"href":"https:\/\/mersinekonomipolitikagazetesi.com\/index.php?rest_route=%2Fwp%2Fv2%2Fcomments&post=6069"}],"version-history":[{"count":0,"href":"https:\/\/mersinekonomipolitikagazetesi.com\/index.php?rest_route=\/wp\/v2\/posts\/6069\/revisions"}],"wp:attachment":[{"href":"https:\/\/mersinekonomipolitikagazetesi.com\/index.php?rest_route=%2Fwp%2Fv2%2Fmedia&parent=6069"}],"wp:term":[{"taxonomy":"category","embeddable":true,"href":"https:\/\/mersinekonomipolitikagazetesi.com\/index.php?rest_route=%2Fwp%2Fv2%2Fcategories&post=6069"},{"taxonomy":"post_tag","embeddable":true,"href":"https:\/\/mersinekonomipolitikagazetesi.com\/index.php?rest_route=%2Fwp%2Fv2%2Ftags&post=6069"}],"curies":[{"name":"wp","href":"https:\/\/api.w.org\/{rel}","templated":true}]}}