{"id":6073,"date":"2020-11-04T18:26:31","date_gmt":"2020-11-04T15:26:31","guid":{"rendered":"http:\/\/mersinekonomipolitikagazetesi.com\/?p=6073"},"modified":"2020-11-04T18:26:31","modified_gmt":"2020-11-04T15:26:31","slug":"kaan-projesi-mersinde-hayata-geciriliyor","status":"publish","type":"post","link":"https:\/\/mersinekonomipolitikagazetesi.com\/?p=6073","title":{"rendered":"Kaan Projesi Mersin\u2019de Hayata Ge\u00e7iriliyor"},"content":{"rendered":"<p>\u0130\u00e7i\u015fleri Bakan\u0131 S\u00fcleyman Soylu taraf\u0131ndan 23 Temmuz 2019&#8217;da tan\u0131t\u0131m\u0131 ve a\u00e7\u0131l\u0131\u015f\u0131 yap\u0131lan Genel Kolluk-\u00d6zel G\u00fcvenlik \u0130\u015fbirli\u011fi ve Entegrasyon Uygulamas\u0131 (KAAN) Projesi, Mersin&#8217;de de hayata ge\u00e7iriliyor.<\/p>\n<p>Kamu g\u00fcvenli\u011fini tamamlay\u0131c\u0131 mahiyette g\u00f6rev yapan \u00f6zel g\u00fcvenlik g\u00f6revlilerinin kamu hastaneleri, e\u011fitim kurumlar\u0131, havalimanlar\u0131, al\u0131\u015fveri\u015f merkezleri, park ve bah\u00e7eler ile toplu ta\u015f\u0131ma sistemleri gibi yerlerde genel kolluk ile etkili ileti\u015fim, etkin i\u015fbirli\u011fi, koordinasyonu ve birlikte \u00e7al\u0131\u015fmas\u0131yla olay meydana gelmeden su\u00e7u \u00f6nlemek, meydana gelen olaylar\u0131 en seri \u015fekilde genel kollu\u011fa bildirmek, devam eden olaylara gerekli m\u00fcdahaleyi yapmak, olay yeri ve delillerini muhafaza ederek genel kollu\u011fa teslim etmek \u00fczerine haz\u0131rlanan, \u201cGenel Kolluk-\u00d6zel G\u00fcvenlik \u0130\u015fbirli\u011fi ve Entegrasyon Uygulamas\u0131 (KAAN)\u201d \u0130stanbul ilinde 23 Temmuz 2019 tarihinde \u0130\u00e7i\u015fleri Bakan\u0131 S\u00fcleyman Soylu taraf\u0131ndan tan\u0131t\u0131m ve a\u00e7\u0131l\u0131\u015f\u0131 yap\u0131lan proje hayata ge\u00e7mi\u015fti.<br \/>\n\u00a0<br \/>\nPersonellere y\u00f6nelik e\u011fitimler d\u00fczenlendi<br \/>\n\u00a0<br \/>\nBu kapsamda, Mersin\u2019de KAAN uygulamas\u0131n\u0131n hayata ge\u00e7irilmesi amac\u0131yla olu\u015fturulan proje tak\u0131m\u0131 ile 19-25 \u015eubat 2020 tarihleri aras\u0131nda 4 kamu hastanesi, 1 \u00fcniversite hastanesi, 1 \u00fcniversite, 5 al\u0131\u015fveri\u015f merkezi, 2 park ve bah\u00e7e, 2 tren gar\u0131, 1 otogar ve 1 hal kompleksi olmak \u00fczere toplam 17 yerde g\u00f6revli 876 \u00d6zel G\u00fcvenlik G\u00f6revlisi ile 490 emniyet personeline y\u00f6nelik e\u011fitimler d\u00fczenlendi.\u00a0<\/p>\n","protected":false},"excerpt":{"rendered":"<p>\u0130\u00e7i\u015fleri Bakan\u0131 S\u00fcleyman Soylu taraf\u0131ndan 23 Temmuz 2019&#8217;da tan\u0131t\u0131m\u0131 ve a\u00e7\u0131l\u0131\u015f\u0131 yap\u0131lan Genel Kolluk-\u00d6zel G\u00fcvenlik \u0130\u015fbirli\u011fi ve Entegrasyon Uygulamas\u0131 (KAAN) Projesi, Mersin&#8217;de de hayata ge\u00e7iriliyor. Kamu g\u00fcvenli\u011fini tamamlay\u0131c\u0131 mahiyette g\u00f6rev &hellip; <a href=\"https:\/\/mersinekonomipolitikagazetesi.com\/?p=6073\" class=\"more-link\">Devam\u0131n\u0131 Oku&#8230;<\/a><\/p>\n","protected":false},"author":1,"featured_media":0,"comment_status":"open","ping_status":"open","sticky":false,"template":"","format":"standard","meta":[],"categories":[],"tags":[],"_links":{"self":[{"href":"https:\/\/mersinekonomipolitikagazetesi.com\/index.php?rest_route=\/wp\/v2\/posts\/6073"}],"collection":[{"href":"https:\/\/mersinekonomipolitikagazetesi.com\/index.php?rest_route=\/wp\/v2\/posts"}],"about":[{"href":"https:\/\/mersinekonomipolitikagazetesi.com\/index.php?rest_route=\/wp\/v2\/types\/post"}],"author":[{"embeddable":true,"href":"https:\/\/mersinekonomipolitikagazetesi.com\/index.php?rest_route=\/wp\/v2\/users\/1"}],"replies":[{"embeddable":true,"href":"https:\/\/mersinekonomipolitikagazetesi.com\/index.php?rest_route=%2Fwp%2Fv2%2Fcomments&post=6073"}],"version-history":[{"count":0,"href":"https:\/\/mersinekonomipolitikagazetesi.com\/index.php?rest_route=\/wp\/v2\/posts\/6073\/revisions"}],"wp:attachment":[{"href":"https:\/\/mersinekonomipolitikagazetesi.com\/index.php?rest_route=%2Fwp%2Fv2%2Fmedia&parent=6073"}],"wp:term":[{"taxonomy":"category","embeddable":true,"href":"https:\/\/mersinekonomipolitikagazetesi.com\/index.php?rest_route=%2Fwp%2Fv2%2Fcategories&post=6073"},{"taxonomy":"post_tag","embeddable":true,"href":"https:\/\/mersinekonomipolitikagazetesi.com\/index.php?rest_route=%2Fwp%2Fv2%2Ftags&post=6073"}],"curies":[{"name":"wp","href":"https:\/\/api.w.org\/{rel}","templated":true}]}}